{"id":135268,"date":"2025-09-24T04:13:08","date_gmt":"2025-09-24T04:13:08","guid":{"rendered":"https:\/\/www.europesays.com\/es\/135268\/"},"modified":"2025-09-24T04:13:08","modified_gmt":"2025-09-24T04:13:08","slug":"abandonar-a-seren-y-a-sus-nietos-para-ocultar-su-enfermedad","status":"publish","type":"post","link":"https:\/\/www.europesays.com\/es\/135268\/","title":{"rendered":"abandonar a Seren y a sus nietos para ocultar su enfermedad"},"content":{"rendered":"<p>Justo cuando <b>Seren <\/b>sent\u00eda que por fin estaba conectando con su madre, <b>Efsun <\/b>le ha soltado la bomba: se marcha del pa\u00eds por dos a\u00f1os. La noticia ha ca\u00eddo como un jarro de agua fr\u00eda sobre <b>Seren<\/b>, que no ha podido contenerse. \u201c\u00bfQu\u00e9 voy a hacer con los recuerdos que no podr\u00e9 crear contigo?\u201d, le ha preguntado.<\/p>\n<p>Con el coraz\u00f3n roto, le ha echado en cara todo lo que se perder\u00e1: \u201cTe perder\u00e1s sus primeros pasos. Te perder\u00e1s sus primeras palabras, su primera sonrisa. Los ni\u00f1os crecer\u00e1n sin conocer tu olor\u201d. Pero <b>Efsun <\/b>ha intentado ser fr\u00eda, dici\u00e9ndole que con el olor de su madre es suficiente.<\/p>\n<p>Al ver que ya ten\u00eda hasta el billete de avi\u00f3n, <b>Seren<\/b> ha comprendido que no hab\u00eda marcha atr\u00e1s. \u201cAdi\u00f3s, mam\u00e1. Que tengas un buen viaje. Yo me despido hoy\u201d.<\/p>\n<p><b>Efsun<\/b>, rota por dentro, le ha pedido un \u00faltimo abrazo, pero la respuesta de <b>Seren <\/b>ha sido la m\u00e1s cruel de todas: \u201cNo. Nada de abrazos, mam\u00e1. Porque cada vez que te abrazo me duele. \u00bfVale?\u201d. Una despedida muy dura que deja a <b>Efsun <\/b><b><a title=\"sola con su secreto\" href=\"https:\/\/www.antena3.com\/series\/renacer\/medico-comunica-efsun-peor-noticias-padece-enfermedad-incurable_2025091668c895a3ca99f73feefdf214.html\" target=\"_blank\" rel=\"nofollow noopener\">sola con su secreto<\/a><\/b>, habiendo conseguido alejar a su hija para protegerla, pero a un precio terrible.<\/p>\n","protected":false},"excerpt":{"rendered":"Justo cuando Seren sent\u00eda que por fin estaba conectando con su madre, Efsun le ha soltado la bomba:&hellip;\n","protected":false},"author":2,"featured_media":135269,"comment_status":"","ping_status":"","sticky":false,"template":"","format":"standard","meta":{"footnotes":""},"categories":[174],"tags":[255,146,147,25,24,256,23],"class_list":{"0":"post-135268","1":"post","2":"type-post","3":"status-publish","4":"format-standard","5":"has-post-thumbnail","7":"category-famosos","8":"tag-celebrities","9":"tag-entertainment","10":"tag-entretenimiento","11":"tag-es","12":"tag-espana","13":"tag-famosos","14":"tag-spain"},"share_on_mastodon":{"url":"","error":""},"_links":{"self":[{"href":"https:\/\/www.europesays.com\/es\/wp-json\/wp\/v2\/posts\/135268","targetHints":{"allow":["GET"]}}],"collection":[{"href":"https:\/\/www.europesays.com\/es\/wp-json\/wp\/v2\/posts"}],"about":[{"href":"https:\/\/www.europesays.com\/es\/wp-json\/wp\/v2\/types\/post"}],"author":[{"embeddable":true,"href":"https:\/\/www.europesays.com\/es\/wp-json\/wp\/v2\/users\/2"}],"replies":[{"embeddable":true,"href":"https:\/\/www.europesays.com\/es\/wp-json\/wp\/v2\/comments?post=135268"}],"version-history":[{"count":0,"href":"https:\/\/www.europesays.com\/es\/wp-json\/wp\/v2\/posts\/135268\/revisions"}],"wp:featuredmedia":[{"embeddable":true,"href":"https:\/\/www.europesays.com\/es\/wp-json\/wp\/v2\/media\/135269"}],"wp:attachment":[{"href":"https:\/\/www.europesays.com\/es\/wp-json\/wp\/v2\/media?parent=135268"}],"wp:term":[{"taxonomy":"category","embeddable":true,"href":"https:\/\/www.europesays.com\/es\/wp-json\/wp\/v2\/categories?post=135268"},{"taxonomy":"post_tag","embeddable":true,"href":"https:\/\/www.europesays.com\/es\/wp-json\/wp\/v2\/tags?post=135268"}],"curies":[{"name":"wp","href":"https:\/\/api.w.org\/{rel}","templated":true}]}}