{"id":135270,"date":"2025-09-24T04:15:27","date_gmt":"2025-09-24T04:15:27","guid":{"rendered":"https:\/\/www.europesays.com\/es\/135270\/"},"modified":"2025-09-24T04:15:27","modified_gmt":"2025-09-24T04:15:27","slug":"luz-gabas-inicia-en-huesca-la-gira-de-presentaciones-de-su-ultima-obra-corazon-de-oro","status":"publish","type":"post","link":"https:\/\/www.europesays.com\/es\/135270\/","title":{"rendered":"Luz Gab\u00e1s inicia en Huesca la gira de presentaciones de su \u00faltima obra, &#8216;Coraz\u00f3n de oro&#8217;"},"content":{"rendered":"<p class=\"article-text\">\n        La escritora altoaragonesa Luz Gab\u00e1s ha iniciado este lunes en la Diputaci\u00f3n Provincial de Huesca la gira de presentaciones de su nueva novela, &#8216;Coraz\u00f3n de oro&#8217;, publicada por Editorial Planeta.\n    <\/p>\n<p class=\"article-text\">\n        Se trata de una historia ambientada en la California del siglo XIX y que a lo largo de 500 p\u00e1ginas propone al lector una trepidante aventura, con el sello narrativo caracter\u00edstico de la autora.\n    <\/p>\n<p class=\"article-text\">\n        El sal\u00f3n de actos de la instituci\u00f3n provincial ha reunido a un centenar de personas que han querido acompa\u00f1ar a la Premio Planeta 2022 en este esperado reencuentro literario con su provincia.\n    <\/p>\n<p class=\"article-text\">\n        En el acto, Gab\u00e1s ha estado acompa\u00f1ada por el presidente de la DPH, Isaac Claver, quien ha destacado que \u201ces una autora de referencia nacional para las letras aragonesas, y un orgullo para esta tierra que hoy vuelve a presentar aqu\u00ed una obra que seguro est\u00e1 llamada a emocionar a miles de personas\u201d. Tambi\u00e9n ha asistido al acto el diputado de Cultura, Carlos Samp\u00e9riz.\n    <\/p>\n<p class=\"article-text\">\n        La autora ha compartido con su fiel p\u00fablico algunas claves de la obra y del proceso creativo en una conversaci\u00f3n con la periodista Esther P. Nogarol, y ha subrayado que \u201cen la novela hay tambi\u00e9n pinceladas de nuestra tierra; incluso el nombre del protagonista, Lori\u00e9n, conecta con las ra\u00edces altoaragonesas que siempre me acompa\u00f1an al escribir\u201d.\n    <\/p>\n<p class=\"article-text\">\n        Tras su paso por la capital altoaragonesa, Luz Gab\u00e1s continuar\u00e1 la ronda de presentaciones en la provincia, con citas previstas en Monz\u00f3n este jueves y en Barbastro el viernes.\n    <\/p>\n","protected":false},"excerpt":{"rendered":"La escritora altoaragonesa Luz Gab\u00e1s ha iniciado este lunes en la Diputaci\u00f3n Provincial de Huesca la gira de&hellip;\n","protected":false},"author":2,"featured_media":135271,"comment_status":"","ping_status":"","sticky":false,"template":"","format":"standard","meta":{"footnotes":""},"categories":[172],"tags":[517,4499,224,13616,13612,13613,146,147,25,24,13617,1265,225,13615,13614,952,492,23,12731,491],"class_list":{"0":"post-135270","1":"post","2":"type-post","3":"status-publish","4":"format-standard","5":"has-post-thumbnail","7":"category-libros","8":"tag-actualidad","9":"tag-aragon","10":"tag-books","11":"tag-celia-soria","12":"tag-eldiario","13":"tag-elprismatico","14":"tag-entertainment","15":"tag-entretenimiento","16":"tag-es","17":"tag-espana","18":"tag-fernando-garcia-mongay","19":"tag-huesca","20":"tag-libros","21":"tag-marimar-cabrera","22":"tag-oscar-f-civieta","23":"tag-politica","24":"tag-sociedad","25":"tag-spain","26":"tag-teruel","27":"tag-zaragoza"},"share_on_mastodon":{"url":"","error":""},"_links":{"self":[{"href":"https:\/\/www.europesays.com\/es\/wp-json\/wp\/v2\/posts\/135270","targetHints":{"allow":["GET"]}}],"collection":[{"href":"https:\/\/www.europesays.com\/es\/wp-json\/wp\/v2\/posts"}],"about":[{"href":"https:\/\/www.europesays.com\/es\/wp-json\/wp\/v2\/types\/post"}],"author":[{"embeddable":true,"href":"https:\/\/www.europesays.com\/es\/wp-json\/wp\/v2\/users\/2"}],"replies":[{"embeddable":true,"href":"https:\/\/www.europesays.com\/es\/wp-json\/wp\/v2\/comments?post=135270"}],"version-history":[{"count":0,"href":"https:\/\/www.europesays.com\/es\/wp-json\/wp\/v2\/posts\/135270\/revisions"}],"wp:featuredmedia":[{"embeddable":true,"href":"https:\/\/www.europesays.com\/es\/wp-json\/wp\/v2\/media\/135271"}],"wp:attachment":[{"href":"https:\/\/www.europesays.com\/es\/wp-json\/wp\/v2\/media?parent=135270"}],"wp:term":[{"taxonomy":"category","embeddable":true,"href":"https:\/\/www.europesays.com\/es\/wp-json\/wp\/v2\/categories?post=135270"},{"taxonomy":"post_tag","embeddable":true,"href":"https:\/\/www.europesays.com\/es\/wp-json\/wp\/v2\/tags?post=135270"}],"curies":[{"name":"wp","href":"https:\/\/api.w.org\/{rel}","templated":true}]}}