{"id":135272,"date":"2025-09-24T04:16:04","date_gmt":"2025-09-24T04:16:04","guid":{"rendered":"https:\/\/www.europesays.com\/es\/135272\/"},"modified":"2025-09-24T04:16:04","modified_gmt":"2025-09-24T04:16:04","slug":"el-poder-intenta-engullir-a-quien-le-incomoda","status":"publish","type":"post","link":"https:\/\/www.europesays.com\/es\/135272\/","title":{"rendered":"El poder intenta engullir a qui\u00e9n le incomoda"},"content":{"rendered":"<p><b>Pedro J. Ram\u00edrez<\/b> ha estado en El Hormiguero para repasar su trayectoria y compartir reflexiones sobre el periodismo y la actualidad. Su mirada cr\u00edtica y su experiencia han dado lugar a un encuentro muy interesante.<\/p>\n<p>El director de uno de los peri\u00f3dicos m\u00e1s le\u00eddos de Espa\u00f1a ha acudido al plat\u00f3 para presentar su libro de memorias en el que habla sobre la influencia que tiene el poder en los medios de comunicaci\u00f3n y Pablo Motos no ha perdido la oportunidad de preguntarle por la manera en la que tiene el Gobierno de presionar a los periodistas.<\/p>\n<p>Pedro ha asegurado que, o bien mandan muchos controles de hacienda, o env\u00edan a sicarios medi\u00e1ticos para hundir la reputaci\u00f3n de quien le incomode. El comunicador ha dicho que \u00abel gran deber c\u00edvico de la sociedad\u00bb es encontrar la manera de ponerle l\u00edmites al poder y ha aprovechado para criticar la gesti\u00f3n de Pedro S\u00e1nchez afirmando que las pr\u00f3ximas elecciones ser\u00e1n las \u00abm\u00e1s importantes de la historia de la democracia en Espa\u00f1a\u00bb.<\/p>\n","protected":false},"excerpt":{"rendered":"Pedro J. Ram\u00edrez ha estado en El Hormiguero para repasar su trayectoria y compartir reflexiones sobre el periodismo&hellip;\n","protected":false},"author":2,"featured_media":135273,"comment_status":"","ping_status":"","sticky":false,"template":"","format":"standard","meta":{"footnotes":""},"categories":[171],"tags":[146,147,25,24,23,214],"class_list":{"0":"post-135272","1":"post","2":"type-post","3":"status-publish","4":"format-standard","5":"has-post-thumbnail","7":"category-tv","8":"tag-entertainment","9":"tag-entretenimiento","10":"tag-es","11":"tag-espana","12":"tag-spain","13":"tag-tv"},"share_on_mastodon":{"url":"","error":""},"_links":{"self":[{"href":"https:\/\/www.europesays.com\/es\/wp-json\/wp\/v2\/posts\/135272","targetHints":{"allow":["GET"]}}],"collection":[{"href":"https:\/\/www.europesays.com\/es\/wp-json\/wp\/v2\/posts"}],"about":[{"href":"https:\/\/www.europesays.com\/es\/wp-json\/wp\/v2\/types\/post"}],"author":[{"embeddable":true,"href":"https:\/\/www.europesays.com\/es\/wp-json\/wp\/v2\/users\/2"}],"replies":[{"embeddable":true,"href":"https:\/\/www.europesays.com\/es\/wp-json\/wp\/v2\/comments?post=135272"}],"version-history":[{"count":0,"href":"https:\/\/www.europesays.com\/es\/wp-json\/wp\/v2\/posts\/135272\/revisions"}],"wp:featuredmedia":[{"embeddable":true,"href":"https:\/\/www.europesays.com\/es\/wp-json\/wp\/v2\/media\/135273"}],"wp:attachment":[{"href":"https:\/\/www.europesays.com\/es\/wp-json\/wp\/v2\/media?parent=135272"}],"wp:term":[{"taxonomy":"category","embeddable":true,"href":"https:\/\/www.europesays.com\/es\/wp-json\/wp\/v2\/categories?post=135272"},{"taxonomy":"post_tag","embeddable":true,"href":"https:\/\/www.europesays.com\/es\/wp-json\/wp\/v2\/tags?post=135272"}],"curies":[{"name":"wp","href":"https:\/\/api.w.org\/{rel}","templated":true}]}}