{"id":135303,"date":"2025-09-24T04:41:09","date_gmt":"2025-09-24T04:41:09","guid":{"rendered":"https:\/\/www.europesays.com\/es\/135303\/"},"modified":"2025-09-24T04:41:09","modified_gmt":"2025-09-24T04:41:09","slug":"isla-johnston-la-nueva-juana-de-arco-como-sera-la-superproduccion-que-busca-reinventar-la-leyenda","status":"publish","type":"post","link":"https:\/\/www.europesays.com\/es\/135303\/","title":{"rendered":"Isla Johnston, la nueva Juana de Arco: c\u00f3mo ser\u00e1 la superproducci\u00f3n que busca reinventar la leyenda"},"content":{"rendered":"<p><img alt=\"Isla Johnston protagoniza la nueva\" class=\"global-image\" decoding=\"async\" fetchpriority=\"high\" height=\"1101\" loading=\"eager\" src=\"https:\/\/www.europesays.com\/es\/wp-content\/uploads\/2025\/09\/T3A47TITGVGNLFNFL6VHMMUAMI.jpg\" width=\"1651\"\/>Isla Johnston protagoniza la nueva pel\u00edcula de Baz Luhrmann sobre Juana de Arco, &#8216;Jehanne d\u2019Arc&#8217;<\/p>\n<p class=\"paragraph\">La elecci\u00f3n de <b>Isla Johnston<\/b> como protagonista de la pr\u00f3xima pel\u00edcula de <a href=\"https:\/\/www.infobae.com\/entretenimiento\/2025\/09\/14\/el-director-de-romeo-julieta-revelo-por-que-eligio-a-leonardo-dicaprio-para-el-papel-principal\/\" target=\"_blank\" rel=\"noreferrer nofollow noopener\" title=\"https:\/\/www.infobae.com\/entretenimiento\/2025\/09\/14\/el-director-de-romeo-julieta-revelo-por-que-eligio-a-leonardo-dicaprio-para-el-papel-principal\/\"><b>Baz Luhrmann<\/b><\/a> sobre <a href=\"https:\/\/www.infobae.com\/historia\/2023\/05\/30\/juana-de-arco-la-campesina-analfabeta-que-quemaron-viva-en-la-hoguera-le-atribuyeron-tres-milagros-y-se-convirtio-en-santa\/\" target=\"_blank\" rel=\"noreferrer nofollow noopener\" title=\"https:\/\/www.infobae.com\/historia\/2023\/05\/30\/juana-de-arco-la-campesina-analfabeta-que-quemaron-viva-en-la-hoguera-le-atribuyeron-tres-milagros-y-se-convirtio-en-santa\/\"><b>Juana de Arco<\/b><\/a> gener\u00f3 gran expectaci\u00f3n en la industria cinematogr\u00e1fica internacional. Con solo 18 a\u00f1os, la joven actriz brit\u00e1nica encabezar\u00e1 el reparto de \u201c<b>Jehanne d\u2019Arc<\/b>\u201d, t\u00edtulo provisional del ambicioso proyecto que comenzar\u00e1 su rodaje en 2026. <\/p>\n<p class=\"paragraph\">El anuncio marca un hito tanto para la carrera de Johnston como para la visi\u00f3n contempor\u00e1nea que Luhrmann busca imprimir a la legendaria figura francesa, seg\u00fan detall\u00f3 Vogue.<\/p>\n<p class=\"paragraph\">El proyecto, respaldado por <b>Warner Bros.<\/b> y con un equipo creativo de primer nivel, se propone narrar la vida de Juana de Arco desde una perspectiva renovada. La historia se centrar\u00e1 en la adolescente de Domr\u00e9my que, guiada por visiones y voces divinas, desafi\u00f3 las convenciones de su \u00e9poca y lider\u00f3 a Francia en un momento crucial de la Guerra de los Cien A\u00f1os. <\/p>\n<p><img alt=\"El filme busca redefinir la\" class=\"global-image\" decoding=\"async\" fetchpriority=\"low\" height=\"2400\" loading=\"lazy\" src=\"https:\/\/www.europesays.com\/es\/wp-content\/uploads\/2025\/09\/I6P7NNAN7VGWXJ5F4J3QCPFO24.webp\" width=\"1920\"\/>El filme busca redefinir la imagen de la hero\u00edna francesa con una visi\u00f3n contempor\u00e1nea y audaz<\/p>\n<p class=\"paragraph\">Luhrmann, conocido por su <b>estilo visual<\/b> y narrativo audaz, subray\u00f3 la importancia de mostrar a Juana como una joven real, m\u00e1s all\u00e1 del mito o la leyenda. \u201cSi Carlos VII hubiera huido, todos estar\u00edamos comiendo s\u00e1ndwiches ingleses en Francia. No habr\u00eda m\u00e1s baguettes. \u00bfPuedes imaginar esa realidad devastadora?\u201d, brome\u00f3.<\/p>\n<p class=\"paragraph\"><b>Isla Johnston<\/b>, cuya carrera despeg\u00f3 tras interpretar a la joven Beth Harmon en la exitosa serie de Netflix Gambito de dama, se perfila como una de las grandes revelaciones del cine europeo. Nacida y criada en una granja del sureste de <b>Inglaterra<\/b>, la joven creci\u00f3 entre campos de trigo, cebada, colza y remolacha azucarera. <\/p>\n<p class=\"paragraph\">Desde peque\u00f1a mostr\u00f3 inter\u00e9s por la actuaci\u00f3n, participando en un programa infantil de Shakespeare donde interpret\u00f3 a Lady Macbeth. A los ocho a\u00f1os, tras una audici\u00f3n para \u201cJurassic World\u201d, un director de casting sugiri\u00f3 a su madre que buscara un agente para ella. <\/p>\n<p><img alt=\"Johnston, reconocida por 'Gambito de\" class=\"global-image\" decoding=\"async\" fetchpriority=\"low\" height=\"562\" loading=\"lazy\" src=\"https:\/\/www.europesays.com\/es\/wp-content\/uploads\/2025\/09\/CGZEXF3KJBGM3HX5CNUSOTITJM.jpg\" width=\"1000\"\/>Johnston, reconocida por &#8216;Gambito de dama&#8217;, asume el reto de encarnar a Juana de Arco en su primer gran papel protag\u00f3nico<\/p>\n<p class=\"paragraph\">Aunque su escuela era peque\u00f1a y el teatro no formaba parte del curr\u00edculo, Johnston encontr\u00f3 en la interpretaci\u00f3n una vocaci\u00f3n que la llev\u00f3 a obtener papeles menores antes de su gran oportunidad en <b>Gambito de dama<\/b>.<\/p>\n<p class=\"paragraph\">El \u00e9xito de la serie la catapult\u00f3 a la <b>atenci\u00f3n internacional<\/b>, pero Johnston opt\u00f3 por priorizar sus estudios, completando sus A levels en arte dram\u00e1tico, historia del arte e historia, y obteniendo la m\u00e1xima calificaci\u00f3n en drama. <\/p>\n<p class=\"paragraph\">\u201c<b>Me tom\u00f3 bastante tiempo darme cuenta de que esto es lo que quiero hacer<\/b>\u201d, confes\u00f3 a Vogue. Decidida a dedicarse plenamente a la actuaci\u00f3n durante dos a\u00f1os, la oportunidad de audicionar para el papel de Juana de Arco lleg\u00f3 en el momento justo.<\/p>\n<p><img alt=\"La investigaci\u00f3n hist\u00f3rica y la\" class=\"global-image\" decoding=\"async\" fetchpriority=\"low\" height=\"2022\" loading=\"lazy\" src=\"https:\/\/www.europesays.com\/es\/wp-content\/uploads\/2025\/09\/TOPX47TLANAVRB46RTAMOSTUG4.jpg\" width=\"1348\"\/>La investigaci\u00f3n hist\u00f3rica y la colaboraci\u00f3n creativa marcan el desarrollo del proyecto cinematogr\u00e1fico<\/p>\n<p class=\"paragraph\">El proceso de selecci\u00f3n para \u201cJehanne d\u2019Arc\u201d fue tan exigente como inusual. Baz Luhrmann y la guionista <b>Ava Pickett<\/b>, reconocida por su obra \u201c1536\u201d, dise\u00f1aron audiciones que combinaban textos cl\u00e1sicos, como fragmentos de \u201cSanta Juana\u201d de George Bernard Shaw, con mon\u00f3logos contempor\u00e1neos, como uno de \u201cFleabag\u201d. <\/p>\n<p class=\"paragraph\">El objetivo era encontrar a una actriz capaz de encarnar tanto la fuerza hist\u00f3rica como la energ\u00eda adolescente del personaje. \u201c<b>Ella tom\u00f3 estas escenas y simplemente se lanz\u00f3<\/b>\u201d, relat\u00f3 Pickett sobre la audici\u00f3n de Johnston, en palabras recogidas por Vogue. <\/p>\n<p class=\"paragraph\">Luhrmann, por su parte, buscaba a alguien con resistencia f\u00edsica y naturalidad frente a los caballos, adem\u00e1s de una presencia capaz de portar armadura y transmitir la audacia de una joven en medio de la batalla.<\/p>\n<p><img alt=\"El proceso de selecci\u00f3n incluy\u00f3\" class=\"global-image\" decoding=\"async\" fetchpriority=\"low\" height=\"563\" loading=\"lazy\" src=\"https:\/\/www.europesays.com\/es\/wp-content\/uploads\/2025\/09\/ZDTNQLJMQZGUTMMT4RJHH2XRLM.jpg\" width=\"1000\"\/>El proceso de selecci\u00f3n incluy\u00f3 audiciones exigentes con textos cl\u00e1sicos y mon\u00f3logos contempor\u00e1neos<\/p>\n<p class=\"paragraph\">La preparaci\u00f3n del guion y la ambientaci\u00f3n implic\u00f3 una investigaci\u00f3n exhaustiva. Luhrmann y Pickett consultaron a expertos y recorrieron lugares emblem\u00e1ticos de Francia, como Par\u00eds y Ruan, para captar la atm\u00f3sfera que rode\u00f3 a Juana de Arco. <\/p>\n<p class=\"paragraph\"><b>Catherine Martin<\/b>, productora y colaboradora habitual de Luhrmann, elabor\u00f3 un estudio enciclop\u00e9dico sobre la \u00e9poca, abarcando desde razas de perros y caballos medievales hasta detalles de mobiliario y vestimenta. <\/p>\n<p class=\"paragraph\">Martin explic\u00f3 que la elecci\u00f3n de Juana de vestir ropa masculina respond\u00eda, entre otras razones, a la dificultad que supon\u00eda desvestir a alguien contra su voluntad debido a los cordones que ataban las prendas.<\/p>\n<p><img alt=\"El equipo creativo, respaldado por\" class=\"global-image\" decoding=\"async\" fetchpriority=\"low\" height=\"984\" loading=\"lazy\" src=\"https:\/\/www.europesays.com\/es\/wp-content\/uploads\/2025\/09\/3MZ45ZZ5YRBMPEB5ZYP7YZVS7M.jpg\" width=\"1312\"\/>El equipo creativo, respaldado por Warner Bros., realiz\u00f3 una exhaustiva investigaci\u00f3n sobre la \u00e9poca medieval (Cuadro de J.E. Lenepveu)<\/p>\n<p class=\"paragraph\">La figura de <b>Juana de Arco<\/b> fue objeto de m\u00faltiples adaptaciones cinematogr\u00e1ficas y literarias, con interpretaciones memorables de actrices como Maria Falconetti, Ingrid Bergman y Milla Jovovich. <\/p>\n<p class=\"paragraph\">Su historia inspir\u00f3 a escritores como Voltaire y Mark Twain, y su imagen sigue presente en la cultura popular, como se evidenci\u00f3 en la clausura de los <b>Juegos Ol\u00edmpicos de 2024<\/b>. <\/p>\n<p class=\"paragraph\">Johnston, consciente del peso hist\u00f3rico y simb\u00f3lico del personaje, reconoci\u00f3 el desaf\u00edo que implica dar vida a una figura tan enigm\u00e1tica: \u201c<b>Nadie en la historia sabe realmente c\u00f3mo hizo lo que hizo<\/b>\u201d, afirm\u00f3 en entrevista con Vogue.<\/p>\n<p><img alt=\"La pel\u00edcula podr\u00eda impulsar la\" class=\"global-image\" decoding=\"async\" fetchpriority=\"low\" height=\"1080\" loading=\"lazy\" src=\"https:\/\/www.europesays.com\/es\/wp-content\/uploads\/2025\/09\/TGQA7HWIMZFQRKXNFWI5DBCYTY.jpg\" width=\"1920\"\/>La pel\u00edcula podr\u00eda impulsar la carrera internacional de Isla Johnston y renovar el inter\u00e9s por la figura de Juana de Arco (Bettmann)<\/p>\n<p class=\"paragraph\">El impacto potencial de \u201cJehanne d\u2019Arc\u201d en la carrera de Johnston es considerable. El propio Luhrmann destac\u00f3 su capacidad para descubrir talentos emergentes, como ocurri\u00f3 con <b>Leonardo DiCaprio<\/b> y <b>Claire Danes<\/b> en \u201cRomeo + Julieta\u201d o <b>Austin Butler<\/b> en \u201cElvis\u201d. <\/p>\n<p class=\"paragraph\">El equipo de dise\u00f1o de vestuario, que incluye a firmas como <b>Loewe<\/b>, <b>Erdem<\/b> y <b>McQueen<\/b>, ya elogi\u00f3 la presencia de Johnston, describi\u00e9ndola como portadora de \u201c<b>una frescura y una fuerza tranquila que transmiten esperanza y posibilidades<\/b>\u201d. <\/p>\n<p class=\"paragraph\">Mientras se prepara para su primer rodaje en Am\u00e9rica y recorre museos y galer\u00edas junto a su madre, la actriz se enfrenta a un futuro lleno de oportunidades.<\/p>\n<p class=\"paragraph\">De cara al inicio de la <b>producci\u00f3n<\/b>, Luhrmann reflexion\u00f3 sobre el camino que se abre para Johnston y el equipo: existen muchas puertas por descubrir, y aunque el director puede guiarlos hasta el umbral, ser\u00e1 la joven actriz quien decida c\u00f3mo atravesarlas y qu\u00e9 encontrar\u00e1 al otro lado, seg\u00fan comparti\u00f3 con Vogue.<\/p>\n","protected":false},"excerpt":{"rendered":"Isla Johnston protagoniza la nueva pel\u00edcula de Baz Luhrmann sobre Juana de Arco, &#8216;Jehanne d\u2019Arc&#8217; La elecci\u00f3n de&hellip;\n","protected":false},"author":2,"featured_media":135304,"comment_status":"","ping_status":"","sticky":false,"template":"","format":"standard","meta":{"footnotes":""},"categories":[169],"tags":[42927,17264,177,42928,42929,146,147,25,24,176,41756,42930,42931,42932,175,42933,19809,42934,23],"class_list":{"0":"post-135303","1":"post","2":"type-post","3":"status-publish","4":"format-standard","5":"has-post-thumbnail","7":"category-cine","8":"tag-body-armorcb3","9":"tag-caucasian-ethnicitycb2","10":"tag-cine","11":"tag-couragecb2","12":"tag-determinationcb1","13":"tag-entertainment","14":"tag-entretenimiento","15":"tag-es","16":"tag-espana","17":"tag-film","18":"tag-fine-artcb2","19":"tag-frenchcb2","20":"tag-half-lengthcb2","21":"tag-looking-at-cameracb1","22":"tag-movies","23":"tag-one-personcb1","24":"tag-portraitcb2","25":"tag-saint-joan-of-arccb3","26":"tag-spain"},"share_on_mastodon":{"url":"","error":""},"_links":{"self":[{"href":"https:\/\/www.europesays.com\/es\/wp-json\/wp\/v2\/posts\/135303","targetHints":{"allow":["GET"]}}],"collection":[{"href":"https:\/\/www.europesays.com\/es\/wp-json\/wp\/v2\/posts"}],"about":[{"href":"https:\/\/www.europesays.com\/es\/wp-json\/wp\/v2\/types\/post"}],"author":[{"embeddable":true,"href":"https:\/\/www.europesays.com\/es\/wp-json\/wp\/v2\/users\/2"}],"replies":[{"embeddable":true,"href":"https:\/\/www.europesays.com\/es\/wp-json\/wp\/v2\/comments?post=135303"}],"version-history":[{"count":0,"href":"https:\/\/www.europesays.com\/es\/wp-json\/wp\/v2\/posts\/135303\/revisions"}],"wp:featuredmedia":[{"embeddable":true,"href":"https:\/\/www.europesays.com\/es\/wp-json\/wp\/v2\/media\/135304"}],"wp:attachment":[{"href":"https:\/\/www.europesays.com\/es\/wp-json\/wp\/v2\/media?parent=135303"}],"wp:term":[{"taxonomy":"category","embeddable":true,"href":"https:\/\/www.europesays.com\/es\/wp-json\/wp\/v2\/categories?post=135303"},{"taxonomy":"post_tag","embeddable":true,"href":"https:\/\/www.europesays.com\/es\/wp-json\/wp\/v2\/tags?post=135303"}],"curies":[{"name":"wp","href":"https:\/\/api.w.org\/{rel}","templated":true}]}}