{"id":135312,"date":"2025-09-24T04:47:08","date_gmt":"2025-09-24T04:47:08","guid":{"rendered":"https:\/\/www.europesays.com\/es\/135312\/"},"modified":"2025-09-24T04:47:08","modified_gmt":"2025-09-24T04:47:08","slug":"turquia-y-egipto-envian-un-mensaje-a-israel-con-sus-primeras-maniobras-navales-en-13-anos-internacional","status":"publish","type":"post","link":"https:\/\/www.europesays.com\/es\/135312\/","title":{"rendered":"Turqu\u00eda y Egipto env\u00edan un mensaje a Israel con sus primeras maniobras navales en 13 a\u00f1os | Internacional"},"content":{"rendered":"<p class=\"\">Las dos mayores fuerzas navales de Oriente Pr\u00f3ximo en n\u00famero de efectivos, embarcaciones y poder de fuego \u2014la turca y la egipcia\u2014 han iniciado esta semana ejercicios conjuntos en aguas del Mediterr\u00e1neo Oriental. Unas maniobras militares que revelan la creciente soledad de Israel en la regi\u00f3n por sus ataques en Gaza y la masacre de palestinos, que numerosas instituciones y expertos, y <a href=\"https:\/\/elpais.com\/internacional\/2025-09-15\/una-coalicion-de-mas-de-50-paises-arabes-e-islamicos-acusa-a-israel-de-genocidio-limpieza-etnica-y-hambruna.html\" rel=\"nofollow noopener\" target=\"_blank\">cada vez m\u00e1s gobiernos<\/a>, <a href=\"https:\/\/elpais.com\/internacional\/2025-09-16\/una-comision-de-la-onu-acusa-a-israel-de-genocidio-en-gaza.html\" rel=\"nofollow noopener\" target=\"_blank\">no dudan en calificar de genocidio<\/a>. <\/p>\n<p class=\"\">A principios de esta d\u00e9cada, Israel disfrutaba de la posici\u00f3n m\u00e1s ventajosa de su historia en cuanto a sus alianzas en Oriente Pr\u00f3ximo. Hab\u00eda estrechado sus lazos con numerosos pa\u00edses de la regi\u00f3n gracias a <a href=\"https:\/\/elpais.com\/internacional\/2020-08-13\/israel-y-emiratos-arabes-unidos-alcanzan-un-historico-acuerdo-de-normalizacion-de-relaciones.html\" rel=\"nofollow noopener\" target=\"_blank\">los Acuerdos de Abraham<\/a> \u2014promocionados por la primera Administraci\u00f3n de Donald Trump (2017-2021)\u2014 y a la colaboraci\u00f3n con sus vecinos <a href=\"https:\/\/elpais.com\/internacional\/2016\/01\/27\/actualidad\/1453926222_316066.html\" rel=\"nofollow noopener\" target=\"_blank\">en la explotaci\u00f3n de sus abundantes reservas de gas submarino<\/a>. En el Mediterr\u00e1neo Oriental se hab\u00eda forjado un poderoso <a href=\"https:\/\/elpais.com\/internacional\/2019\/12\/27\/actualidad\/1577467159_185464.html\" rel=\"nofollow noopener\" target=\"_blank\">eje pol\u00edtico y militar entre Israel, Egipto, Grecia y Chipre<\/a> (apoyado por Emiratos \u00c1rabes Unidos, Arabia Saud\u00ed y Francia) para hacer frente a lo que consideraban <a href=\"https:\/\/elpais.com\/internacional\/2020-10-01\/turquia-un-socio-cada-vez-mas-agresivo.html\" rel=\"nofollow noopener\" target=\"_blank\">un creciente expansionismo de Turqu\u00eda<\/a>. Este eje, sin embargo, comenz\u00f3 a debilitarse a medida que Ankara \u2014consciente de su sobrevenida soledad\u2014 recompon\u00eda las <a href=\"https:\/\/elpais.com\/internacional\/2021-03-12\/turquia-retoma-relaciones-con-egipto-para-romper-su-soledad-en-las-disputas-del-mediterraneo-oriental.html\" rel=\"nofollow noopener\" target=\"_blank\">relaciones con sus vecinos<\/a>. Y termin\u00f3 completamente dinamitado con la campa\u00f1a de destrucci\u00f3n lanzada por Benjam\u00edn Netanyahu en respuesta a los atentados de Ham\u00e1s de octubre de 2023.<\/p>\n<p class=\"\">\u201cLas acciones de Israel tras el 7 de octubre, las masacres que ha cometido contra los palestinos sin ning\u00fan sentido de la proporcionalidad, han causado una inmensa ruptura emocional y pol\u00edtica. Estamos en los inicios de una nueva era que ha cambiado los enfoques geopol\u00edticos, de seguridad y estrat\u00e9gicos\u201d, afirma el exmilitar y analista de seguridad turco Abdullah Agar en conversaci\u00f3n con este diario. \u201cA\u00fan es temprano para aventurar en qu\u00e9 direcci\u00f3n cambiar\u00e1 el equilibrio geopol\u00edtico de Oriente Pr\u00f3ximo, pero estas maniobras entre Turqu\u00eda y Egipto son extremadamente importantes en este sentido, ya que muestran la intenci\u00f3n de las fuerzas armadas de ambos pa\u00edses de reforzar su presencia e influencia en la regi\u00f3n\u201d.<\/p>\n<p class=\"\">El despliegue de estos ejercicios no es demasiado espectacular: ocho embarcaciones \u2014entre ellas tres fragatas y un submarino\u2014 y nueve medios a\u00e9reos \u2014entre ellos dos cazas y dos drones militares\u2014. Seg\u00fan Agar, no obstante, servir\u00e1 para reforzar las v\u00edas de coordinaci\u00f3n entre ambos ej\u00e9rcitos. Tanto en el espacio a\u00e9reo como en el mar\u00edtimo.<\/p>\n<p class=\"\">Lo que reviste mayor importancia es que se trata de la continuaci\u00f3n de las maniobras Mar de la Amistad, cuya \u00faltima edici\u00f3n tuvo lugar en 2012, pues fueron interrumpidas tras <a href=\"https:\/\/elpais.com\/internacional\/2013\/07\/03\/actualidad\/1372839418_154017.html\" rel=\"nofollow noopener\" target=\"_blank\">el golpe de Estado de Abdelfat\u00e1 Al Sisi<\/a> que derroc\u00f3 al islamista Mohamed Morsi, estrecho aliado del mandatario turco, Recep Tayyip Erdogan.<\/p>\n<p class=\"\">Ambos pa\u00edses <a href=\"https:\/\/elpais.com\/internacional\/2020-06-24\/egipto-se-planta-frente-a-turquia-en-el-tablero-de-libia.html\" rel=\"nofollow noopener\" target=\"_blank\">se enfrentaron tambi\u00e9n \u2014de manera indirecta<\/a><a href=\"https:\/\/elpais.com\/internacional\/2020-06-24\/egipto-se-planta-frente-a-turquia-en-el-tablero-de-libia.html\" rel=\"nofollow noopener\" target=\"_blank\">\u2014<\/a><a href=\"https:\/\/elpais.com\/internacional\/2020-06-24\/egipto-se-planta-frente-a-turquia-en-el-tablero-de-libia.html\" rel=\"nofollow noopener\" target=\"_blank\"> en Libia<\/a>, donde apoyaban a bandos contrapuestos, si bien, en los \u00faltimos meses, Ankara ha reforzado sus relaciones con el bando \u2014anta\u00f1o enemigo\u2014 liderado por el mariscal Haftar, del que Al Sisi es uno de sus principales valedores. Adem\u00e1s, egipcios y turcos han firmado 17 acuerdos de cooperaci\u00f3n en el \u00faltimo a\u00f1o, incluido uno de fabricaci\u00f3n conjunta de drones militares de despegue vertical, muy utilizados por las fuerzas navales. <\/p>\n<p class=\"\">\u201cEs una advertencia a Israel y sus socios de que hay otras formas mediante las cuales Egipto y sus aliados en la regi\u00f3n pueden frustrar sus planes expansionistas\u201d, asegur\u00f3 el analista egipcio Hany Elgamal en declaraciones a la cadena p\u00fablica turca TRT World.<\/p>\n<p class=\"\">Algunos medios islamistas de Turqu\u00eda han fantaseado con que el despliegue naval turco-egipcio podr\u00eda servir de protecci\u00f3n para la nueva <a href=\"https:\/\/elpais.com\/internacional\/2025-09-23\/la-flotilla-con-ayuda-a-gaza-encara-el-tramo-final-de-su-travesia-mientras-israel-endurece-el-tono-contra-sus-integrantes.html\" rel=\"nofollow noopener\" target=\"_blank\">flotilla con ayuda a Gaza<\/a>, que parti\u00f3 de Barcelona a finales de agosto y tiene previsto alcanzar aguas palestinas esta semana. Sin embargo, los analistas militares turcos descartan esta posibilidad, tanto por las posibles consecuencias b\u00e9licas de una eventual confrontaci\u00f3n como porque las maniobras se producen en aguas de la provincia de Mugla (suroeste de Turqu\u00eda), muy lejos de la ruta prevista por la flotilla. <\/p>\n<p class=\"\">\u201cPor desgracia, Turqu\u00eda y Egipto, los pa\u00edses que controlan los estrechos turcos [que comunican el mar Negro y el Egeo] y el <a href=\"https:\/\/elpais.com\/economia\/2024-02-05\/petroleros-y-metaneros-esquivan-el-mar-rojo-rumbo-a-europa-miles-de-kilometros-y-dos-semanas-mas-de-viaje.html\" target=\"_self\" rel=\"nofollow noopener\" title=\"https:\/\/elpais.com\/economia\/2024-02-05\/petroleros-y-metaneros-esquivan-el-mar-rojo-rumbo-a-europa-miles-de-kilometros-y-dos-semanas-mas-de-viaje.html\">canal de Suez<\/a>, fueron v\u00edctimas de una ruptura ideol\u00f3gica innecesaria y han perdido mucho tiempo. Pero ahora parece que los imperativos geopol\u00edticos est\u00e1n acerc\u00e1ndolos de nuevo\u201c, sostiene <a href=\"https:\/\/elpais.com\/internacional\/2020-10-01\/los-intereses-de-turquia-son-globales-y-necesitamos-un-area-de-influencia-mayor.html\" rel=\"nofollow noopener\" target=\"_blank\">el vicealmirante turco Cem G\u00fcrdeniz<\/a>, en entrevista con EL PA\u00cdS. \u201cEgipto est\u00e1 sometido a una gran presi\u00f3n por parte de Israel, que empuja a los palestinos hacia su frontera, as\u00ed que El Cairo necesita amigos\u201d.<\/p>\n<p class=\"\">Seg\u00fan este oficial en la reserva, diversas capitales de la regi\u00f3n han empezado a mover ficha ante las pol\u00edticas expansionistas de Israel, y sus ataques a L\u00edbano, Ir\u00e1n, Siria y Qatar, y pone como ejemplo el \u201crevolucionario\u201d pacto de defensa mutua firmado la semana pasada entre Arabia Saud\u00ed y Pakist\u00e1n. \u201cEl equilibrio de poder est\u00e1 cambiando en Asia Occidental, el Levante y el Norte de \u00c1frica\u201d, concluye G\u00fcrdeniz.<\/p>\n","protected":false},"excerpt":{"rendered":"Las dos mayores fuerzas navales de Oriente Pr\u00f3ximo en n\u00famero de efectivos, embarcaciones y poder de fuego \u2014la&hellip;\n","protected":false},"author":2,"featured_media":135313,"comment_status":"","ping_status":"","sticky":false,"template":"","format":"standard","meta":{"footnotes":""},"categories":[42],"tags":[17,18,68,70,71,72,5284,13,14,73,69,75,11,61,62,63,64,74,19,20,9,10,15,16,77,76,35842,12,8584,21,22,65,66,67],"class_list":{"0":"post-135312","1":"post","2":"type-post","3":"status-publish","4":"format-standard","5":"has-post-thumbnail","7":"category-internacional","8":"tag-breaking-news","9":"tag-breakingnews","10":"tag-conflicto-arabe-israeli","11":"tag-conflictos","12":"tag-conflictos-armados","13":"tag-conflictos-internacionales","14":"tag-egipto","15":"tag-featured-news","16":"tag-featurednews","17":"tag-franja-gaza","18":"tag-guerra","19":"tag-hamas","20":"tag-headlines","21":"tag-internacional","22":"tag-international","23":"tag-international-news","24":"tag-internationalnews","25":"tag-israel","26":"tag-latest-news","27":"tag-latestnews","28":"tag-news","29":"tag-noticias","30":"tag-noticias-destacadas","31":"tag-noticiasdestacadas","32":"tag-oriente-proximo","33":"tag-palestina","34":"tag-recep-tayyip-erdogan","35":"tag-titulares","36":"tag-turquia","37":"tag-ultimas-noticias","38":"tag-ultimasnoticias","39":"tag-world","40":"tag-world-news","41":"tag-worldnews"},"share_on_mastodon":{"url":"","error":""},"_links":{"self":[{"href":"https:\/\/www.europesays.com\/es\/wp-json\/wp\/v2\/posts\/135312","targetHints":{"allow":["GET"]}}],"collection":[{"href":"https:\/\/www.europesays.com\/es\/wp-json\/wp\/v2\/posts"}],"about":[{"href":"https:\/\/www.europesays.com\/es\/wp-json\/wp\/v2\/types\/post"}],"author":[{"embeddable":true,"href":"https:\/\/www.europesays.com\/es\/wp-json\/wp\/v2\/users\/2"}],"replies":[{"embeddable":true,"href":"https:\/\/www.europesays.com\/es\/wp-json\/wp\/v2\/comments?post=135312"}],"version-history":[{"count":0,"href":"https:\/\/www.europesays.com\/es\/wp-json\/wp\/v2\/posts\/135312\/revisions"}],"wp:featuredmedia":[{"embeddable":true,"href":"https:\/\/www.europesays.com\/es\/wp-json\/wp\/v2\/media\/135313"}],"wp:attachment":[{"href":"https:\/\/www.europesays.com\/es\/wp-json\/wp\/v2\/media?parent=135312"}],"wp:term":[{"taxonomy":"category","embeddable":true,"href":"https:\/\/www.europesays.com\/es\/wp-json\/wp\/v2\/categories?post=135312"},{"taxonomy":"post_tag","embeddable":true,"href":"https:\/\/www.europesays.com\/es\/wp-json\/wp\/v2\/tags?post=135312"}],"curies":[{"name":"wp","href":"https:\/\/api.w.org\/{rel}","templated":true}]}}