{"id":135314,"date":"2025-09-24T04:48:15","date_gmt":"2025-09-24T04:48:15","guid":{"rendered":"https:\/\/www.europesays.com\/es\/135314\/"},"modified":"2025-09-24T04:48:15","modified_gmt":"2025-09-24T04:48:15","slug":"educacion-dice-que-reducira-por-ley-el-numero-de-alumnos-por-aula-en-colegios-de-baja-renta-y-deja-fuera-a-la-concertada","status":"publish","type":"post","link":"https:\/\/www.europesays.com\/es\/135314\/","title":{"rendered":"Educaci\u00f3n dice que reducir\u00e1 por ley el n\u00famero de alumnos por aula en colegios de baja renta y deja fuera a la concertada"},"content":{"rendered":"<p><img decoding=\"async\" class=\"voc-author__img\" src=\"https:\/\/www.europesays.com\/es\/wp-content\/uploads\/2025\/09\/autor-4421-foto-2.jpeg\" alt=\"Beatriz L. Echazarreta\"\/><\/p>\n<p>23\/09\/2025<br \/>\n<br \/><strong><br \/>\nActualizado 24\/09\/2025 a las 04:53h.<br \/>\n<\/strong><\/p>\n<p class=\"voc-p\" style=\"\">El equipo de Pilar Alegr\u00eda ha mantenido una reuni\u00f3n con los sindicatos educativos para presentarles la propuesta de la reducci\u00f3n de ratios en las aulas que anunci\u00f3 Pedro S\u00e1nchez la semana pasada. El Gobierno quiere <strong>limitar por ley el n\u00famero de alumnos por clase<\/strong>, una de las reivindicaciones cl\u00e1sicas de los docentes. Sin embargo, Educaci\u00f3n lo har\u00e1 en centros ubicados en<strong> zonas de baja renta personal y familiar y se centrar\u00e1 en el alumnado con necesidades educativas especiales<\/strong>. En el texto de la propuesta ministerial, al que ha tenido acceso ABC, se defiende que \u00abintervenir sobre las ratios desde la perspectiva de la equidad deber\u00eda contribuir a incrementar las tasas de \u00e9xito escolar y disminuir el abandono educativo\u00bb. Se incidir\u00e1 en los cursos de 5\u00ba y 6\u00ba de Primaria, 1\u00ba y 2\u00ba de ESO, FP B\u00e1sica y Bachillerato.  <\/p>\n<p class=\"voc-p\" style=\"\">El Acneae, que es aquel alumnado con necesidad espec\u00edfica de apoyo educativo, supone el 14% del total y el 77% est\u00e1 escolarizado en la p\u00fablica. Adem\u00e1s, seg\u00fan datos del sindicato educativo STES, el 80% los estudiantes vulnerables por su nivel sociecon\u00f3mico est\u00e1 matriculado en la p\u00fablica.  <\/p>\n<p class=\"voc-p\" style=\"\">Por tanto, la aplicaci\u00f3n de la medida es ambigua y limitada, puesto que no se marca un m\u00ednimo de renta. Se entiende que, al ir orientada a los alumnos m\u00e1s vulnerables, la reducci\u00f3n de las ratios dejar\u00eda fuera a la concertada y a un porcentaje amplio tambi\u00e9n de centros p\u00fablicos con rentas medias. La propuesta, en cualquier caso, a\u00fan no est\u00e1 cerrada. Hay que se\u00f1alar que, de forma natural y como consecuencia de la crisis de la natalidad, las ratios ya habr\u00edan descendido en la mayor\u00eda de las comunidades aut\u00f3nomas. <\/p>\n<p class=\"voc-p\" style=\"\">S\u00e1nchez tambi\u00e9n anunci\u00f3 la semana pasada en una escuela infantil de Getafe que, a parte de las ratios, <a href=\"https:\/\/www.abc.es\/sociedad\/sanchez-neutraliza-huelga-profesores-anuncia-reduccion-jornada-20250917122903-nt.html\" target=\"_self\" data-voc-vtm-id=\"in-text-traffic\" title=\"reducir\u00eda por ley el n\u00famero de horas lectivas que realizan los docentes\" data-mrf-link=\"www.abc.es\" rel=\"nofollow noopener\">reducir\u00eda por ley el n\u00famero de horas lectivas que realizan los docentes<\/a>. Una medida que ya estar\u00eda en vigor en casi todas las autonom\u00edas espa\u00f1olas. El Ministerio de Educaci\u00f3n tambi\u00e9n les ha presentado a las principales centrales sindicales el anteproyecto de ley por el que se modifica la ley 4\/2019 y que entrar\u00e1 en vigor el curso que viene. ABC tambi\u00e9n ha tenido acceso a este borrador en el que se fijar\u00e1 una jornada lectiva com\u00fan en todo el Estado. En cualquier caso, es dif\u00edcil que esta reforma educativa logre superar la aritm\u00e9tica parlamentaria. <\/p>\n<p>Reportar un error<\/p>\n","protected":false},"excerpt":{"rendered":"23\/09\/2025 Actualizado 24\/09\/2025 a las 04:53h. El equipo de Pilar Alegr\u00eda ha mantenido una reuni\u00f3n con los sindicatos&hellip;\n","protected":false},"author":2,"featured_media":135315,"comment_status":"","ping_status":"","sticky":false,"template":"","format":"standard","meta":{"footnotes":""},"categories":[8],"tags":[447,17429,6814,17,18,2027,30621,51,2026,25,24,13,14,11,19,20,1464,9,10,15,16,5533,42935,33649,23,12,21,22],"class_list":{"0":"post-135314","1":"post","2":"type-post","3":"status-publish","4":"format-standard","5":"has-post-thumbnail","7":"category-espana","8":"tag-alumnos","9":"tag-aula","10":"tag-baja","11":"tag-breaking-news","12":"tag-breakingnews","13":"tag-colegios","14":"tag-concertada","15":"tag-deja","16":"tag-educacion","17":"tag-es","18":"tag-espana","19":"tag-featured-news","20":"tag-featurednews","21":"tag-headlines","22":"tag-latest-news","23":"tag-latestnews","24":"tag-ley","25":"tag-news","26":"tag-noticias","27":"tag-noticias-destacadas","28":"tag-noticiasdestacadas","29":"tag-numero","30":"tag-reducira","31":"tag-renta","32":"tag-spain","33":"tag-titulares","34":"tag-ultimas-noticias","35":"tag-ultimasnoticias"},"share_on_mastodon":{"url":"","error":""},"_links":{"self":[{"href":"https:\/\/www.europesays.com\/es\/wp-json\/wp\/v2\/posts\/135314","targetHints":{"allow":["GET"]}}],"collection":[{"href":"https:\/\/www.europesays.com\/es\/wp-json\/wp\/v2\/posts"}],"about":[{"href":"https:\/\/www.europesays.com\/es\/wp-json\/wp\/v2\/types\/post"}],"author":[{"embeddable":true,"href":"https:\/\/www.europesays.com\/es\/wp-json\/wp\/v2\/users\/2"}],"replies":[{"embeddable":true,"href":"https:\/\/www.europesays.com\/es\/wp-json\/wp\/v2\/comments?post=135314"}],"version-history":[{"count":0,"href":"https:\/\/www.europesays.com\/es\/wp-json\/wp\/v2\/posts\/135314\/revisions"}],"wp:featuredmedia":[{"embeddable":true,"href":"https:\/\/www.europesays.com\/es\/wp-json\/wp\/v2\/media\/135315"}],"wp:attachment":[{"href":"https:\/\/www.europesays.com\/es\/wp-json\/wp\/v2\/media?parent=135314"}],"wp:term":[{"taxonomy":"category","embeddable":true,"href":"https:\/\/www.europesays.com\/es\/wp-json\/wp\/v2\/categories?post=135314"},{"taxonomy":"post_tag","embeddable":true,"href":"https:\/\/www.europesays.com\/es\/wp-json\/wp\/v2\/tags?post=135314"}],"curies":[{"name":"wp","href":"https:\/\/api.w.org\/{rel}","templated":true}]}}