{"id":135321,"date":"2025-09-24T04:58:09","date_gmt":"2025-09-24T04:58:09","guid":{"rendered":"https:\/\/www.europesays.com\/es\/135321\/"},"modified":"2025-09-24T04:58:09","modified_gmt":"2025-09-24T04:58:09","slug":"cronica-sevilla-villarreal-liga-la-lesion-de-nianzou-echa-por-tierra-las-opciones-de-puntuar-del-sevilla-1-2","status":"publish","type":"post","link":"https:\/\/www.europesays.com\/es\/135321\/","title":{"rendered":"CR\u00d3NICA SEVILLA VILLARREAL LIGA | La lesi\u00f3n de Nianzou echa por tierra las opciones de puntuar del Sevilla (1-2)"},"content":{"rendered":"<p class=\"ft-text\"><strong>Impactante once titular el que present\u00f3 &#8216;El Pelado&#8217;<\/strong> Almeyda en su tercer encuentro en el Ram\u00f3n S\u00e1nchez-Pizju\u00e1n al frente del <a class=\"ft-link ft-link--decoration\" href=\"https:\/\/www.elcorreoweb.es\/sevilla-fc\/2025\/09\/23\/previa-sevilla-villarreal-ponen-prueba-buen-momento-121861854.html\" target=\"_blank\" rel=\"nofollow noopener\">Sevilla F\u00fatbol Club<\/a>, con <strong>hasta ocho modificaciones<\/strong> respecto a los que vencieron en Mendizorroza el pasado s\u00e1bado. Vlachodimos, Azpilicueta y Suazo fueron los que repitieron en Nervi\u00f3n.<\/p>\n<p class=\"ft-text\">Antes del encuentro se guard\u00f3 un minuto de silencio por <a class=\"ft-link ft-link--decoration\" href=\"https:\/\/www.elcorreoweb.es\/sevilla-fc\/2025\/09\/17\/muere-manolo-cardo-tercer-entrenador-121657075.html\" target=\"_blank\" rel=\"nofollow noopener\">Manolo Cardo<\/a>, exjugador y exentrenador sevillista recientemente fallecido que posee el primer Banquillo de Oro Ram\u00f3n Encinas de la entidad nervionense.<\/p>\n<p class=\"ft-text\">Enfrente de los blanquirrojos estaba un Villarreal Club de F\u00fatbol, tambi\u00e9n con ocho cambios, de un viejo conocido de la parroquia sevillana, Marcelino Garc\u00eda Toral, que ya rasc\u00f3 una ag\u00f3nica victoria el a\u00f1o pasado en un extenso descuento tambi\u00e9n a comienzos del campeonato.<\/p>\n<p class=\"ft-text\">Hubo <strong>muchas dudas en salida en el conjunto de Mat\u00edas Almeyda<\/strong>, sin conectar m\u00e1s de tres pases en una jugada y frente a un submarino amarillo que se empez\u00f3 a encontrar m\u00e1s y m\u00e1s c\u00f3modo con el pasar de los minutos. En el 11&#8242; ya avis\u00f3 de verdad Oluwaseyi en una acci\u00f3n que rompi\u00f3 desde atr\u00e1s y se qued\u00f3 ante Vlachodimos, pero el greco-alem\u00e1n estuvo muy certero para mantener a los blanquirrojos con vida.<\/p>\n<p>El Villarreal se adelant\u00f3 y perdon\u00f3 el segundo en varias ocasiones antes del descanso<\/p>\n<p class=\"ft-text\">No iba a poder remediarlo seis m\u00e1s tarde en un preciso env\u00edo en largo de Rafa Mar\u00edn a la espalda de Azpilicueta y Juanlu que control\u00f3 Carmona y centr\u00f3 raso al segundo palo para que Oluwaseyi ahora s\u00ed batiera al meta sevillista.<\/p>\n<p class=\"ft-text\">El Sevilla empez\u00f3 a llegar, pero<strong> los alarmantes fallos de Akor Adams y Ejuke a la hora de impactar con el bal\u00f3n negaron claras oportunidades <\/strong>ante un Villarreal que se divert\u00eda a la contra mientras Nervi\u00f3n replicaba a la vez que no para de animar. Salv\u00f3 una Kike Salas, otra la desperdici\u00f3 Moleiro y volvi\u00f3 a rematar, esta vez alto, el goleador.<\/p>\n<p class=\"ft-text\"><strong>La consecuci\u00f3n de oportunidades de los visitantes despert\u00f3 al fin al equipo de Almeyda<\/strong>, que consigui\u00f3 situarse alto con todos los hombres en campo contrario para robar r\u00e1pido al perder el esf\u00e9rico e intentar en pocos toques intimidar los dominios de Arnau Tenas.<\/p>\n<p class=\"ft-text\">En los instantes finales del primer acto, tras unos minutos de alternativa para ambos, reclamar\u00eda el Sevilla una mano que fue al suelo de Rafa Mar\u00edn que no se\u00f1al\u00f3 C\u00e9sar Soto Grado como penalti. <strong>En la r\u00e9plica tuvo otra vez el segundo el equipo de Marcelino <\/strong>tras dos recortes de mucha calidad de Moleiro que permiti\u00f3 un nuevo contragolpe.<\/p>\n<p class=\"ft-text\">El inicio de la segunda mitad dej\u00f3 dos nuevas llegadas de peligro del Villarreal. En la primera no hubo remate y en la segunda impact\u00f3 mal Oluwaseyi, que gan\u00f3 la espalda de forma permanente a todos los defensores del Sevilla. El carril de Juanlu, zona preferida del cuadro groguet para generar superioridad.<\/p>\n<p>El Sevilla hace las tablas y comienza a mandar en el juego<\/p>\n<p class=\"ft-text\"><strong>De las botas de Adnan Januzaj<\/strong>, que estaba siendo <strong>el mejor de los de Mat\u00edas Almeyd<\/strong>a, iba a llegar <strong>el 1-1<\/strong>. Acci\u00f3n del belga por la derecha, centro aparentemente sin tensi\u00f3n que peina Akor Adams y, <strong>tras un despeje fallido de Mouri\u00f1o la empal\u00f3 a la red Djibril Sow<\/strong> con un fuerte remate con su zurda.<\/p>\n<p class=\"ft-text\">Le entraron las dudas al conjunto castellonense y ello hizo crecer a un Sevilla que comenz\u00f3 a cargar el \u00e1rea por el costado de Januzaj y Juanlu. Apenas se llevaban 8 minutos del segundo tiempo cuando &#8216;<strong>El Pelado<\/strong>&#8216;<strong> sac\u00f3 del campo a Castr\u00edn y Ejuke para dar entrada a Tanguy Nianzou y Alexis S\u00e1nchez buscando seguridad en la zaga y calidad en los metros finales<\/strong>.<\/p>\n<p class=\"ft-text\">El central franc\u00e9s sevillista en la primera acci\u00f3n con Oluwaseyi ya le demostr\u00f3 la contundencia necesaria para pasarlo. Antes del 60&#8242; tambi\u00e9n <strong>sali\u00f3 del campo Adnan Januzaj, aplaudido por primera vez en Nervi\u00f3n, para dejar su sitio a Rub\u00e9n Vargas<\/strong>. En los videomarcadores se pudo ver en la retransmisi\u00f3n del encuentro c\u00f3mo el belga acab\u00f3 muy cansado en su primera titularidad esta temporada.<\/p>\n<p class=\"ft-text\"><strong>El dominio del Sevilla cada vez iba a m\u00e1s<\/strong> y de las grandes ocasiones del Villarreal en la primera mitad se pas\u00f3 a un guion de partido muy diferente pudiendo hacer el segundo el conjunto de Almeyda en una acci\u00f3n en la que Gudelj se meti\u00f3 en el \u00e1rea y cedi\u00f3 a Vargas, que se encontr\u00f3 una mara\u00f1a de cuerpos amarillos para desbaratar la ocasi\u00f3n. Un duelo de t\u00fa a t\u00fa en el que los sevillistas estaban m\u00e1s enchufados.<\/p>\n<p>Nianzou se lesiona, deja con 10 al Sevilla y marca de nuevo el Villarreal<\/p>\n<p class=\"ft-text\">Todo el optimismo que se empez\u00f3 a respirar en Nervi\u00f3n torn\u00f3 en preocupaci\u00f3n cuando Tanguy Nianzou se ech\u00f3 al suelo en una carrera corriendo hacia atr\u00e1s. Se hab\u00eda roto y dejaba con 10 a los blanquirrojos con doce m\u00e1s el descuento por delante. Las escasas salidas en un bloque ya bajo y mermado por la inferioridad eran recompensadas por el Ram\u00f3n S\u00e1nchez-Pizju\u00e1n con aplausos a los suyos.<\/p>\n<p class=\"ft-text\">Durante algunos segundos se escucharon proclamas contra \u00abIsrael, asesina, Israel, asesina\u00bb, se grit\u00f3 en la grada baja del S\u00e1nchez-Pizju\u00e1n debido a la entrada de Manor Solomon, atacante israelita del Villarreal. Fue el mismo delantero groguet quien har\u00eda el 1-2 escasos instantes despu\u00e9s en una contra muy bien llevada por Georges Mikautadze.<\/p>\n<p class=\"ft-text\">Batista Mendy pudo hacer las tablas en el descuento en un zurdazo que acert\u00f3 a despejar Arnau Tenas. Todo pudo pasar en los seis de a\u00f1adido, con ocasiones para ambos para recortar o aumentar la renta. Se vino arriba el Sevilla, <strong>supo competir de t\u00fa a t\u00fa a un gran equipo que lucha por Champions como es el Villarreal<\/strong>, pero en Nervi\u00f3n, por diferentes causes, el resultado siempre es contrario. Esta vez la lesi\u00f3n de Nianzou marc\u00f3 el tramo final, pero la gesti\u00f3n pudo ser mucho mejor si en vez de ir a buscar el 1-2 hubiera intentado retener el 1-1.<\/p>\n<p class=\"ft-text\"><strong>El Ram\u00f3n S\u00e1nchez-Pizju\u00e1n tendr\u00e1 que esperar como m\u00ednimo al domingo 5 de octubre, Sevilla-Bar\u00e7a, para presenciar una victoria de los de Almeyda, que fuera de casa han mostrado una cara mucho m\u00e1s s\u00f3lida<\/strong>.<\/p>\n","protected":false},"excerpt":{"rendered":"Impactante once titular el que present\u00f3 &#8216;El Pelado&#8217; Almeyda en su tercer encuentro en el Ram\u00f3n S\u00e1nchez-Pizju\u00e1n al&hellip;\n","protected":false},"author":2,"featured_media":135322,"comment_status":"","ping_status":"","sticky":false,"template":"","format":"standard","meta":{"footnotes":""},"categories":[268],"tags":[168,25,24,280,282,1044,34054,42936,12764,281,23,167,9607],"class_list":{"0":"post-135321","1":"post","2":"type-post","3":"status-publish","4":"format-standard","5":"has-post-thumbnail","7":"category-futbol","8":"tag-deportes","9":"tag-es","10":"tag-espana","11":"tag-football","12":"tag-futbol","13":"tag-liga","14":"tag-nervion","15":"tag-ramon-sanchez-pizjuan","16":"tag-sevilla-fc","17":"tag-soccer","18":"tag-spain","19":"tag-sports","20":"tag-villarreal-cf"},"share_on_mastodon":{"url":"","error":""},"_links":{"self":[{"href":"https:\/\/www.europesays.com\/es\/wp-json\/wp\/v2\/posts\/135321","targetHints":{"allow":["GET"]}}],"collection":[{"href":"https:\/\/www.europesays.com\/es\/wp-json\/wp\/v2\/posts"}],"about":[{"href":"https:\/\/www.europesays.com\/es\/wp-json\/wp\/v2\/types\/post"}],"author":[{"embeddable":true,"href":"https:\/\/www.europesays.com\/es\/wp-json\/wp\/v2\/users\/2"}],"replies":[{"embeddable":true,"href":"https:\/\/www.europesays.com\/es\/wp-json\/wp\/v2\/comments?post=135321"}],"version-history":[{"count":0,"href":"https:\/\/www.europesays.com\/es\/wp-json\/wp\/v2\/posts\/135321\/revisions"}],"wp:featuredmedia":[{"embeddable":true,"href":"https:\/\/www.europesays.com\/es\/wp-json\/wp\/v2\/media\/135322"}],"wp:attachment":[{"href":"https:\/\/www.europesays.com\/es\/wp-json\/wp\/v2\/media?parent=135321"}],"wp:term":[{"taxonomy":"category","embeddable":true,"href":"https:\/\/www.europesays.com\/es\/wp-json\/wp\/v2\/categories?post=135321"},{"taxonomy":"post_tag","embeddable":true,"href":"https:\/\/www.europesays.com\/es\/wp-json\/wp\/v2\/tags?post=135321"}],"curies":[{"name":"wp","href":"https:\/\/api.w.org\/{rel}","templated":true}]}}