{"id":135323,"date":"2025-09-24T04:59:13","date_gmt":"2025-09-24T04:59:13","guid":{"rendered":"https:\/\/www.europesays.com\/es\/135323\/"},"modified":"2025-09-24T04:59:13","modified_gmt":"2025-09-24T04:59:13","slug":"has-pasado-de-operacion-triunfo-a-operacion-fracaso","status":"publish","type":"post","link":"https:\/\/www.europesays.com\/es\/135323\/","title":{"rendered":"\u201cHas pasado de \u2018Operaci\u00f3n Triunfo\u2019 a \u2018Operaci\u00f3n Fracaso\u2019\u201d"},"content":{"rendered":"<p class=\"paragraph\" id=\"paragraph_1\"><strong>Pedro Ruiz ha visitado este martes <\/strong><strong>Todo es mentira<\/strong><strong>,<\/strong> y se ha sentado en el ch\u00e9ster de Risto Mejide para promocionar su libro \u00a1Paren el mundo, que me bajo!, y<a href=\"https:\/\/www.elespanol.com\/bluper\/20250916\/pedro-ruiz-habla-claro-dan-verguenza-ustedes-senores-politicos-empujan-sombra\/1003743927440_0.html?utm_cmp_rs=linksinline\" rel=\"nofollow noopener\" target=\"_blank\"> con el cual lleva ya d\u00edas recorriendo diferentes programas de televisi\u00f3n<\/a>. Un encuentro que, tal como ha reconocido <a href=\"https:\/\/www.elespanol.com\/bluper\/20250902\/risto-mejide-rotundo-homenaje-bomberos-fuego-muestra-costuras\/1003743908367_0.html?utm_cmp_rs=linksinline\" rel=\"nofollow noopener\" target=\"_blank\">el presentador de Cuatro<\/a>, ha costado mucho que surgiese, a pesar de que se conocen desde hace a\u00f1os. Tanto como para<strong> lanzarse una colecci\u00f3n de dardos.<\/strong><\/p>\n<p class=\"paragraph\" id=\"paragraph_2\">Ruiz defini\u00f3 el libro como <strong>\u201cun pataleo divertido para que la gente se veng<\/strong><strong>ue<\/strong><strong>, entre comillas, y se divierta.<\/strong> Y que me echen la culpa a m\u00ed. Al fin y al cabo yo no tomo decisiones ni tengo el BOE. Es para divertirse sobre todo\u201d, explicaba sobre su obra.<\/p>\n<p class=\"paragraph\" id=\"paragraph_3\">La complicidad entre ambos comunicadores era patente, y se not\u00f3 cuando Risto ley\u00f3 un fragmento, en el que dec\u00eda que <strong>\u201cf*llar elimina la mala leche, ya hay demasiada\u201d<\/strong>. Y pregunt\u00f3: \u201c\u00bfT\u00fa tienes mala leche?\u201d. \u201cNo, porque yo ya vengo muy trabajado de antes. Entonces, ya he llegado a este punto sin necesidades. Pero hay mucho mal f*llado por ah\u00ed\u201d, criticaba el invitado.<\/p>\n<p><img loading=\"lazy\" decoding=\"async\" alt=\"M\u00e1ximo Huerta y Pedro Ruiz en un fotomontaje de BLUPER.\" height=\"180\" src=\"https:\/\/www.europesays.com\/es\/wp-content\/uploads\/2025\/09\/1003743928902_258769555_320x180.jpg\" width=\"320\" data-lazy-status=\"processed\" data-lazy-info=\"remove loading item 1\"\/><\/p>\n<p class=\"paragraph\" id=\"paragraph_4\">\u201cEs que la dictadura consiste en comer, f*llar y el f\u00fatbol. A partir de ah\u00ed ya los pol\u00edticos se apaciguan\u201d, sigui\u00f3 exponiendo Ruiz. Algo que Risto sintetiz\u00f3 como <strong>\u201cque nadie f*lla en este pa\u00eds, vaya\u201d. \u201cYo creo que t\u00fa he o\u00eddo rumores de que t\u00fa s\u00ed, \u00bfno?\u201d.<\/strong> \u201cVamos a la siguiente&#8230;\u201d, propon\u00eda el presentador, no sin evitar que Ruiz le preguntase si hace \u201czapping de novias, como yo hice\u201d.<\/p>\n<p class=\"paragraph\" id=\"paragraph_5\">Al hablar de pol\u00edtica, Pedro Ruiz brome\u00f3 al decir que pensaba que Risto sab\u00eda del tema menos que \u00e9l. Y entonces le solt\u00f3 un dardo que arranc\u00f3 una risa al publicista: <strong>\u201c<\/strong><strong>Has pasado de <\/strong><strong>O<\/strong><strong>peraci\u00f3n Triunfo<\/strong><strong>,<\/strong><strong> que era la m\u00fasica, a <\/strong><strong>Operaci\u00f3n Fracaso<\/strong><strong>, que es la pol\u00edtica\u201d<\/strong>.<\/p>\n<p><img decoding=\"async\" alt=\"Pedro Ruiz en 'Todo es mentira'.\" data-imgm=\"true\" height=\"180\" loading=\"lazy\"  src=\"https:\/\/www.europesays.com\/es\/wp-content\/uploads\/2025\/09\/1003743938112_258945219_1024x576.jpg\"  width=\"320\"\/><\/p>\n<p>                                                            Pedro Ruiz en &#8216;Todo es mentira&#8217;.<\/p>\n<p class=\"paragraph\" id=\"paragraph_7\">Ruiz reflexion\u00f3 sobre que en la actualidad \u201cno existe la amabilidad que exist\u00eda en otros momentos\u201d, y destac\u00f3 que en la transici\u00f3n \u00e9l iba a ver a diferentes m\u00edtines pol\u00edticos, de Fraga a Felipe Gonz\u00e1lez o Dolores Ib\u00e1rruri, \u201cy nadie te pegaba una etiqueta. Hemos salido perdiendo\u201d.<\/p>\n<p class=\"paragraph\" id=\"paragraph_8\">Tras manifestar sus ganas de regresar a la televisi\u00f3n, record\u00f3 que cuando hac\u00eda Como Pedro por su casa <strong>sent\u00f3 a jugar al domin\u00f3 a Fraga, Carrillo, Benegas y Sahag\u00fan, y que \u201choy esto es imposible\u201d<\/strong>.<\/p>\n<p><img decoding=\"async\" alt=\"Pedro Ruiz y Tezanos, en un fotomontaje\" height=\"180\" loading=\"lazy\" width=\"320\" data-lazy-status=\"processed\" id=\"b0b638f62a\" src=\"https:\/\/www.elespanol.com\/bluper\/20250923\/dardo-pedro-ruiz-risto-mejide-pasado-operacion-triunfo-fracaso\/[\" https:=\"\" data-lazy-info=\"changed src\"\/><\/p>\n<p class=\"paragraph\" id=\"paragraph_9\">Sin embargo, no cree que haya menos libertad que \u201cen la dictadura\u201d, pero s\u00ed que \u201chay menos libertad que hace 10 o 12 a\u00f1os por los ofendiditos\u201d. \u201cCreo que llevamos mal camino.<strong> La pol\u00edtica es un producto adulterado, y los protagonistas en el tono han perdido la raz\u00f3n<\/strong>\u201d, a\u00f1adir\u00eda tambi\u00e9n.<\/p>\n","protected":false},"excerpt":{"rendered":"Pedro Ruiz ha visitado este martes Todo es mentira, y se ha sentado en el ch\u00e9ster de Risto&hellip;\n","protected":false},"author":2,"featured_media":135324,"comment_status":"","ping_status":"","sticky":false,"template":"","format":"standard","meta":{"footnotes":""},"categories":[174],"tags":[1535,255,146,147,25,24,256,222,39979,24468,23,807,42937],"class_list":{"0":"post-135323","1":"post","2":"type-post","3":"status-publish","4":"format-standard","5":"has-post-thumbnail","7":"category-famosos","8":"tag-bluper","9":"tag-celebrities","10":"tag-entertainment","11":"tag-entretenimiento","12":"tag-es","13":"tag-espana","14":"tag-famosos","15":"tag-operacion-triunfo","16":"tag-pedro-ruiz","17":"tag-risto-mejide","18":"tag-spain","19":"tag-television","20":"tag-todo-es-mentira-programa-de-television"},"share_on_mastodon":{"url":"","error":""},"_links":{"self":[{"href":"https:\/\/www.europesays.com\/es\/wp-json\/wp\/v2\/posts\/135323","targetHints":{"allow":["GET"]}}],"collection":[{"href":"https:\/\/www.europesays.com\/es\/wp-json\/wp\/v2\/posts"}],"about":[{"href":"https:\/\/www.europesays.com\/es\/wp-json\/wp\/v2\/types\/post"}],"author":[{"embeddable":true,"href":"https:\/\/www.europesays.com\/es\/wp-json\/wp\/v2\/users\/2"}],"replies":[{"embeddable":true,"href":"https:\/\/www.europesays.com\/es\/wp-json\/wp\/v2\/comments?post=135323"}],"version-history":[{"count":0,"href":"https:\/\/www.europesays.com\/es\/wp-json\/wp\/v2\/posts\/135323\/revisions"}],"wp:featuredmedia":[{"embeddable":true,"href":"https:\/\/www.europesays.com\/es\/wp-json\/wp\/v2\/media\/135324"}],"wp:attachment":[{"href":"https:\/\/www.europesays.com\/es\/wp-json\/wp\/v2\/media?parent=135323"}],"wp:term":[{"taxonomy":"category","embeddable":true,"href":"https:\/\/www.europesays.com\/es\/wp-json\/wp\/v2\/categories?post=135323"},{"taxonomy":"post_tag","embeddable":true,"href":"https:\/\/www.europesays.com\/es\/wp-json\/wp\/v2\/tags?post=135323"}],"curies":[{"name":"wp","href":"https:\/\/api.w.org\/{rel}","templated":true}]}}