{"id":135333,"date":"2025-09-24T05:06:08","date_gmt":"2025-09-24T05:06:08","guid":{"rendered":"https:\/\/www.europesays.com\/es\/135333\/"},"modified":"2025-09-24T05:06:08","modified_gmt":"2025-09-24T05:06:08","slug":"un-equipo-de-la-usc-investiga-para-predecir-el-alzheimer-quince-anos-antes-de-que-se-manifieste","status":"publish","type":"post","link":"https:\/\/www.europesays.com\/es\/135333\/","title":{"rendered":"Un equipo de la USC investiga para predecir el alzh\u00e9imer quince a\u00f1os antes de que se manifieste"},"content":{"rendered":"<p class=\"ft-text\">Conseguir unos biomarcadores que predigan el riesgo de padecer alzh\u00e9imer con diez o incluso quince a\u00f1os de antelaci\u00f3n frente a los primeros s\u00edntomas, es el horizonte en el que est\u00e1 trabajando un numeroso grupo de investigadores liderado por el Instituto de Psicolox\u00eda de la USC, con Arturo X. Pereiro al frente. Y es que, como explica, \u00abverificamos nun an\u00e1lise de sangue en plasma cunha t\u00e9cnica bastante moderna a concentraci\u00f3n de d\u00faas prote\u00ednas alteradas asociadas a etapas presintom\u00e1ticas ou nas que apenas se percibe alg\u00fan cambio no funcionamento cognitivo\u00bb.<\/p>\n<p class=\"ft-text\">En concreto, el p-tau217 y el p-tau181 se confirman como \u00abos mellores <a class=\"ft-link ft-link--decoration\" href=\"https:\/\/www.farodevigo.es\/elecciones\/municipales\/candidatos\/\" rel=\"nofollow noopener\" target=\"_blank\">candidatos<\/a> para dispo\u00f1er en breve de biomarcadores en plasma\u00bb capaces de identificar con mucha antelaci\u00f3n el riesgo de alzh\u00e9imer, contribuyendo a adelantar el diagn\u00f3stico y, con ello, a ayudar a los profesionales sanitarios, puesto que \u00abos tratamentos farmacol\u00f3xicos e non farmacol\u00f3xicos son moito m\u00e1is eficaces en etapas temper\u00e1s, e a hip\u00f3tese prevalente na investigaci\u00f3n actual \u00e9 que o proceso neurodexenerativo do alzh\u00e9imer comeza 20 ou 25 anos antes de que aparezan os primeiros s\u00edntomas\u00bb.<\/p>\n<p class=\"ft-text\">Los resultados de este trabajo encaminado a validar los biomarcadores en sangre se obtuvieron a trav\u00e9s del an\u00e1lisis a participantes en el estudio longitudinal Compostela Aging study, con \u00abalgo m\u00e1is de trescentos pacientes da \u00c1rea Sanitaria de Santiago e Barbanza\u00bb, a los que tambi\u00e9n se incorporar\u00e1n en fases sucesivas los de 250 personas del \u00e1rea de Vigo, de los que ya tienen tambi\u00e9n los biomarcadores, seg\u00fan apunta Pereiro, quien subraya que una investigaci\u00f3n de esta magnitud solo es posible gracias \u00ab\u00e1 colaboraci\u00f3n de moita xente\u00bb, puesto que adem\u00e1s de \u00e9l participan Montse Zurr\u00f3n, Fernando D\u00edaz y Cristina Lojo, del grupo de investigaci\u00f3n en Neurociencia Cognitiva e Psicoxerontolox\u00eda del Instituto de Psicolox\u00eda de la USC; as\u00ed como grupos del IDIS, del Cimus y de la USC.<\/p>\n<p class=\"ft-text\">Avanza que el objetivo es poder presentar en el plazo de un a\u00f1o o a\u00f1o y medio \u00abun modelo global que incl\u00faa todos os biomarcadores que temos, tanto psicol\u00f3xicos como psicofisiol\u00f3xicos, prote\u00f3micos ou xen\u00e9ticos, e tratar de ver como funcionan utilizando a intelixencia artificial para axudar aos profesionais da sa\u00fade a valorar de maneira m\u00e1is precisa as persoas en risco de desenvolver unha demencia no lapso de entre 7 a 15 anos\u00bb. Un reto fundamental, sobre todo teniendo en cuenta el sobreenvejecimiento de la poblaci\u00f3n y el hecho de que la prevalencia de las demencias se incrementa con la edad.<\/p>\n<p class=\"ft-text\">Esta investigaci\u00f3n se diferencia tambi\u00e9n de la publicada por personal investigador del Hospital del Mar Research Institute y del Barcelona\u03b2eta Brain Research Center (BBRC) vinculado a la Fundaci\u00f3n Pasqual Maragall en que \u00abanaliza as asociaci\u00f3ns deses marcadores con probas de neuroimaxe e s\u00edntomas cl\u00ednicos en etapas m\u00e1is temper\u00e1s, presintom\u00e1ticas e prodr\u00f3micas, en persoas potencialmente en risco de padecer a enfermidade no futuro\u00bb, indica Arturo Pereiro.<\/p>\n<p class=\"ft-text\">Financiado por el Ministerio de Ciencia, Innovaci\u00f3n y Universidades de la Axencia Galega de Innovaci\u00f3n, el trabajo ha sido aceptado para su publicaci\u00f3n en la revista cient\u00edfica The Journal of Prevention of Alzheimer\u2019s Disease.<\/p>\n","protected":false},"excerpt":{"rendered":"Conseguir unos biomarcadores que predigan el riesgo de padecer alzh\u00e9imer con diez o incluso quince a\u00f1os de antelaci\u00f3n&hellip;\n","protected":false},"author":2,"featured_media":122381,"comment_status":"","ping_status":"","sticky":false,"template":"","format":"standard","meta":{"footnotes":""},"categories":[92],"tags":[3350,622,25,24,165,15307,9760,166,23,15503],"class_list":{"0":"post-135333","1":"post","2":"type-post","3":"status-publish","4":"format-standard","5":"has-post-thumbnail","7":"category-salud","8":"tag-alzheimer","9":"tag-equipo","10":"tag-es","11":"tag-espana","12":"tag-health","13":"tag-investiga","14":"tag-predecir","15":"tag-salud","16":"tag-spain","17":"tag-usc"},"share_on_mastodon":{"url":"","error":""},"_links":{"self":[{"href":"https:\/\/www.europesays.com\/es\/wp-json\/wp\/v2\/posts\/135333","targetHints":{"allow":["GET"]}}],"collection":[{"href":"https:\/\/www.europesays.com\/es\/wp-json\/wp\/v2\/posts"}],"about":[{"href":"https:\/\/www.europesays.com\/es\/wp-json\/wp\/v2\/types\/post"}],"author":[{"embeddable":true,"href":"https:\/\/www.europesays.com\/es\/wp-json\/wp\/v2\/users\/2"}],"replies":[{"embeddable":true,"href":"https:\/\/www.europesays.com\/es\/wp-json\/wp\/v2\/comments?post=135333"}],"version-history":[{"count":0,"href":"https:\/\/www.europesays.com\/es\/wp-json\/wp\/v2\/posts\/135333\/revisions"}],"wp:featuredmedia":[{"embeddable":true,"href":"https:\/\/www.europesays.com\/es\/wp-json\/wp\/v2\/media\/122381"}],"wp:attachment":[{"href":"https:\/\/www.europesays.com\/es\/wp-json\/wp\/v2\/media?parent=135333"}],"wp:term":[{"taxonomy":"category","embeddable":true,"href":"https:\/\/www.europesays.com\/es\/wp-json\/wp\/v2\/categories?post=135333"},{"taxonomy":"post_tag","embeddable":true,"href":"https:\/\/www.europesays.com\/es\/wp-json\/wp\/v2\/tags?post=135333"}],"curies":[{"name":"wp","href":"https:\/\/api.w.org\/{rel}","templated":true}]}}