{"id":135354,"date":"2025-09-24T05:20:08","date_gmt":"2025-09-24T05:20:08","guid":{"rendered":"https:\/\/www.europesays.com\/es\/135354\/"},"modified":"2025-09-24T05:20:08","modified_gmt":"2025-09-24T05:20:08","slug":"la-liga-endesa-inaugura-la-temporada-con-el-coviran-granada-entre-sus-invitados","status":"publish","type":"post","link":"https:\/\/www.europesays.com\/es\/135354\/","title":{"rendered":"La Liga Endesa inaugura la temporada con el Covir\u00e1n Granada entre sus invitados"},"content":{"rendered":"<p>La Liga Endesa ultima su puesta en marcha. La m\u00e1xima categor\u00eda del baloncesto patrio celebr\u00f3 su presentaci\u00f3n oficial en la sede madrile\u00f1a de la compa\u00f1\u00eda  &#8230; energ\u00e9tica con el Covir\u00e1n Granada entre sus invitados despu\u00e9s de lograr la salvaci\u00f3n este verano a modo de repesca al perder la plaza el Betis \u2013ahora renombrado como Baloncesto Sevilla\u2013.<\/p>\n<p class=\"v-p\">Varios representantes del club nazar\u00ed asistieron al acto, que precedi\u00f3 al arranque de la cuarta campa\u00f1a en la \u00e9lite en la historia de la entidad \u2013las tres \u00faltimas y la presente\u2013, previsto para el primer fin de semana de octubre. El p\u00edvot Iv\u00e1n Aurrecoechea acudi\u00f3 como miembro del vestuario para someterse a las preguntas de los medios de comunicaci\u00f3n primero y del c\u00f3mico Sergio Bezos despu\u00e9s.<\/p>\n<p class=\"v-p\">El humorista del c\u00e9lebre programa de RTVE &#8216;La Revuelta&#8217; ejerci\u00f3 como maestro de ceremonias en una gala repleta de estrellas de la canasta como el merengue Edy Tavares o el cul\u00e9 Willy Hernang\u00f3mez. Tambi\u00e9n destac\u00f3 la presencia del ya recuperado Ricky Rubio, jugador franquicia no ya de la Penya Joventut, sino de toda la divisi\u00f3n. El &#8216;exNBA&#8217;, campe\u00f3n del mundo y de Europa, adem\u00e1s de medallista ol\u00edmpico con la selecci\u00f3n espa\u00f1ola, &#8216;redebutar\u00e1&#8217; en la Liga Endesa en el Palacio de Deportes de Granada \u2013domingo 5 a las 12.30 horas\u2013, justo el recinto donde disput\u00f3 su primer partido como profesional con tan solo 14 a\u00f1os.<\/p>\n<p class=\"v-p\">La parte inicial del acto la cop\u00f3 &#8216;DAZN&#8217;, encargado de retransmitir en exclusiva todos los encuentros del campeonato durante las pr\u00f3ximas cinco temporadas. El vicepresidente de contenidos de la plataforma, Quim Dom\u00e8nech, anunci\u00f3 nada m\u00e1s arrancar que las semifinales de la Supercopa Endesa \u2013primer t\u00edtulo en juego del ejercicio\u2013 se emitir\u00e1n de manera gratuita a trav\u00e9s de sus canales oficiales. <\/p>\n<p class=\"v-p\">Tras la promoci\u00f3n y los discursos institucionales y protocolarios, Bezos tom\u00f3 el control del escenario micr\u00f3fono en mano. Chistes r\u00e1pidos, ingeniosos e inesperados, su rol de cada noche con David Broncano ante millones de espectadores, pero con los profesionales del baloncesto espa\u00f1ol sacando su mejor sonrisa. Con Aurrecoechea destac\u00f3 su medalla de oro en el Mundial con Espa\u00f1a 3&#215;3. Entre broma y broma, la verdad asoma.<\/p>\n<p>\u00d3scar Fern\u00e1ndez-Arenas<\/p>\n<p class=\"v-p\">Entre los asistentes, no perdi\u00f3 detalle el presidente del Covir\u00e1n Granada, \u00d3scar Fern\u00e1ndez-Arenas. \u00abAcudir un a\u00f1o m\u00e1s a este acto es ilusionante, sobre todo despu\u00e9s del verano &#8216;divertido&#8217; que hemos pasado, aunque con final feliz\u00bb, declar\u00f3 ante IDEAL.<\/p>\n<p class=\"v-p\">Sobre c\u00f3mo habr\u00eda sentado su permanencia a ra\u00edz de la baja del Betis por su situaci\u00f3n econ\u00f3mica, el directivo asegur\u00f3 encontrarse \u00absin preocupaci\u00f3n alguna. La relaci\u00f3n con el resto de clubes es magn\u00edfica. Todos est\u00e1n satisfechos con lo que supone Granada y con su ambiente de baloncesto para la liga. Somos una ciudad de baloncesto. Luego, las disputas de la competici\u00f3n en base a las metas de cada uno van aparte\u00bb, aclar\u00f3.<\/p>\n<p class=\"v-p\">En lo deportivo, Fern\u00e1ndez-Arenas se mostr\u00f3 \u00abencantado de transmitir a la afici\u00f3n la ilusi\u00f3n que desprende el entrenador Ram\u00f3n D\u00edaz al equipo y al club. Ser\u00e1 un a\u00f1o como los anteriores, pelearemos por salvarnos, pero \u00bfpor qu\u00e9 no podemos mirar por algo m\u00e1s? Nuestro objetivo siempre es dar un paso m\u00e1s all\u00e1 de lo que conseguimos en el pasado. Lo buscaremos\u00bb, prometi\u00f3.<\/p>\n","protected":false},"excerpt":{"rendered":"La Liga Endesa ultima su puesta en marcha. La m\u00e1xima categor\u00eda del baloncesto patrio celebr\u00f3 su presentaci\u00f3n oficial&hellip;\n","protected":false},"author":2,"featured_media":135355,"comment_status":"","ping_status":"","sticky":false,"template":"","format":"standard","meta":{"footnotes":""},"categories":[269],"tags":[299,298,3446,168,2917,25,24,494,4520,3551,1044,23,167,1152],"class_list":{"0":"post-135354","1":"post","2":"type-post","3":"status-publish","4":"format-standard","5":"has-post-thumbnail","7":"category-baloncesto","8":"tag-baloncesto","9":"tag-basketball","10":"tag-coviran","11":"tag-deportes","12":"tag-endesa","13":"tag-es","14":"tag-espana","15":"tag-granada","16":"tag-inaugura","17":"tag-invitados","18":"tag-liga","19":"tag-spain","20":"tag-sports","21":"tag-temporada"},"share_on_mastodon":{"url":"","error":""},"_links":{"self":[{"href":"https:\/\/www.europesays.com\/es\/wp-json\/wp\/v2\/posts\/135354","targetHints":{"allow":["GET"]}}],"collection":[{"href":"https:\/\/www.europesays.com\/es\/wp-json\/wp\/v2\/posts"}],"about":[{"href":"https:\/\/www.europesays.com\/es\/wp-json\/wp\/v2\/types\/post"}],"author":[{"embeddable":true,"href":"https:\/\/www.europesays.com\/es\/wp-json\/wp\/v2\/users\/2"}],"replies":[{"embeddable":true,"href":"https:\/\/www.europesays.com\/es\/wp-json\/wp\/v2\/comments?post=135354"}],"version-history":[{"count":0,"href":"https:\/\/www.europesays.com\/es\/wp-json\/wp\/v2\/posts\/135354\/revisions"}],"wp:featuredmedia":[{"embeddable":true,"href":"https:\/\/www.europesays.com\/es\/wp-json\/wp\/v2\/media\/135355"}],"wp:attachment":[{"href":"https:\/\/www.europesays.com\/es\/wp-json\/wp\/v2\/media?parent=135354"}],"wp:term":[{"taxonomy":"category","embeddable":true,"href":"https:\/\/www.europesays.com\/es\/wp-json\/wp\/v2\/categories?post=135354"},{"taxonomy":"post_tag","embeddable":true,"href":"https:\/\/www.europesays.com\/es\/wp-json\/wp\/v2\/tags?post=135354"}],"curies":[{"name":"wp","href":"https:\/\/api.w.org\/{rel}","templated":true}]}}