{"id":135377,"date":"2025-09-24T05:33:08","date_gmt":"2025-09-24T05:33:08","guid":{"rendered":"https:\/\/www.europesays.com\/es\/135377\/"},"modified":"2025-09-24T05:33:08","modified_gmt":"2025-09-24T05:33:08","slug":"los-jovenes-espanoles-dejan-la-casa-de-sus-padres-a-los-30-casi-cuatro-anos-despues-que-la-media-europea-sociedad","status":"publish","type":"post","link":"https:\/\/www.europesays.com\/es\/135377\/","title":{"rendered":"Los j\u00f3venes espa\u00f1oles dejan la casa de sus padres a los 30, casi cuatro a\u00f1os despu\u00e9s que la media europea | Sociedad"},"content":{"rendered":"<p class=\"\">Los j\u00f3venes espa\u00f1oles se emanciparon el a\u00f1o pasado de media a los 30 a\u00f1os de edad, casi cuatro a\u00f1os despu\u00e9s que la media europea, que se sit\u00faa en los 26,2. As\u00ed lo revela el informe <a href=\"https:\/\/ec.europa.eu\/eurostat\/en\/web\/products-eurostat-news\/w\/ddn-20250923-1\" target=\"_blank\" rel=\"noreferrer nofollow noopener\" title=\"https:\/\/ec.europa.eu\/eurostat\/en\/web\/products-eurostat-news\/w\/ddn-20250923-1\">Young people leaving their home, 2024<\/a> (J\u00f3venes que dejan su hogar, 2024), publicado este martes por Eurostat. Aunque supone una <a href=\"https:\/\/ec.europa.eu\/eurostat\/web\/products-eurostat-news\/w\/ddn-20240930-2\" target=\"_blank\" rel=\"noreferrer nofollow noopener\" title=\"https:\/\/ec.europa.eu\/eurostat\/web\/products-eurostat-news\/w\/ddn-20240930-2\">ligera mejora respecto a 2023<\/a> \u2014cuando la edad de emancipaci\u00f3n en Espa\u00f1a era de 30,4 a\u00f1os y la europea, de 26,3\u2014, la brecha con el resto de Europa se mantiene. Solo cinco de los pa\u00edses estudiados \u2014los 27 miembros de la Uni\u00f3n Europea, m\u00e1s Noruega y Serbia\u2014 salen peor en la foto que Espa\u00f1a. <\/p>\n<p class=\"\">Las diferencias entre pa\u00edses son notables: en Finlandia, los j\u00f3venes se emancipan a una media de 21,4 a\u00f1os, la edad m\u00e1s baja del continente, mientras que en Croacia lo hacen a los 31,3, la m\u00e1s alta. Tras Finlandia, Dinamarca y Suecia destacan por su emancipaci\u00f3n temprana, que no supera los 22 a\u00f1os, frente a Croacia, Eslovaquia y Grecia, donde los j\u00f3venes superan los 30. Los datos reflejan una clara brecha entre el norte y el sur de Europa. <\/p>\n<p class=\"\">Desde 2002, la media de emancipaci\u00f3n en los pa\u00edses estudiados ha variado muy poco, seg\u00fan destaca Eurostat. La cifra m\u00e1s baja se registr\u00f3 en 2019, a los 26,1 a\u00f1os, mientras que la m\u00e1s alta se alcanz\u00f3 en 2006, a los 26,8. Sin embargo, en Espa\u00f1a la media ha oscilado mucho m\u00e1s, con una tendencia al alza que parece que ha empezado a ralentizarse. La cifra m\u00e1s baja se registr\u00f3 en 2008, con 28,3 a\u00f1os, y la m\u00e1s alta en 2022, con 30,5. <\/p>\n<p>Diferencias de g\u00e9nero y sobrecarga juvenil<\/p>\n<p class=\"\">Los datos muestran una diferencia de g\u00e9nero en la edad de emancipaci\u00f3n: desde 2015, las mujeres tienden a abandonar el hogar antes que los hombres. El a\u00f1o pasado, la media fue de 25,3 a\u00f1os para ellas y 27 a\u00f1os para ellos. Espa\u00f1a sigue esta tendencia: las mujeres se independizan a los 29,4 a\u00f1os (frente a 28 a\u00f1os en 2015) y los hombres a los 30,5 a\u00f1os (oscilando entre 30,1 en 2015 y 31,3 en 2023).<\/p>\n<p class=\"\">Seg\u00fan Eurostat, m\u00faltiples factores influyen en la decisi\u00f3n de dejar el hogar familiar, como la situaci\u00f3n laboral, la vida en pareja, los h\u00e1bitos culturales y \u201caspectos financieros relacionados con los costes de vida en general\u201d. La agencia subraya que los j\u00f3venes son los m\u00e1s afectados por los gastos de vivienda: en 2024, el 9,7% de quienes ten\u00edan entre 15 y 29 a\u00f1os en los pa\u00edses analizados vivieron en hogares que destinaban m\u00e1s del 40% de sus ingresos a la vivienda, especialmente en pa\u00edses donde la emancipaci\u00f3n es m\u00e1s temprana, como Finlandia, Suecia, Dinamarca y Pa\u00edses Bajos. En comparaci\u00f3n, el porcentaje para el resto de la poblaci\u00f3n fue del 8,2%.<\/p>\n<p>Las barreras de los j\u00f3venes espa\u00f1oles<\/p>\n<p class=\"\">La principal barrera para dejar la casa familiar es el acceso a una vivienda digna, seg\u00fan el \u00faltimo informe sobre este asunto <a href=\"https:\/\/www.cje.org\/la-emancipacion-juvenil-cae-a-minimos-historicos-en-un-segundo-semestre-solo-el-152-de-la-juventud-espanola-vive-fuera-del-hogar-familiar\/\" target=\"_blank\" rel=\"noreferrer nofollow noopener\" title=\"https:\/\/www.cje.org\/la-emancipacion-juvenil-cae-a-minimos-historicos-en-un-segundo-semestre-solo-el-152-de-la-juventud-espanola-vive-fuera-del-hogar-familiar\/\">elaborado por el Consejo de la Juventud de Espa\u00f1a (CEJ)<\/a>, publicado en agosto de este a\u00f1o. El estudio se\u00f1ala que la tasa de emancipaci\u00f3n juvenil en Espa\u00f1a se sit\u00faa en el 15,2%, el dato m\u00e1s bajo para un segundo semestre desde que hay registros.<\/p>\n<p class=\"\">El mismo documento subraya que <a href=\"https:\/\/elpais.com\/economia\/2025-08-25\/el-precio-de-alquiler-toca-maximos-en-todas-las-comunidades-en-2025.html\" target=\"_blank\" rel=\"noreferrer nofollow noopener\" title=\"https:\/\/elpais.com\/economia\/2025-08-25\/el-precio-de-alquiler-toca-maximos-en-todas-las-comunidades-en-2025.html\">los altos precios de alquiler<\/a> obligan a que un joven asalariado destine el 92,3% de su sueldo si quiere vivir solo. Adem\u00e1s, el precio medio de compraventa equivale a 14 a\u00f1os de salario juvenil, y la entrada necesaria para adquirir una vivienda supone cuatro a\u00f1os completos de sueldo.<\/p>\n<p class=\"\">El CEJ concluye que la brecha entre precios y salarios est\u00e1 consolidando lo que llaman la \u201cgeneraci\u00f3n inquilina\u201d: el 57,9% de los j\u00f3venes emancipados vive de alquiler y, de ellos, casi un tercio comparte piso para poder asumir los gastos.<\/p>\n","protected":false},"excerpt":{"rendered":"Los j\u00f3venes espa\u00f1oles se emanciparon el a\u00f1o pasado de media a los 30 a\u00f1os de edad, casi cuatro&hellip;\n","protected":false},"author":2,"featured_media":135378,"comment_status":"","ping_status":"","sticky":false,"template":"","format":"standard","meta":{"footnotes":""},"categories":[42],"tags":[17,18,5509,700,13,14,11,61,62,63,64,433,19,20,9,10,15,16,492,12,21,22,3633,65,66,67],"class_list":{"0":"post-135377","1":"post","2":"type-post","3":"status-publish","4":"format-standard","5":"has-post-thumbnail","7":"category-internacional","8":"tag-breaking-news","9":"tag-breakingnews","10":"tag-empleo","11":"tag-europa","12":"tag-featured-news","13":"tag-featurednews","14":"tag-headlines","15":"tag-internacional","16":"tag-international","17":"tag-international-news","18":"tag-internationalnews","19":"tag-jovenes","20":"tag-latest-news","21":"tag-latestnews","22":"tag-news","23":"tag-noticias","24":"tag-noticias-destacadas","25":"tag-noticiasdestacadas","26":"tag-sociedad","27":"tag-titulares","28":"tag-ultimas-noticias","29":"tag-ultimasnoticias","30":"tag-vivienda","31":"tag-world","32":"tag-world-news","33":"tag-worldnews"},"share_on_mastodon":{"url":"","error":""},"_links":{"self":[{"href":"https:\/\/www.europesays.com\/es\/wp-json\/wp\/v2\/posts\/135377","targetHints":{"allow":["GET"]}}],"collection":[{"href":"https:\/\/www.europesays.com\/es\/wp-json\/wp\/v2\/posts"}],"about":[{"href":"https:\/\/www.europesays.com\/es\/wp-json\/wp\/v2\/types\/post"}],"author":[{"embeddable":true,"href":"https:\/\/www.europesays.com\/es\/wp-json\/wp\/v2\/users\/2"}],"replies":[{"embeddable":true,"href":"https:\/\/www.europesays.com\/es\/wp-json\/wp\/v2\/comments?post=135377"}],"version-history":[{"count":0,"href":"https:\/\/www.europesays.com\/es\/wp-json\/wp\/v2\/posts\/135377\/revisions"}],"wp:featuredmedia":[{"embeddable":true,"href":"https:\/\/www.europesays.com\/es\/wp-json\/wp\/v2\/media\/135378"}],"wp:attachment":[{"href":"https:\/\/www.europesays.com\/es\/wp-json\/wp\/v2\/media?parent=135377"}],"wp:term":[{"taxonomy":"category","embeddable":true,"href":"https:\/\/www.europesays.com\/es\/wp-json\/wp\/v2\/categories?post=135377"},{"taxonomy":"post_tag","embeddable":true,"href":"https:\/\/www.europesays.com\/es\/wp-json\/wp\/v2\/tags?post=135377"}],"curies":[{"name":"wp","href":"https:\/\/api.w.org\/{rel}","templated":true}]}}