{"id":135382,"date":"2025-09-24T05:36:20","date_gmt":"2025-09-24T05:36:20","guid":{"rendered":"https:\/\/www.europesays.com\/es\/135382\/"},"modified":"2025-09-24T05:36:20","modified_gmt":"2025-09-24T05:36:20","slug":"si-volviese-a-espana-seria-al-atticgo-elche","status":"publish","type":"post","link":"https:\/\/www.europesays.com\/es\/135382\/","title":{"rendered":"Si volviese a Espa\u00f1a ser\u00eda al Atticgo Elche"},"content":{"rendered":"<p class=\"ft-text ft-helper-closenews\">Con m\u00e1s de una d\u00e9cada formando parte de las Guerreras, Lara Gonz\u00e1lez tiene a sus espaldas una dilatada y exitosa carrera en el balonmano de \u00e9lite. Arranc\u00f3 su andadura en Elche y a sus 19 a\u00f1os emprendi\u00f3 una nueva aventura que la llev\u00f3 hasta Metz. Con paradas en Francia, Hungr\u00eda, Dinamarca, otra vez Francia y ahora Ruman\u00eda, la lateral izquierdo de Santa Pola enfila la recta final de su trayectoria como jugadora profesional.\u00a0<\/p>\n<p><img decoding=\"async\" src=\"https:\/\/www.europesays.com\/es\/wp-content\/uploads\/2025\/09\/8f7eeb62-53f3-4b04-bca7-a7c806b6ec33_alta-libre-aspect-ratio_default_0.jpg\" width=\"1200\" height=\"822\" alt=\"Lara Gonz\u00e1lez intenta lanzar a porter\u00eda.\" class=\"ft-helper-img-rd\" loading=\"lazy\" hasdataaida=\"true\"\/><\/p>\n<p class=\"ft-helper-fontColor-quaternary ft-helper-fontSize-body-S ft-helper-spacer-t-xxs\">Lara Gonz\u00e1lez intenta lanzar a porter\u00eda.  \/ EFE<\/p>\n<p class=\"ft-text\"><strong>Pregunta: \u00bfQu\u00e9 recuerdos tiene de su marcha a Francia siendo tan joven?<\/strong><\/p>\n<p class=\"ft-text\">Respuesta: Fue una decisi\u00f3n que me cost\u00f3 mucho tomar porque era muy joven y la oportunidad que me lleg\u00f3 era muy buena. Me cost\u00f3 mucho decidirme y tuve muchas dudas, pero lo que me hizo decantarme fue que me invitaron a pasar un fin de semana en Metz para ver como trabajaban, la estructura del club\u2026 En mis planes no estaba irme de casa tan joven, pero son oportunidades que cuando te llegan no puedes decir que no. Cuando vi el proyecto que ten\u00edan fue m\u00e1s f\u00e1cil tomar la decisi\u00f3n.<\/p>\n<p class=\"ft-text\"><strong>P: \u00bfFueron momentos duros?<\/strong><\/p>\n<p class=\"ft-text\">R: S\u00ed, sin duda. Los primeros meses de adaptaci\u00f3n fueron muy duros, m\u00e1s o menos hasta el sexto. Era muy joven, no dominaba el idioma y donde iba no hab\u00eda ninguna otra espa\u00f1ola. Ten\u00eda solo 19 a\u00f1os y nunca hab\u00eda ni jugado ni vivido fuera de mi casa. Fue un proceso de adaptaci\u00f3n y de crecimiento, ya no solo como jugadora, sino tambi\u00e9n como persona.\u00a0<\/p>\n<blockquote class=\"ft-mol-quote\" data-aida-quote=\"\"><p>\u00abEs un orgullo haber formado parte tanto tiempo de Las Guerreras\u00bb<\/p>\n<p class=\"ft-mol-quote__author--name\">Lara Gonz\u00e1lez<\/p>\n<p class=\"ft-mol-quote__author--status\">\u2014 Jugadora de balonmano<\/p>\n<\/blockquote>\n<p class=\"ft-text\"><strong>P: \u00bfFue el idioma lo m\u00e1s dif\u00edcil en su proceso de adaptaci\u00f3n?<\/strong><\/p>\n<p class=\"ft-text\">R: En general, s\u00ed. Tambi\u00e9n el estilo de vida o el clima son muy diferentes. En Dinamarca por ejemplo se vive mucho m\u00e1s en casa y no tanto fuera, pero lo m\u00e1s duro fue el idioma, porque no sab\u00eda c\u00f3mo interactuar. Yo ten\u00eda a mis amigas que eran mis compa\u00f1eras de equipo y al marcharme tuve que aprender a adaptarme. Aprendes a convivir con cada situaci\u00f3n. Para m\u00ed, era s\u00faper importante tener apoyo dentro del equipo y tener v\u00ednculos, entonces poco a poco fui aprendiendo el idioma.\u00a0<\/p>\n<p class=\"ft-text\"><strong>P: Repasando su trayectoria, ha jugado en Francia, Hungr\u00eda, Dinamarca, Ruman\u00eda\u2026 \u00bfHay grandes diferencias deportivas entre unos pa\u00edses y otros?<\/strong><\/p>\n<p class=\"ft-text\">R: Cuando me fui de Espa\u00f1a a Francia el sistema era totalmente distinto. Estaba m\u00e1s profesionalizado, cosa que en Espa\u00f1a no se pod\u00eda hacer. En los equipos en los que he estado posteriormente est\u00e1 todo hecho, es decir, t\u00fa te dedicas \u00fanicamente a jugar. El recuerdo que tengo de la liga danesa es que era muy dura por la cantidad de partidos, por el sistema de competici\u00f3n\u2026 A eso tambi\u00e9n hay que sumarle las competiciones europeas y que el arbitraje permite much\u00edsimo m\u00e1s, las jugadoras son mucho m\u00e1s f\u00edsicas tambi\u00e9n.\u00a0<\/p>\n<blockquote class=\"ft-mol-quote\" data-aida-quote=\"\"><p>\n\u00abMi partido m\u00e1s especial con la Selecci\u00f3n fue ante Noruega en las semifinales del Mundial\u00bb<\/p>\n<p class=\"ft-mol-quote__author--name\">Lara Gonz\u00e1lez<\/p>\n<p class=\"ft-mol-quote__author--status\">\u2014 Jugadora de balonmano<\/p>\n<\/blockquote>\n<p class=\"ft-text\"><strong>P: Ahora mismo es su tercer a\u00f1o en Ruman\u00eda, \u00bfc\u00f3mo es el nivel de la liga?<\/strong><\/p>\n<p class=\"ft-text\">R: La liga aumenta de nivel cada a\u00f1o por los recursos econ\u00f3micos que tiene. Ahora mismo hay much\u00edsimas extranjeras en la liga, pr\u00e1cticamente cada equipo tiene medio equipo que es internacional. Quitando a los dos equipos m\u00e1s punteros, los seis siguientes est\u00e1n muy igualados, se marca la diferencia por peque\u00f1os detalles. Es una liga muy equitativa.\u00a0<\/p>\n<p class=\"ft-text\"><strong>P: Hablando de internacionalidad&#8230; \u00bfQu\u00e9 recuerdos tiene de su debut con la selecci\u00f3n?<\/strong><\/p>\n<p class=\"ft-text\">R: Mi debut fue en un torneo amistoso y era una convocatoria en la que el seleccionador hab\u00eda dado descanso a muchas de las jugadoras habituales en aquel momento. Quiz\u00e1s no estuve tan nerviosa porque entr\u00e9 con compa\u00f1eras y amigas y hab\u00eda mucha gente joven, entonces no hab\u00eda tanta presi\u00f3n. Si no me falla la memoria el primer partido fue contra Alemania y tengo buen\u00edsimos recuerdos. Con la selecci\u00f3n han sido pr\u00e1cticamente 11 a\u00f1os. Han sido muchos campeonatos del mundo, de Europa, Juegos Ol\u00edmpicos\u2026\u00a0<\/p>\n<p class=\"ft-text\"><strong>P: \u00bfQu\u00e9 significa para usted haber formado parte de las Guerreras durante tanto tiempo?<\/strong><\/p>\n<p class=\"ft-text\">R: Es un orgullo poder representar a tu pa\u00eds en los eventos deportivos m\u00e1s altos, como son los Juegos Ol\u00edmpicos o un Campeonato del Mundo. Me siento orgullosa de haber llevado la camiseta de Espa\u00f1a tanto tiempo. Considero que lo he intentado exprimir al m\u00e1ximo. Recuerdo mi primer partido igual que el \u00faltimo en los Juegos Ol\u00edmpicos contra Francia, con los mismos nervios y la misma preparaci\u00f3n. Lo tengo como una etapa de mi vida que ha sido muy bonita y me ha aportado much\u00edsimo, tanto a nivel de jugadora como de persona. Es una satisfacci\u00f3n haber podido formar parte de las Guerreras durante tanto tiempo.\u00a0<\/p>\n<p class=\"ft-text\"><strong>P: \u00bfQu\u00e9 partido ha sido el m\u00e1s especial para usted con la Selecci\u00f3n?<\/strong><\/p>\n<p class=\"ft-text\">R: La semifinal del Campeonato del Mundo contra Noruega. Noruega es una gran potencia que lleva liderando el balonmano internacional durante much\u00edsimo tiempo y ganamos con todo lo que conlleva. Adem\u00e1s, nos dio la oportunidad de ir a los Juegos Ol\u00edmpicos. Justo hab\u00eda llegado de una lesi\u00f3n y fue como demostrarme a m\u00ed misma que estaba de vuelta. Hay muchos partidos con la Selecci\u00f3n, pero ese es el m\u00e1s especial para m\u00ed.<\/p>\n<p><img decoding=\"async\" src=\"https:\/\/www.europesays.com\/es\/wp-content\/uploads\/2025\/09\/683184e5-eb3e-4ae0-af81-69ec9e453f29_alta-libre-aspect-ratio_default_0.jpg\" width=\"1200\" height=\"800\" alt=\"Lara Gonz\u00e1lez, en su \u00e9poca en el CBM Elche, manteada por sus compa\u00f1eras\" class=\"ft-helper-img-rd\" loading=\"lazy\" hasdataaida=\"true\"\/><\/p>\n<p class=\"ft-helper-fontColor-quaternary ft-helper-fontSize-body-S ft-helper-spacer-t-xxs\">Lara Gonz\u00e1lez, en su \u00e9poca en el CBM Elche, manteada por sus compa\u00f1eras  \/ INFORMACI\u00d3N<\/p>\n<p class=\"ft-text\"><strong>P: \u00bfY el m\u00e1s duro?<\/strong><\/p>\n<p class=\"ft-text\">R: El m\u00e1s duro, sin duda, fueron los cuartos de final de los Juegos Ol\u00edmpicos de R\u00edo. La derrota contra Francia por un gol despu\u00e9s de ir ganando todo el partido nos dej\u00f3 fuera de las semifinales y fue un gran palo.\u00a0<\/p>\n<p class=\"ft-text\"><strong>P: Desde su perspectiva, \u00bfc\u00f3mo ve el presente y el futuro de Espa\u00f1a en el balonmano?<\/strong><\/p>\n<p class=\"ft-text\">R: La Selecci\u00f3n Espa\u00f1ola de balonmano est\u00e1 en un momento de transici\u00f3n. Los resultados de estos \u00faltimos a\u00f1os no han sido los mejores, pero es un momento de transici\u00f3n y de cambio generacional, de llegada de nuevas jugadoras y nuevos sistemas con el nuevo entrenador. Hay que ser pacientes, se est\u00e1 trabajando en un proyecto de cara a 2029. Est\u00e1n habiendo muchas m\u00e1s concentraciones y tiempo para entrenar, por lo que hay que ser pacientes y esperar al futuro.\u00a0<\/p>\n<p class=\"ft-text\"><strong>P: \u00bfSe ve volviendo a jugar en Elche?<\/strong><\/p>\n<p class=\"ft-text\">R: Ahora mismo estoy en Ruman\u00eda y tengo un a\u00f1o m\u00e1s de contrato. El futuro veremos lo que me depara. Elche para m\u00ed siempre ser\u00e1 como mi casa y si en alg\u00fan momento volviese a jugar en Espa\u00f1a ser\u00eda en el Atticgo Elche, si fuese posible. Ahora mismo no est\u00e1 en mis planes&#8230; pero porque no miro m\u00e1s all\u00e1 de este a\u00f1o.\u00a0<\/p>\n<p data-close=\"closedContent\" class=\"subscribeHideForDisplay\">Suscr\u00edbete para seguir leyendo<\/p>\n","protected":false},"excerpt":{"rendered":"Con m\u00e1s de una d\u00e9cada formando parte de las Guerreras, Lara Gonz\u00e1lez tiene a sus espaldas una dilatada&hellip;\n","protected":false},"author":2,"featured_media":135383,"comment_status":"","ping_status":"","sticky":false,"template":"","format":"standard","meta":{"footnotes":""},"categories":[278],"tags":[376,168,25,24,317,5976,375,10409,33788,15394,15338,23,167,42953],"class_list":{"0":"post-135382","1":"post","2":"type-post","3":"status-publish","4":"format-standard","5":"has-post-thumbnail","7":"category-balonmano","8":"tag-balonmano","9":"tag-deportes","10":"tag-es","11":"tag-espana","12":"tag-francia","13":"tag-gonzalez","14":"tag-handball","15":"tag-juegos-olimpicos","16":"tag-lara","17":"tag-rumania","18":"tag-seria","19":"tag-spain","20":"tag-sports","21":"tag-volviese"},"share_on_mastodon":{"url":"","error":""},"_links":{"self":[{"href":"https:\/\/www.europesays.com\/es\/wp-json\/wp\/v2\/posts\/135382","targetHints":{"allow":["GET"]}}],"collection":[{"href":"https:\/\/www.europesays.com\/es\/wp-json\/wp\/v2\/posts"}],"about":[{"href":"https:\/\/www.europesays.com\/es\/wp-json\/wp\/v2\/types\/post"}],"author":[{"embeddable":true,"href":"https:\/\/www.europesays.com\/es\/wp-json\/wp\/v2\/users\/2"}],"replies":[{"embeddable":true,"href":"https:\/\/www.europesays.com\/es\/wp-json\/wp\/v2\/comments?post=135382"}],"version-history":[{"count":0,"href":"https:\/\/www.europesays.com\/es\/wp-json\/wp\/v2\/posts\/135382\/revisions"}],"wp:featuredmedia":[{"embeddable":true,"href":"https:\/\/www.europesays.com\/es\/wp-json\/wp\/v2\/media\/135383"}],"wp:attachment":[{"href":"https:\/\/www.europesays.com\/es\/wp-json\/wp\/v2\/media?parent=135382"}],"wp:term":[{"taxonomy":"category","embeddable":true,"href":"https:\/\/www.europesays.com\/es\/wp-json\/wp\/v2\/categories?post=135382"},{"taxonomy":"post_tag","embeddable":true,"href":"https:\/\/www.europesays.com\/es\/wp-json\/wp\/v2\/tags?post=135382"}],"curies":[{"name":"wp","href":"https:\/\/api.w.org\/{rel}","templated":true}]}}