{"id":135400,"date":"2025-09-24T05:50:14","date_gmt":"2025-09-24T05:50:14","guid":{"rendered":"https:\/\/www.europesays.com\/es\/135400\/"},"modified":"2025-09-24T05:50:14","modified_gmt":"2025-09-24T05:50:14","slug":"el-documental-solo-pienso-en-ti-de-hugo-de-la-riva-gana-el-premio-pnr-al-mejor-largometraje-en-el-festival-de-cine-de-madrid","status":"publish","type":"post","link":"https:\/\/www.europesays.com\/es\/135400\/","title":{"rendered":"El documental \u201cSolo pienso en ti\u201d, de Hugo de la Riva, gana el Premio PNR al mejor largometraje en el Festival de Cine de Madrid"},"content":{"rendered":"<p>El largometraje documental \u201cSolo pienso en ti\u201d, dirigido por el cineasta alcazar\u00f1o Hugo de la Riva, ha sido galardonado con el Premio al Mejor Largometraje de la Plataforma de Nuevos Realizadores (PNR) en el reciente Festival de Cine de Madrid.<\/p>\n<p>Escrito por la guionista Ana Li\u00e9bana, producido por Alhaja Films y 39 Escalones, el documental re\u00fane una voz coral de figuras emblem\u00e1ticas de la m\u00fasica y la cultura espa\u00f1ola: V\u00edctor Manuel, Miguel R\u00edos, Joaqu\u00edn Sabina, Joan Manuel Serrat y Antonio Resines, entre otros.<\/p>\n<p>\u201cSolo pienso en ti\u201d rescata la historia real que inspir\u00f3 la ic\u00f3nica canci\u00f3n hom\u00f3nima de V\u00edctor Manuel, compuesta a finales de los a\u00f1os setenta. Narra c\u00f3mo la m\u00fasica se convirti\u00f3 en veh\u00edculo de visibilidad, empat\u00eda y cambio social, al conectar vidas aparentemente distantes: de un lado, el autor V\u00edctor Manuel en su compromiso art\u00edstico; de otro, la realidad de personas con discapacidad como Antonio y Mari Luz que se enamoran poniendo en jaque prejuicios sociales.<\/p>\n<p>El premio PNR \u2014una secci\u00f3n del Festival de Cine de Madrid orientada a nuevos realizadores o proyectos que aportan innovaci\u00f3n en la narrativa cinematogr\u00e1fica\u2014 reconoce no s\u00f3lo la calidad art\u00edstica de Solo pienso en ti, sino su capacidad de interrogar la memoria colectiva, de traer al presente historias marginadas, y de mostrar c\u00f3mo la cultura puede transformar percepciones sociales.<\/p>\n","protected":false},"excerpt":{"rendered":"El largometraje documental \u201cSolo pienso en ti\u201d, dirigido por el cineasta alcazar\u00f1o Hugo de la Riva, ha sido&hellip;\n","protected":false},"author":2,"featured_media":135401,"comment_status":"","ping_status":"","sticky":false,"template":"","format":"standard","meta":{"footnotes":""},"categories":[169],"tags":[24713,177,146,147,25,24,42956,176,42954,175,843,42955,23],"class_list":{"0":"post-135400","1":"post","2":"type-post","3":"status-publish","4":"format-standard","5":"has-post-thumbnail","7":"category-cine","8":"tag-alcazar","9":"tag-cine","10":"tag-entertainment","11":"tag-entretenimiento","12":"tag-es","13":"tag-espana","14":"tag-festival-de-cine-de-madrid","15":"tag-film","16":"tag-hugo-de-la-riva","17":"tag-movies","18":"tag-premio","19":"tag-solo-pienso-en-ti","20":"tag-spain"},"share_on_mastodon":{"url":"","error":""},"_links":{"self":[{"href":"https:\/\/www.europesays.com\/es\/wp-json\/wp\/v2\/posts\/135400","targetHints":{"allow":["GET"]}}],"collection":[{"href":"https:\/\/www.europesays.com\/es\/wp-json\/wp\/v2\/posts"}],"about":[{"href":"https:\/\/www.europesays.com\/es\/wp-json\/wp\/v2\/types\/post"}],"author":[{"embeddable":true,"href":"https:\/\/www.europesays.com\/es\/wp-json\/wp\/v2\/users\/2"}],"replies":[{"embeddable":true,"href":"https:\/\/www.europesays.com\/es\/wp-json\/wp\/v2\/comments?post=135400"}],"version-history":[{"count":0,"href":"https:\/\/www.europesays.com\/es\/wp-json\/wp\/v2\/posts\/135400\/revisions"}],"wp:featuredmedia":[{"embeddable":true,"href":"https:\/\/www.europesays.com\/es\/wp-json\/wp\/v2\/media\/135401"}],"wp:attachment":[{"href":"https:\/\/www.europesays.com\/es\/wp-json\/wp\/v2\/media?parent=135400"}],"wp:term":[{"taxonomy":"category","embeddable":true,"href":"https:\/\/www.europesays.com\/es\/wp-json\/wp\/v2\/categories?post=135400"},{"taxonomy":"post_tag","embeddable":true,"href":"https:\/\/www.europesays.com\/es\/wp-json\/wp\/v2\/tags?post=135400"}],"curies":[{"name":"wp","href":"https:\/\/api.w.org\/{rel}","templated":true}]}}