{"id":135412,"date":"2025-09-24T05:56:11","date_gmt":"2025-09-24T05:56:11","guid":{"rendered":"https:\/\/www.europesays.com\/es\/135412\/"},"modified":"2025-09-24T05:56:11","modified_gmt":"2025-09-24T05:56:11","slug":"mali-burkina-faso-y-niger-se-retiran-de-la-corte-penal-internacional","status":"publish","type":"post","link":"https:\/\/www.europesays.com\/es\/135412\/","title":{"rendered":"Mali, Burkina Faso y N\u00edger se retiran de la Corte Penal Internacional"},"content":{"rendered":"<p>Mali, Burkina Faso y N\u00edger han anunciado su <strong>retirada de la Corte Penal Internacional (CPI)<\/strong>. Estos tres pa\u00edses del \u00c1frica occidental, <strong>gobernados por militares<\/strong>, han tachado al tribunal de ser \u00abuna herramienta de represi\u00f3n neocolonial en manos del imperialismo\u00bb y lo han acusado de estar \u00abal servicio de potencias occidentales contra los pa\u00edses africanos\u00bb. Tambi\u00e9n han calificado a la CPI como \u00abun ejemplo mundial de una justicia selectiva\u00bb y han asegurado que<strong> su decisi\u00f3n es \u00abde efecto inmediato\u00bb<\/strong>. <\/p>\n<p>El anuncio, publicado en un comunicado conjunto el lunes, es el \u00faltimo ejemplo de la <strong>inestabilidad diplom\u00e1tica en la regi\u00f3n del Sahel, <\/strong>tras ocho golpes de Estado ocurridos entre 2020 y 2023.<\/p>\n<p>Los tres pa\u00edses ya se separaron del bloque regional de \u00c1frica Occidental, la CEDEAO, y formaron la Alianza de los Estados del Sahel. Tambi\u00e9n han restringido la cooperaci\u00f3n en materia de defensa con las potencias occidentales y han buscado <strong>estrechar lazos con Rusia<\/strong>.<\/p>\n<p>Consideran que la CPI es incapaz de procesar diversos cr\u00edmenes<\/p>\n<p>Tras m\u00e1s de veinte a\u00f1os siendo miembros de la CPI, con sede en La Haya (Pa\u00edses Bajos), Mali, Burkina Faso y N\u00edger han se\u00f1alado que consideraban que <strong>el tribunal era<\/strong> <strong>incapaz de procesar cr\u00edmenes de guerra<\/strong>, cr\u00edmenes de lesa humanidad, cr\u00edmenes de agresi\u00f3n y genocidio. En el comunicado, sin embargo, no han especificado ejemplos de casos en los que cre\u00edan que la CPI hab\u00eda incumplido sus obligaciones.<\/p>\n<p>Durante una reuni\u00f3n realizada el 15 de septiembre de los ministros de Justicia de la Alianza de Estados del Sahel (AES) en Niamey, capital de N\u00edger, el primer ministro interino del pa\u00eds, Mohamed Youmba, acus\u00f3 al CPI de estar <strong>\u00abexclusivamente orientado hacia los pa\u00edses africanos y sus dirigentes\u00bb<\/strong>. El responsable nigerino reproch\u00f3 al tribunal no interesarse por investigar o juzgar cr\u00edmenes cometidos en pa\u00edses occidentales. <\/p>\n<p>Varios observadores creen que la decisi\u00f3n de los tres l\u00edderes golpistas supone una manera de alejarse de un instrumento que podr\u00eda constituir <strong>un riesgo para ellos<\/strong>. El exministro de Justicia maliense Mamadou Ismaila Konat\u00e9 cuestion\u00f3 la <strong>implicaciones negativas <\/strong>que podr\u00eda tener la decisi\u00f3n de los pa\u00edses de la AES en materia de justicia internacional y el riesgo de impunidad que esta medida conlleva. <\/p>\n<p>En un mensaje publicado en su cuenta en X, Ismaila Konat\u00e9 se pregunt\u00f3: \u00ab\u00bfD\u00f3nde se juzgar\u00e1n los cr\u00edmenes de guerra, los cr\u00edmenes contra la humanidad, los actos de genocidio y otras graves violaciones del derecho internacional que puedan cometerse en su territorio, incluso por ellos mismos, como dirigentes?\u00bb.<\/p>\n<p>Creaci\u00f3n de una corte penal regional<\/p>\n<p>Como alternativa al CPI, los tres pa\u00edses han manifestado su intenci\u00f3n de crear<strong> \u00abla corte penal del Sahel y de derechos humanos\u00bb<\/strong>, una jurisdicci\u00f3n regional para tratar los cr\u00edmenes internacionales y que afectan a su zona. <\/p>\n<p>El primer ministro interino de N\u00edger anunci\u00f3 que los tres pa\u00edses prev\u00e9n crear una \u00abprisi\u00f3n de alta seguridad\u00bb que, seg\u00fan \u00e9l, servir\u00e1 para \u00abliberar\u00bb a los tres pa\u00edses de la AES \u00abdel recurso a las instancias jurisdiccionales internacionales\u00bb. <\/p>\n<p>Estos tres pa\u00edses<strong> luchan contra grupos militantes islamistas<\/strong> que controlan amplias extensiones de territorio y que han perpetrado frecuentes ataques contra instalaciones militares este a\u00f1o.<\/p>\n<p>La ONG Human Rights Watch y otras organizaciones han acusado a los militantes, as\u00ed como a los Ej\u00e9rcitos y fuerzas aliadas de Burkina Faso y Mali, de <strong>posibles cr\u00edmenes atroces<\/strong>. En abril, expertos de las Naciones Unidas afirmaron que la presunta ejecuci\u00f3n sumaria de varias docenas de civiles por parte de las fuerzas malienses podr\u00eda constituir cr\u00edmenes de guerra.<\/p>\n<p><strong>La CPI mantiene una investigaci\u00f3n abierta en Mali <\/strong>desde 2013 por presuntos cr\u00edmenes de guerra cometidos principalmente en las regiones septentrionales de Gao, Tombuct\u00fa y Kidal, que hab\u00edan ca\u00eddo bajo control de los militantes. Ese mismo a\u00f1o, Francia \u2014antigua potencia colonial de Mali\u2014 intervino en el pa\u00eds para repeler a los insurgentes. <\/p>\n","protected":false},"excerpt":{"rendered":"Mali, Burkina Faso y N\u00edger han anunciado su retirada de la Corte Penal Internacional (CPI). Estos tres pa\u00edses&hellip;\n","protected":false},"author":2,"featured_media":135413,"comment_status":"","ping_status":"","sticky":false,"template":"","format":"standard","meta":{"footnotes":""},"categories":[42],"tags":[17,18,13,14,11,61,62,63,64,19,20,9,10,15,16,12,21,22,65,66,67],"class_list":{"0":"post-135412","1":"post","2":"type-post","3":"status-publish","4":"format-standard","5":"has-post-thumbnail","7":"category-internacional","8":"tag-breaking-news","9":"tag-breakingnews","10":"tag-featured-news","11":"tag-featurednews","12":"tag-headlines","13":"tag-internacional","14":"tag-international","15":"tag-international-news","16":"tag-internationalnews","17":"tag-latest-news","18":"tag-latestnews","19":"tag-news","20":"tag-noticias","21":"tag-noticias-destacadas","22":"tag-noticiasdestacadas","23":"tag-titulares","24":"tag-ultimas-noticias","25":"tag-ultimasnoticias","26":"tag-world","27":"tag-world-news","28":"tag-worldnews"},"share_on_mastodon":{"url":"","error":""},"_links":{"self":[{"href":"https:\/\/www.europesays.com\/es\/wp-json\/wp\/v2\/posts\/135412","targetHints":{"allow":["GET"]}}],"collection":[{"href":"https:\/\/www.europesays.com\/es\/wp-json\/wp\/v2\/posts"}],"about":[{"href":"https:\/\/www.europesays.com\/es\/wp-json\/wp\/v2\/types\/post"}],"author":[{"embeddable":true,"href":"https:\/\/www.europesays.com\/es\/wp-json\/wp\/v2\/users\/2"}],"replies":[{"embeddable":true,"href":"https:\/\/www.europesays.com\/es\/wp-json\/wp\/v2\/comments?post=135412"}],"version-history":[{"count":0,"href":"https:\/\/www.europesays.com\/es\/wp-json\/wp\/v2\/posts\/135412\/revisions"}],"wp:featuredmedia":[{"embeddable":true,"href":"https:\/\/www.europesays.com\/es\/wp-json\/wp\/v2\/media\/135413"}],"wp:attachment":[{"href":"https:\/\/www.europesays.com\/es\/wp-json\/wp\/v2\/media?parent=135412"}],"wp:term":[{"taxonomy":"category","embeddable":true,"href":"https:\/\/www.europesays.com\/es\/wp-json\/wp\/v2\/categories?post=135412"},{"taxonomy":"post_tag","embeddable":true,"href":"https:\/\/www.europesays.com\/es\/wp-json\/wp\/v2\/tags?post=135412"}],"curies":[{"name":"wp","href":"https:\/\/api.w.org\/{rel}","templated":true}]}}