{"id":135416,"date":"2025-09-24T05:58:24","date_gmt":"2025-09-24T05:58:24","guid":{"rendered":"https:\/\/www.europesays.com\/es\/135416\/"},"modified":"2025-09-24T05:58:24","modified_gmt":"2025-09-24T05:58:24","slug":"el-dispositivo-especial-de-seguridad-para-la-procesion-magna-de-lucena-contempla-unos-200-efectivos","status":"publish","type":"post","link":"https:\/\/www.europesays.com\/es\/135416\/","title":{"rendered":"El dispositivo especial de seguridad para la Procesi\u00f3n Magna de Lucena contempla unos 200 efectivos"},"content":{"rendered":"<p style=\"text-align: center;\"><strong>Aurelio Fern\u00e1ndez destaca que \u201cla ciudad est\u00e1 preparada\u201d para albergar un evento multitudinario con medidas extraordinarias de movilidad en el centro hist\u00f3rico<\/strong><\/p>\n<p style=\"text-align: justify;\">Unas 200 personas integran el dispositivo especial de seguridad que el Ayuntamiento de Lucena y la Agrupaci\u00f3n de Cofrad\u00edas coordinar\u00e1n con motivo de la celebraci\u00f3n de la Procesi\u00f3n Magna Pasionista \u201cLucena Vive la Pasi\u00f3n\u201d este s\u00e1bado 27 de septiembre, en un plan que prev\u00e9 el cierre del centro hist\u00f3rico a los veh\u00edculos desde las 16:00 horas, incluido en parking p\u00fablico de la Plaza Nueva.<\/p>\n<p style=\"text-align: justify;\">Desde la Jefatura de Polic\u00eda Local, el alcalde de Lucena, Aurelio Fern\u00e1ndez, acompa\u00f1ado por el concejal de Seguridad Ciudadana, \u00c1ngel Novillo, el inspector jefe de Polic\u00eda Local, Jos\u00e9 Pino, y el director del plan de emergencias y evacuaci\u00f3n, Manuel Rold\u00e1n, ha presentado el plan de seguridad en cuya preparaci\u00f3n se \u201ctrabaja desde hace meses\u201d con una conclusi\u00f3n clara: \u201cLucena est\u00e1 preparada para albergar un evento que ser\u00e1 hist\u00f3rico y multitudinario\u201d.<\/p>\n<p style=\"text-align: justify;\">El operativo especial estar\u00e1 en marcha desde primera hora del s\u00e1bado, si bien ser\u00e1 dos horas antes de la salida del primer paso cuando entre en su fase central, con unos 36 efectivos de Polic\u00eda Local, apoyados por 26 miembros de la Agrupaci\u00f3n de Voluntarios de Protecci\u00f3n Civil, desplegados por el centro urbano, con especial atenci\u00f3n a los siete templos presentes en las salidas de las hermandades. Polic\u00eda Nacional, con diversos grupos operativos desplazados hasta Lucena, as\u00ed como los Bomberos, tambi\u00e9n estar\u00e1n presentes con diferentes equipos repartidos por el desfile.<\/p>\n<p style=\"text-align: justify;\">En la carrera oficial, entre la calle Alcaide y la calle Agua en el entorno de la Plaza Nueva, el control de accesos y palcos contar\u00e1 con 24 agentes de seguridad privada y la colaboraci\u00f3n de m\u00e1s de 40 voluntarios de cofrad\u00edas, parroquias y C\u00e1ritas Parroquiales. Cada hermandad har\u00e1 su recorrido acompa\u00f1ado por diferentes responsables de seguridad, en permanente contacto con el Centro de Coordinaci\u00f3n Operativa, que quedar\u00e1 situado en el edificio central del Ayuntamiento, con representantes de todos los cuerpos de seguridad y emergencias presentes en la Magna.<\/p>\n<p style=\"text-align: justify;\">El despliegue sanitario contar\u00e1 con cuatro ambulancias y estar\u00e1 reforzado con una decena de desfibriladores distribuidos a lo largo del recorrido y personal experto en su uso, garantizando la atenci\u00f3n inmediata ante cualquier emergencia. A lo largo de la tarde y noche, est\u00e1n previstos los desplazamientos de las ambulancias y del personal sanitario por diferentes ubicaciones del centro urbano para estar lo m\u00e1s cerca posible de las aglomeraciones de p\u00fablico., con una carpa de atenci\u00f3n ciudadana, bajo control de Protecci\u00f3n Civil, fija en la plaza San Miguel.<\/p>\n<p style=\"text-align: justify;\">Por \u00faltimo, el dispositivo de seguridad alberga una red de aparcamientos disuasorios gratuitos en varios puntos de la ciudad, incluidos aquellos que entrar\u00e1n en funcionamiento para este evento en el antiguo campo de f\u00fatbol municipal y la avenida de la Infancia cuya apertura el Ayuntamiento ultima estos d\u00edas. Personal de seguridad privada velar\u00e1 por el correcto funcionamiento de estos estacionamientos. En el caso de los autobuses, se ha establecido el recinto ferial como lugar de apeadero de viajeros para su posterior traslado hasta el aparcamiento del Estadio Ciudad de Lucena.<\/p>\n<p style=\"text-align: justify;\">Todos los detalles pr\u00e1cticos \u2013horarios, itinerarios, aparcamientos y servicios\u2013 se encuentran disponibles en la web oficial: <strong><a href=\"http:\/\/www.semanasantalucena.com\" rel=\"nofollow noopener\" target=\"_blank\">www.semanasantalucena.com<\/a><\/strong>. Para la comunicaci\u00f3n de incidencias, a los tel\u00e9fonos habituales de emergencias del 112 y de Polic\u00eda Local, la Polic\u00eda Nacional recomienda el uso de la aplicaci\u00f3n m\u00f3vil AlertCops, que permitir\u00e1 una comunicaci\u00f3n r\u00e1pida y directa con las fuerzas de seguridad en caso de cualquier incidencia.<\/p>\n<p>Desde el Ayuntamiento, el alcalde ha apelado a la colaboraci\u00f3n ciudadana, especialmente en el cuidado de los menores y en el respeto a las indicaciones de seguridad, para que la Procesi\u00f3n Magna se desarrolle con normalidad y se proyecte la mejor imagen de la ciudad en torno a una tradici\u00f3n, como es la Santer\u00eda de Lucena, \u00fanica en el mundo.<\/p>\n<p>La Procesi\u00f3n Magna Pasionista de Lucena<\/p>\n<p style=\"text-align: justify;\">Un total de 18 im\u00e1genes \u2014cristos, v\u00edrgenes y pasos de misterio\u2014, pertenecientes a las cofrad\u00edas de Pasi\u00f3n, participar\u00e1n en la Procesi\u00f3n Magna presidida por Mar\u00eda Sant\u00edsima de Araceli, patrona de Lucena y del campo andaluz. El cortejo seguir\u00e1 un orden cronol\u00f3gico de la Pasi\u00f3n, Muerte y Resurrecci\u00f3n de Cristo, ofreciendo un recorrido devocional y art\u00edstico que abarca desde el siglo XVI hasta la actualidad. La procesi\u00f3n contar\u00e1 con el sonido caracter\u00edstico del tambor y el torralbo, junto a la participaci\u00f3n de formaciones de prestigio como la Agrupaci\u00f3n Musical Virgen de los Reyes, la Banda de las Cigarreras, la Agrupaci\u00f3n Musical Jes\u00fas de la Redenci\u00f3n, y las bandas locales SDM Banda de M\u00fasica de Lucena y la Agrupaci\u00f3n Musical Stmo. Cristo de la Humillaci\u00f3n.<\/p>\n<p>Un evento con muchos lugares de inter\u00e9s para aficionados<\/p>\n<p style=\"text-align: justify;\">Como evento extraordinario, la Procesi\u00f3n Magna de Lucena dejar\u00e1 estampas in\u00e9ditas en una ciudad acostumbrada a vivir experiencias tur\u00edsticas en torno a la fe y la devoci\u00f3n cada Semana Santa con uno de los patrimonios cofrades m\u00e1s singulares de Andaluc\u00eda. Sin duda, la subida por la torre del reloj, como se conoce a este acceso a la Plaza Nueva, epicentro de la carrera oficial, ser\u00e1 uno de los mejores rincones para ver santear a las diferentes cuadrillas, pero rincones como el Llanete de San Agust\u00edn, el entorno de San Francisco o el Llanete de Jes\u00fas Nazareno, todo ellos fuera del recorrido oficial, congregar\u00e1n a gran cantidad de p\u00fablico. <\/p>\n","protected":false},"excerpt":{"rendered":"Aurelio Fern\u00e1ndez destaca que \u201cla ciudad est\u00e1 preparada\u201d para albergar un evento multitudinario con medidas extraordinarias de movilidad&hellip;\n","protected":false},"author":2,"featured_media":135417,"comment_status":"","ping_status":"","sticky":false,"template":"","format":"standard","meta":{"footnotes":""},"categories":[5],"tags":[17,18,25,24,13,14,11,19,20,9,10,15,16,23,12,21,22],"class_list":{"0":"post-135416","1":"post","2":"type-post","3":"status-publish","4":"format-standard","5":"has-post-thumbnail","7":"category-titulares","8":"tag-breaking-news","9":"tag-breakingnews","10":"tag-es","11":"tag-espana","12":"tag-featured-news","13":"tag-featurednews","14":"tag-headlines","15":"tag-latest-news","16":"tag-latestnews","17":"tag-news","18":"tag-noticias","19":"tag-noticias-destacadas","20":"tag-noticiasdestacadas","21":"tag-spain","22":"tag-titulares","23":"tag-ultimas-noticias","24":"tag-ultimasnoticias"},"share_on_mastodon":{"url":"","error":""},"_links":{"self":[{"href":"https:\/\/www.europesays.com\/es\/wp-json\/wp\/v2\/posts\/135416","targetHints":{"allow":["GET"]}}],"collection":[{"href":"https:\/\/www.europesays.com\/es\/wp-json\/wp\/v2\/posts"}],"about":[{"href":"https:\/\/www.europesays.com\/es\/wp-json\/wp\/v2\/types\/post"}],"author":[{"embeddable":true,"href":"https:\/\/www.europesays.com\/es\/wp-json\/wp\/v2\/users\/2"}],"replies":[{"embeddable":true,"href":"https:\/\/www.europesays.com\/es\/wp-json\/wp\/v2\/comments?post=135416"}],"version-history":[{"count":0,"href":"https:\/\/www.europesays.com\/es\/wp-json\/wp\/v2\/posts\/135416\/revisions"}],"wp:featuredmedia":[{"embeddable":true,"href":"https:\/\/www.europesays.com\/es\/wp-json\/wp\/v2\/media\/135417"}],"wp:attachment":[{"href":"https:\/\/www.europesays.com\/es\/wp-json\/wp\/v2\/media?parent=135416"}],"wp:term":[{"taxonomy":"category","embeddable":true,"href":"https:\/\/www.europesays.com\/es\/wp-json\/wp\/v2\/categories?post=135416"},{"taxonomy":"post_tag","embeddable":true,"href":"https:\/\/www.europesays.com\/es\/wp-json\/wp\/v2\/tags?post=135416"}],"curies":[{"name":"wp","href":"https:\/\/api.w.org\/{rel}","templated":true}]}}