{"id":135423,"date":"2025-09-24T06:04:11","date_gmt":"2025-09-24T06:04:11","guid":{"rendered":"https:\/\/www.europesays.com\/es\/135423\/"},"modified":"2025-09-24T06:04:11","modified_gmt":"2025-09-24T06:04:11","slug":"carlos-alcaraz-carlos-alcaraz-y-jannik-sinner-eligen-caminos-distintos-en-el-arranque-del-sprint-final-del-ano","status":"publish","type":"post","link":"https:\/\/www.europesays.com\/es\/135423\/","title":{"rendered":"Carlos Alcaraz | Carlos Alcaraz y Jannik Sinner eligen caminos distintos en el arranque del sprint final del a\u00f1o"},"content":{"rendered":"<p class=\"ft-text\"><a class=\"ft-link ft-link--decoration\" href=\"https:\/\/www.laopiniondemurcia.es\/tags\/carlos-alcaraz\/\" rel=\"nofollow noopener\" target=\"_blank\"><strong>Carlos Alcaraz<\/strong><\/a><strong> y Jannik Sinner han elegido caminos distintos para iniciar la recta final de la temporada 2025,<\/strong> en la <a class=\"ft-link ft-link--decoration\" href=\"https:\/\/www.laopiniondemurcia.es\/deportes\/2025\/09\/22\/carlos-alcaraz-conoce-hoja-ruta-121851802.html\" target=\"_blank\" rel=\"nofollow noopener\">que el tenista murciano vivir\u00e1 en Jap\u00f3n <\/a>a partir de ma\u00f1ana un doble estreno, puesto que por primera vez participar\u00e1 en este torneo<strong> ATP 500 e inaugurar\u00e1 el n\u00famero 1 del mundo que recuper\u00f3 con su triunfo en el US Open.<\/strong> Por su parte, el italiano ha optado por repetir en Pek\u00edn, donde el a\u00f1o pasado cay\u00f3 en la final frente al de El Palmar. Sin embargo, a partir del 1 de octubre s\u00ed que se volver\u00e1n a encontrar. <strong>Ser\u00e1 en el Masters 1000 de Shanghai ,donde el de San C\u00e1ndido logr\u00f3 el t\u00edtulo en 2024. <\/strong><\/p>\n<p class=\"ft-text\">En Tokio, <strong>donde el murciano debutar\u00e1 ante el argentino Sebastian Baez<\/strong> y se puede encontrar con Frances Tiafoe en cuartos, Casper Ruud en semifinales y Taylor Fritz, quien la pasada semana le derrot\u00f3 en la Laver Cup, en la final, tendr\u00e1 que defender los <strong>500 puntos que sum\u00f3 hace un a\u00f1o en Pek\u00edn en el \u00fanico torneo del sprint final de 2025 donde triunf\u00f3. <\/strong><\/p>\n<p><img decoding=\"async\" src=\"https:\/\/www.europesays.com\/es\/wp-content\/uploads\/2025\/09\/a3e398d0-bfe2-41af-bf9e-4bef5c4085cb_alta-libre-aspect-ratio_default_0.jpg\" width=\"1200\" height=\"800\" alt=\"Final del US Open: Jannik Sinner - Carlos Alcaraz, en im\u00e1genes.\" class=\"ft-helper-img-rd\" loading=\"lazy\" hasdataaida=\"true\"\/><\/p>\n<p class=\"ft-helper-fontColor-quaternary ft-helper-fontSize-body-S ft-helper-spacer-t-xxs\">Final del US Open: Jannik Sinner &#8211; Carlos Alcaraz, en im\u00e1genes.  \/ Frank Franklin II \/ AP<\/p>\n<p class=\"ft-text\">En el resto solo tendr\u00e1 que defender otros 500: <strong>200 en Shanghai, donde cay\u00f3 en cuartos de final; 100 en el Masters 1000 de Par\u00eds, donde perdi\u00f3 en octavos de final; y 200 en las Finales ATP<\/strong>. Sin embargo, el bot\u00edn que trae de 2024 Sinner de estas citas es mucho mayor: <strong>330 en Pek\u00edn, 1.000 en Shanghai y 1.500 en las Finales ATP -no jug\u00f3 en Par\u00eds-, que sumados a los 500 de Pek\u00edn<\/strong>, hacen un total de 3.330.<\/p>\n<p class=\"ft-text\">En la capital de China, <strong>el italiano, que descans\u00f3 dos semanas despu\u00e9s del US Open al no estar en la Laver Cup<\/strong>, se estrenar\u00e1 ante el veterano croata Marin Cilic y se podr\u00eda enfrentar a Karen Khachanov en cuartos de final, <strong>Alex de Minaur y Jakub Mensik en semfiinales, y Alexander Zverev y Alexander Bublik en la final. <\/strong><\/p>\n<p class=\"ft-text\">Alcaraz, que cuenta en estos momentos con <strong>11.540 puntos por 10.780 de Sinner<\/strong>, lo tiene, por tanto, f\u00e1cil para asegurarse acabar el a\u00f1o en el n\u00famero 1 del mundo. De momento ya est\u00e1 en el \u2018top 10\u2019 de jugadores con m\u00e1s semanas seguidas entre los tres primeros el mundo, con 159, y lleva 39, 37 corresponden a la anterior la etapa, en el primer puesto con solo 22 a\u00f1os de edad, encontr\u00e1ndose ya a una de Ilie Nastase y dos de Andy Murray.<\/p>\n","protected":false},"excerpt":{"rendered":"Carlos Alcaraz y Jannik Sinner han elegido caminos distintos para iniciar la recta final de la temporada 2025,&hellip;\n","protected":false},"author":2,"featured_media":135424,"comment_status":"","ping_status":"","sticky":false,"template":"","format":"standard","meta":{"footnotes":""},"categories":[274],"tags":[4736,1691,415,545,168,18315,25,24,20068,4759,568,2970,4466,23,167,327,326,541],"class_list":{"0":"post-135423","1":"post","2":"type-post","3":"status-publish","4":"format-standard","5":"has-post-thumbnail","7":"category-tenis","8":"tag-alcaraz","9":"tag-atp","10":"tag-carlos","11":"tag-carlos-alcaraz","12":"tag-deportes","13":"tag-eligen","14":"tag-es","15":"tag-espana","16":"tag-jannik","17":"tag-paris","18":"tag-pekin","19":"tag-shanghai","20":"tag-sinner","21":"tag-spain","22":"tag-sports","23":"tag-tenis","24":"tag-tennis","25":"tag-us-open"},"share_on_mastodon":{"url":"","error":""},"_links":{"self":[{"href":"https:\/\/www.europesays.com\/es\/wp-json\/wp\/v2\/posts\/135423","targetHints":{"allow":["GET"]}}],"collection":[{"href":"https:\/\/www.europesays.com\/es\/wp-json\/wp\/v2\/posts"}],"about":[{"href":"https:\/\/www.europesays.com\/es\/wp-json\/wp\/v2\/types\/post"}],"author":[{"embeddable":true,"href":"https:\/\/www.europesays.com\/es\/wp-json\/wp\/v2\/users\/2"}],"replies":[{"embeddable":true,"href":"https:\/\/www.europesays.com\/es\/wp-json\/wp\/v2\/comments?post=135423"}],"version-history":[{"count":0,"href":"https:\/\/www.europesays.com\/es\/wp-json\/wp\/v2\/posts\/135423\/revisions"}],"wp:featuredmedia":[{"embeddable":true,"href":"https:\/\/www.europesays.com\/es\/wp-json\/wp\/v2\/media\/135424"}],"wp:attachment":[{"href":"https:\/\/www.europesays.com\/es\/wp-json\/wp\/v2\/media?parent=135423"}],"wp:term":[{"taxonomy":"category","embeddable":true,"href":"https:\/\/www.europesays.com\/es\/wp-json\/wp\/v2\/categories?post=135423"},{"taxonomy":"post_tag","embeddable":true,"href":"https:\/\/www.europesays.com\/es\/wp-json\/wp\/v2\/tags?post=135423"}],"curies":[{"name":"wp","href":"https:\/\/api.w.org\/{rel}","templated":true}]}}