{"id":135425,"date":"2025-09-24T06:06:45","date_gmt":"2025-09-24T06:06:45","guid":{"rendered":"https:\/\/www.europesays.com\/es\/135425\/"},"modified":"2025-09-24T06:06:45","modified_gmt":"2025-09-24T06:06:45","slug":"espn-trae-a-disney-el-prometedor-gp-de-austria-de-f1-con-un-colapinto-ilusionado-por-sumar","status":"publish","type":"post","link":"https:\/\/www.europesays.com\/es\/135425\/","title":{"rendered":"ESPN trae a DISNEY+ el prometedor GP de Austria de F1, con un Colapinto ilusionado por sumar"},"content":{"rendered":"<p style=\"text-align: center\"><strong>Del 27 al 29 de junio, en el Red Bull Ring en Spielberg, con cobertura completa para los suscriptores del Plan Premium Disney+, que incluye las pr\u00e1cticas, clasificaciones y carreras de F1, F2 y F3, m\u00e1s la posibilidad de acceder a la Race Hub, una experiencia innovadora multic\u00e1mara, que combina la transmisi\u00f3n principal con datos en tiempo real, momentos destacados y c\u00e1maras on-board en los autos de Colapinto y Russell<br \/><\/strong>\u2014\u2014\u2014\u2014\u2014\u2014\u2014\u2014\u2014\u2014\u2014\u2014\u2014\u2014\u2014\u2014\u2014-<br \/><a href=\"https:\/\/nam04.safelinks.protection.outlook.com\/?url=https%3A%2F%2Fdisneyplus.com%2Fbrowse%2Fentity-7d44c78e-fe1e-498a-88ba-fe3b342772be&amp;data=05%7C02%7CWalter.A.Napoli%40espn.com%7Cfe4bdd30eb614a2e7d2508ddb380c488%7C56b731a8a2ac4c32bf6b616810e913c6%7C1%7C0%7C638864087823114876%7CUnknown%7CTWFpbGZsb3d8eyJFbXB0eU1hcGkiOnRydWUsIlYiOiIwLjAuMDAwMCIsIlAiOiJXaW4zMiIsIkFOIjoiTWFpbCIsIldUIjoyfQ%3D%3D%7C0%7C%7C%7C&amp;sdata=psBuMDlupbSMG%2FC1YCZelgx1RSl0C3yxaL6MVM8RKUs%3D&amp;reserved=0\" rel=\"nofollow noopener\" target=\"_blank\">F\u00f3rmula 1 en Disney+<\/a><br \/>\u2014\u2014\u2014\u2014\u2014\u2014\u2014\u2014\u2014\u2014\u2014\u2014\u2014- @disneyplusla \u2014\u2014\u2014\u2014\u2014\u2014\u2014\u2014\u2014\u2014\u2014\u2014\u2014-<\/p>\n<p>Tras una breve pausa luego del GP de Canad\u00e1 que gan\u00f3 <strong>George Russell<\/strong> (Mercedes), la F\u00f3rmula 1 vuelve a la acci\u00f3n en el Red Bull Ring de Spielberg para el <strong>FORMULA 1 MSC CRUISES AUSTRIAN GRAND PRIX 2025.<\/strong><\/p>\n<p>Esta ser\u00e1 la und\u00e9cima cita del calendario, en el circuito renovado por completo cuando lo adquiri\u00f3 <strong>Red Bull<\/strong>\u00a0en 2010. Se extiende por 4.318 km\u00a0y cuenta con 10 curvas\u00a0y 71 vueltas\u00a0que exigir\u00e1n al m\u00e1ximo en t\u00e9rminos de ritmo, precisi\u00f3n y estrategia. Su perfil t\u00e9cnico, con fuertes frenadas, desniveles y tramos de alta velocidad, genera condiciones ideales para adelantamientos y maniobras al l\u00edmite. Todo est\u00e1 listo para una carrera vibrante en un escenario donde la historia reciente ha demostrado que nada est\u00e1 definido hasta el \u00faltimo giro.<\/p>\n<p>El Campeonato de Pilotos cuenta con <strong>Oscar Piastri<\/strong>\u00a0como l\u00edder, con 198 puntos, seguido por su compa\u00f1ero <strong>Lando Norris<\/strong><strong>,<\/strong>\u00a0con 176, mientras que <strong>Max Verstappen<\/strong>\u00a0mantiene viva la pelea, con 155. En Constructores, <strong>McLaren<\/strong>\u00a0se impone con autoridad, con<strong>\u00a0<\/strong>374, escoltado por <strong>Mercedes<\/strong>\u00a0(199) y <strong>Ferrari<\/strong>\u00a0(183). <strong>Red Bull<\/strong>, cuarto con 162, llega a su circuito con la presi\u00f3n de responder como anfitri\u00f3n y volver a meterse en la lucha grande.<\/p>\n<p>En cuanto a <strong>Franco Colapinto<\/strong>,\u00a0esta ser\u00e1 su quinta participaci\u00f3n consecutiva\u00a0en <strong>Alpine<\/strong>. El joven piloto argentino, que ya dej\u00f3 destellos de su talento, encara el desaf\u00edo en Austria con el objetivo de afianzarse y alcanzar una actuaci\u00f3n convincente. Spielberg, por su perfil t\u00e9cnico y margen para el sobrepaso, podr\u00eda ser el escenario ideal para empezar a sumar.<\/p>\n<p>En <strong>F2<\/strong>, el colombiano <strong>Sebasti\u00e1n Montoya<\/strong> llega con buen impulso tras su segundo podio del a\u00f1o en Barcelona, y buscar\u00e1 seguir escalando posiciones en la clasificaci\u00f3n general, en la que se ubica entre los diez mejores. Y el paraguayo <strong>Joshua D\u00fcrksen<\/strong>\u00a0contin\u00faa sumando experiencia en su temporada debut y espera en Austria dar un salto de calidad, en un circuito que ya conoce de etapas anteriores en categor\u00edas menores.<\/p>\n<p>Toda la cobertura del GP de Austria estar\u00e1 a cargo de <strong>Fernando Tornello<\/strong>, <strong>Juan Fossaroli<\/strong>, <strong>Juan Manuel L\u00f3pez<\/strong>\u00a0y <strong>Albert F\u00e0brega<\/strong>, con an\u00e1lisis previos y post carrera, as\u00ed como acceso a <strong>Race\u00a0Hub<\/strong>, la innovadora experiencia multic\u00e1mara que combina la transmisi\u00f3n principal con datos en tiempo real, momentos destacados y c\u00e1maras on-board en los autos de Colapinto y Russell.<\/p>\n<p>\u00a0<\/p>\n<tr>\n<td width=\"734\"><strong>DATOS PARA CALENTAR MOTORES<\/strong><\/td>\n<\/tr>\n<tr>\n<td width=\"734\"><strong><br \/>Circuito Red Bull Ring, Spielberg<\/strong><\/p>\n<ul>\n<li>Debut\u00f3 en la F1 en 1970, cuando era conocido como \u00d6sterreichring y desde 2010 pas\u00f3 a llamarse RedBull Ring.<\/li>\n<li>Su trazado urbano, ubicado en la \u00cele Notre-Dame, es famoso por el Muro de los Campeones y su entorno natural.<\/li>\n<li>Esta ser\u00e1 la edici\u00f3n n\u00famero 43 del GP de Austria, incluyendo ediciones como \u00d6sterreichring, A1-Ring y Red Bull Ring.<\/li>\n<\/ul>\n<p><strong>F\u00f3rmula 1<\/strong><\/p>\n<ul>\n<li>El r\u00e9cord de vuelta lo ostenta Carlos Sainz con un tiempo de 1:05.619, registrado en 2019.<\/li>\n<li>En 2024, George Russell venci\u00f3 con un tiempo de 1:24:22.798, seguido por Oscar Piastri (+1.906) y Carlos Sainz (+4.533).<\/li>\n<\/ul>\n<p><strong>F\u00f3rmula 2<\/strong><\/p>\n<ul>\n<li>El r\u00e9cord de vuelta lo ostenta Charles Leclerc con un tiempo de 1:13.396, registrado en 2017.<\/li>\n<\/ul>\n<p>En 2024, el ganador fue el brasile\u00f1o Gabriel Bortoleto, quien se impuso con un tiempo de 53:59.322.<\/p>\n<p><strong>Este es el cronograma del fin de semana<\/strong><\/p>\n<p><strong>Viernes 27 de junio<\/strong><\/p>\n<p><strong>F3\u00a0\u2013 Spielberg \u2013 Pr\u00e1cticas<\/strong><strong><br \/><\/strong>04:50 ARG\/PAR\/URU \u2013 03:50 CHI\/ BOL\/VEN \u2013 02:50 COL\/ECU\/PER \/\/ <strong>Plan Premium Disney+ e ESPN2<\/strong><\/p>\n<p><strong>F2\u00a0\u2013 Spielberg \u2013 Pr\u00e1cticas<\/strong><strong><br \/><\/strong>05:50 ARG\/PAR\/URU \u2013\u00a004:50 BOL\/CHI\/VEN \u2013 03:50 COL\/ECU\/PER \/\/ <strong>Plan Premium Disney+ e ESPN2<\/strong><\/p>\n<p><strong>F1\u00a0\u2013\u00a0GP Austria \u2013 Pr\u00e1ctica #1<br \/><\/strong>08:25 ARG\/PAR\/URU \u2013\u00a007:25 BOL\/CHI\/VEN \u2013 06:25 COL\/ECU\/PER \/\/ <strong>Plan Premium Disney+\u00a0<\/strong><\/p>\n<p><strong>F3\u00a0\u2013 Spielberg \u2013 Clasificaci\u00f3n<\/strong><strong><br \/><\/strong>09:55 ARG\/PAR\/URU\u00a0\u2013 08:55 CHI\/BOL\/VEN \u2013 07:55 COL\/ECU\/PER \/\/<strong>\u00a0Plan Premium Disney+ e ESPN2<\/strong><\/p>\n<p><strong>F2\u00a0\u2013 Spielberg \u2013 Clasificaci\u00f3n<\/strong><strong><br \/><\/strong>10:40 ARG\/PAR\/URU\u00a0\u2013 09:40 CHI\/BOL\/VEN \u2013 08:40 COL\/ECU\/PER \/\/<strong>\u00a0Plan Premium Disney+ e ESPN2<\/strong><\/p>\n<p><strong>F1\u00a0\u2013\u00a0GP\u00a0Austria \u2013 Pr\u00e1ctica #2<br \/><\/strong>11:55 ARG\/PAR\/URU \u2013 10:55 BOL\/CHI\/VEN \u2013 09:55 COL\/ECU\/PER \/\/ <strong>Plan Premium Disney+<br \/><\/strong><strong><br \/>S\u00e1bado 28 de junio<\/strong><\/p>\n<p><strong>F3 \u2013 Spielberg \u2013 Carrera Sprint<\/strong><strong><br \/><\/strong>05:00 ARG\/PAR\/URU\u00a0\u2013 04:00 CHI\/BOL\/VEN \u2013 03:00\u00a0COL\/ECU\/PER \/\/<strong>\u00a0Disney + e ESPN<\/strong><\/p>\n<p><strong>F1 \u2013 GP Austria \u2013 Pr\u00e1ctica #3<br \/><\/strong>07:25 ARG\/PAR\/URU \u2013 06:25 BOL\/CHI\/VEN \u2013 05:25 COL\/ECU\/PER \/\/ <strong>Plan Premium Disney+ <\/strong><strong>\u00a0<\/strong><\/p>\n<p><strong>F2\u00a0\u2013 Spielberg \u2013 Carrera Sprint<\/strong><strong><br \/><\/strong>09:05 ARG\/PAR\/URU \u2013 08:05 CHI\/ BOL\/VEN \u2013 07:05 COL\/ECU\/PER \/\/ <strong>Disney + e ESPN3<\/strong><\/p>\n<p><strong>F1\u00a0\u2013\u00a0GP\u00a0Austria \u2013 Clasificaci\u00f3n<\/strong><strong><br \/><\/strong>10:55 ARG\/PAR\/URU \u2013 09:55 BOL\/CHI\/VEN \u2013 08:55 COL\/ECU\/PER \/\/ <strong>Plan Premium Disney+\u00a0\u00a0<\/strong><\/p>\n<p><strong>D<\/strong><strong>omingo 29 de junio<\/strong><\/p>\n<p><strong>F3\u00a0\u2013 Spielberg \u2013 Carrera<\/strong><strong><br \/><\/strong>03:25\u00a0ARG\/PAR\/URU\u00a0\u2013 02:25\u00a0CHI\/BOL\/VEN \u2013 01:25\u00a0COL\/ECU\/PER \/\/<strong>\u00a0<\/strong><strong>Disney + e ESPN\u00a0<\/strong><\/p>\n<p><strong>F2\u00a0\u2013 Spielberg \u2013 Carrera<\/strong><strong><br \/><\/strong>04:50 ARG\/PAR\/URU\u00a0\u2013 03:50 CHI\/BOL\/VEN \u2013 02:50\u00a0COL\/ECU\/PER \/\/<strong>\u00a0<\/strong><strong>Disney + e ESPN\u00a0<\/strong><\/p>\n<p><strong>F1\u00a0\u2013\u00a0GP\u00a0Austria \u2013 Carrera<br \/><\/strong>09:55\u00a0ARG\/PAR\/URU \u2013 08:55 CHI\/BOL\/VEN \u2013 07:55 COL\/ECU\/PER \/\/\u00a0\/\/ <strong>Plan Premium Disney+<\/strong><\/p>\n<\/td>\n<\/tr>\n<p><strong>\u2630<\/strong>\u00a0<strong>M\u00e1s informaci\u00f3n en<\/strong><strong>\u00a0<\/strong><a href=\"https:\/\/nam04.safelinks.protection.outlook.com\/?url=https%3A%2F%2Fwww.espn.com.ar%2Fdeporte-motor%2Ff1%2F&amp;data=05%7C02%7CWalter.A.Napoli%40espn.com%7Cfe4bdd30eb614a2e7d2508ddb380c488%7C56b731a8a2ac4c32bf6b616810e913c6%7C1%7C0%7C638864087823141854%7CUnknown%7CTWFpbGZsb3d8eyJFbXB0eU1hcGkiOnRydWUsIlYiOiIwLjAuMDAwMCIsIlAiOiJXaW4zMiIsIkFOIjoiTWFpbCIsIldUIjoyfQ%3D%3D%7C0%7C%7C%7C&amp;sdata=L21VlxYTptfv%2B1FizG%2BHIG62JsZ9f6qX2RfpU9to9%2Fk%3D&amp;reserved=0\" rel=\"nofollow noopener\" target=\"_blank\">ESPN.com<\/a>\u00a0<\/p>\n<p><a href=\"https:\/\/nam04.safelinks.protection.outlook.com\/?url=https%3A%2F%2Fwww.espn.com.ar%2Fdeporte-motor%2Ff1%2Fnota%2F_%2Fid%2F15292326%2Fel-calendario-de-la-f1-en-2026&amp;data=05%7C02%7CWalter.A.Napoli%40espn.com%7Cfe4bdd30eb614a2e7d2508ddb380c488%7C56b731a8a2ac4c32bf6b616810e913c6%7C1%7C0%7C638864087823157118%7CUnknown%7CTWFpbGZsb3d8eyJFbXB0eU1hcGkiOnRydWUsIlYiOiIwLjAuMDAwMCIsIlAiOiJXaW4zMiIsIkFOIjoiTWFpbCIsIldUIjoyfQ%3D%3D%7C0%7C%7C%7C&amp;sdata=jfJ4wHGEmQSFjgCUnAF%2FClhMwKA5Rog%2BYPE0qR3bRIM%3D&amp;reserved=0\" rel=\"nofollow noopener\" target=\"_blank\">El calendario de la F1 en 2026<\/a><\/p>\n<p><a href=\"https:\/\/nam04.safelinks.protection.outlook.com\/?url=https%3A%2F%2Fwww.espn.com.ar%2Fdeporte-motor%2Ff1%2Fnota%2F_%2Fid%2F15271440%2Fflavio-briatore-sobre-colapinto-no-estoy-nada-contento-pero-franco-es-lo-suficientemente-fuerte&amp;data=05%7C02%7CWalter.A.Napoli%40espn.com%7Cfe4bdd30eb614a2e7d2508ddb380c488%7C56b731a8a2ac4c32bf6b616810e913c6%7C1%7C0%7C638864087823171310%7CUnknown%7CTWFpbGZsb3d8eyJFbXB0eU1hcGkiOnRydWUsIlYiOiIwLjAuMDAwMCIsIlAiOiJXaW4zMiIsIkFOIjoiTWFpbCIsIldUIjoyfQ%3D%3D%7C0%7C%7C%7C&amp;sdata=kwdqsjZvJ%2FENZ3HIkQdMPbODq2TibBsX6gD0j5Xbys4%3D&amp;reserved=0\" rel=\"nofollow noopener\" target=\"_blank\">Flavio Briatore, sobre Colapinto: \u00abNo estoy nada contento, pero Franco es lo suficientemente fuerte\u00bb<\/a><\/p>\n<p><a href=\"https:\/\/nam04.safelinks.protection.outlook.com\/?url=https%3A%2F%2Fwww.espn.com.ar%2Fdeporte-motor%2Ff1%2Fnota%2F_%2Fid%2F15259369%2Ffranco-colapinto-obviamente-no-fue-lo-que-queriamos&amp;data=05%7C02%7CWalter.A.Napoli%40espn.com%7Cfe4bdd30eb614a2e7d2508ddb380c488%7C56b731a8a2ac4c32bf6b616810e913c6%7C1%7C0%7C638864087823185463%7CUnknown%7CTWFpbGZsb3d8eyJFbXB0eU1hcGkiOnRydWUsIlYiOiIwLjAuMDAwMCIsIlAiOiJXaW4zMiIsIkFOIjoiTWFpbCIsIldUIjoyfQ%3D%3D%7C0%7C%7C%7C&amp;sdata=tpX50l069isp2AudSRyUkYlrVtLjJnlM4YqwuGtXV6U%3D&amp;reserved=0\" rel=\"nofollow noopener\" target=\"_blank\">Franco Colapinto: \u00abObviamente, no fue lo que quer\u00edamos\u00bb<\/a><\/p>\n<p><strong>\u2014\u2014\u2014\u2014\u2014\u2014\u2014\u2014\u2014\u2014\u2014\u2014\u2014\u2014\u2014\u2014\u2014\u2014\u2014\u2014\u2014\u2014\u2014\u2014\u2014\u2014\u2014\u2014\u2014\u2014\u2014\u2014\u2014\u2014\u2014\u2014\u2014\u2014\u2014\u2014\u2014\u2014\u2014\u2014\u2014\u2014\u2014\u2014\u2014\u2014\u2014\u2014\u2014<br \/>Sobre Disney+ en Am\u00e9rica Latina<br \/><\/strong>En Am\u00e9rica Latina, Disney+ es el servicio de streaming\u00a0que brinda acceso a la m\u00e1s amplia propuesta en streaming\u00a0con entretenimiento para todas las edades, incluyendo pel\u00edculas, series, eventos en vivo y otros contenidos de Disney, Pixar, Marvel, Star Wars, National Geographic, ESPN y Star. Ofrece una colecci\u00f3n de contenidos originales exclusivos, entre los que se incluyen largometrajes, documentales, series de acci\u00f3n real y de animaci\u00f3n, y cortometrajes, as\u00ed como tambi\u00e9n la transmisi\u00f3n en vivo de eventos culturales, y deportivos de la mano de ESPN, la marca de deportes m\u00e1s respetada en la regi\u00f3n. Para m\u00e1s informaci\u00f3n, visite <a href=\"https:\/\/nam04.safelinks.protection.outlook.com\/?url=https%3A%2F%2Furldefense.com%2Fv3%2F__http%3A%2Fdisneyplus.com%2F__%3B!!Om87Lau1Cg!JJHeXr_5nv1-5qmRtJch5kB7pcGHRznGHAIApce-Oo2YFYHjnfB0TkOLfD9IAKEKZLGnT_YZfPAchOOTmUYJuT4%24&amp;data=05%7C02%7CWalter.A.Napoli%40espn.com%7Cfe4bdd30eb614a2e7d2508ddb380c488%7C56b731a8a2ac4c32bf6b616810e913c6%7C1%7C0%7C638864087823199062%7CUnknown%7CTWFpbGZsb3d8eyJFbXB0eU1hcGkiOnRydWUsIlYiOiIwLjAuMDAwMCIsIlAiOiJXaW4zMiIsIkFOIjoiTWFpbCIsIldUIjoyfQ%3D%3D%7C0%7C%7C%7C&amp;sdata=sOksu36PNCOgHNT%2FfbJuRydZ5b%2B%2FQrIL1bcJUvDJsdE%3D&amp;reserved=0\" rel=\"nofollow noopener\" target=\"_blank\">disneyplus.com<\/a>, o encuentre la aplicaci\u00f3n Disney+ en la mayor\u00eda de los dispositivos m\u00f3viles y de TV conectada.<\/p>\n<p><strong>SUJETO A CAMBIOS<br \/>Informaci\u00f3n suministrada para Argentina, Bolivia, Chile, Colombia, Ecuador, Paraguay, Per\u00fa, Uruguay y Venezuela.<\/strong><\/p>\n<p><strong>Contacto de Prensa ESPN<br \/><\/strong>Walter N\u00e1poli, <a href=\"http:\/\/espnpressroom.com\/cdn-cgi\/l\/email-protection#6f180e031b0a1d410e41010e1f0003062f0a1c1f01410c0002\" rel=\"nofollow noopener\" target=\"_blank\">[email\u00a0protected]<\/a><br \/>X\u00a0(Twitter)\u00a0@guiaESPN<\/p>\n","protected":false},"excerpt":{"rendered":"Del 27 al 29 de junio, en el Red Bull Ring en Spielberg, con cobertura completa para los&hellip;\n","protected":false},"author":2,"featured_media":135426,"comment_status":"","ping_status":"","sticky":false,"template":"","format":"standard","meta":{"footnotes":""},"categories":[270],"tags":[168,25,24,306,271,272,23,167],"class_list":{"0":"post-135425","1":"post","2":"type-post","3":"status-publish","4":"format-standard","5":"has-post-thumbnail","7":"category-formula-1","8":"tag-deportes","9":"tag-es","10":"tag-espana","11":"tag-f1","12":"tag-formula-1","13":"tag-formula1","14":"tag-spain","15":"tag-sports"},"share_on_mastodon":{"url":"","error":""},"_links":{"self":[{"href":"https:\/\/www.europesays.com\/es\/wp-json\/wp\/v2\/posts\/135425","targetHints":{"allow":["GET"]}}],"collection":[{"href":"https:\/\/www.europesays.com\/es\/wp-json\/wp\/v2\/posts"}],"about":[{"href":"https:\/\/www.europesays.com\/es\/wp-json\/wp\/v2\/types\/post"}],"author":[{"embeddable":true,"href":"https:\/\/www.europesays.com\/es\/wp-json\/wp\/v2\/users\/2"}],"replies":[{"embeddable":true,"href":"https:\/\/www.europesays.com\/es\/wp-json\/wp\/v2\/comments?post=135425"}],"version-history":[{"count":0,"href":"https:\/\/www.europesays.com\/es\/wp-json\/wp\/v2\/posts\/135425\/revisions"}],"wp:featuredmedia":[{"embeddable":true,"href":"https:\/\/www.europesays.com\/es\/wp-json\/wp\/v2\/media\/135426"}],"wp:attachment":[{"href":"https:\/\/www.europesays.com\/es\/wp-json\/wp\/v2\/media?parent=135425"}],"wp:term":[{"taxonomy":"category","embeddable":true,"href":"https:\/\/www.europesays.com\/es\/wp-json\/wp\/v2\/categories?post=135425"},{"taxonomy":"post_tag","embeddable":true,"href":"https:\/\/www.europesays.com\/es\/wp-json\/wp\/v2\/tags?post=135425"}],"curies":[{"name":"wp","href":"https:\/\/api.w.org\/{rel}","templated":true}]}}