{"id":13543,"date":"2025-07-30T08:49:16","date_gmt":"2025-07-30T08:49:16","guid":{"rendered":"https:\/\/www.europesays.com\/es\/13543\/"},"modified":"2025-07-30T08:49:16","modified_gmt":"2025-07-30T08:49:16","slug":"lumbrales-disfrutara-de-un-intenso-y-amplio-programa-de-actividades-en-el-mes-de-agosto-salamancartv-al-dia","status":"publish","type":"post","link":"https:\/\/www.europesays.com\/es\/13543\/","title":{"rendered":"Lumbrales disfrutar\u00e1 de un intenso y amplio programa de actividades en el mes de agosto &#8211; SALAMANCArtv AL D\u00cdA"},"content":{"rendered":"<p class=\"prip\"><strong>Lumbrales se dispone a vivir un intenso y animado mes de agosto<\/strong> con motivo de las Fiestas patronales de 2025. La amplia programaci\u00f3n, elaborada por el Ayuntamiento, incluye los tradicionales festejos taurinos <strong>(4 encierros a caballo, 3 festivales, 1 novillada, 2 toros de caj\u00f3n y el concurso de recortes)<\/strong>, adem\u00e1s de <strong>verbenas y otras actividades musicales, torneos deportivos, actividades culturales y de ocio para todas las edades.<\/strong><\/p>\n<p>En esta programaci\u00f3n destaca como<strong> novedad la celebraci\u00f3n del &#8216;D\u00eda de los Mayores (lunes 18 de agosto)<\/strong> \u00abporque<strong> creemos que se merecen tener su d\u00eda,<\/strong> como tenemos el D\u00eda de los Ni\u00f1os desde hace mucho tiempo\u00bb <strong>manifiesta Rosa del<\/strong> <strong>Pozo, concejala de cultura.<\/strong> Los jubilados disfrutar\u00e1n compitiendo en juegos tradicionales y con una actuaci\u00f3n de canci\u00f3n espa\u00f1ola. \u00abAdem\u00e1s, para el d\u00eda 19 de agosto hemos organizado el <strong>&#8216;Lumbrachef&#8217;, un concurso de cocina en el que participar\u00e1n los ni\u00f1os y los abuelos<\/strong>, una actividad de convivencia intergeneracional\u00bb explica la concejala. En el habitual programa de actividades del<strong> D\u00eda del Ni\u00f1o<\/strong> (jueves, 21 de agosto) tambi\u00e9n hay <strong>una novedad: una mini-boyada<\/strong> que saldr\u00e1 a la plaza de toros despu\u00e9s del encierro de carretones.<\/p>\n<p>Otra actividad rese\u00f1able es la <strong>celebraci\u00f3n del Arrirock 2025 el d\u00eda 19 de agosto, evento musical que regresa a Lumbrales<\/strong> <strong>a iniciativa de un grupo de vecinos,<\/strong> y que cuanta con la colaboraci\u00f3n del Ayuntamiento. En este evento participar\u00e1n seis grupos de Lumbrales o relacionados con Lumbrales <strong>(How are Blues, La Musa, Rock Label, Agrosso Modo, SLNO, Howard Vyse) <\/strong>adem\u00e1s de 3 <strong>DJ locales (Hugo Fraile, Tito dj y Alex Diez).<\/strong><\/p>\n<p><strong>Folclore, moda, deporte y solidaridad<\/strong><\/p>\n<p>La programaci\u00f3n festiva se inicia el pr\u00f3ximo <strong>s\u00e1bado, 2 de agosto, con el XVIII Festival de folclore<\/strong>, en el que actuar\u00e1 Pauliteiros de Miranda do Douro y del grupo folcl\u00f3rico Santa mar\u00eda de Liminares de Lumbrales.<\/p>\n<p>El <strong>domingo, 3 de agosto<\/strong> tendr\u00e1 lugar un <strong>Desfile ben\u00e9fico<\/strong> a favor del Centro de Investigaci\u00f3n del C\u00e1ncer, de la Univerdidad de Salamanca, <strong>promovido por la tienda<\/strong> de ropa y complementos<strong> &#8216;A lo Campero&#8217;.<\/strong><\/p>\n<p>Tambi\u00e9n tiene fines solidarios la<strong> carrera Toromarat\u00f3n <\/strong>que se celebrar\u00e1 <strong>el domingo, 10 de agosto, a beneficio de Alcer Salamanca.<\/strong><\/p>\n<p>Los torneos deportivos (futbol sala, frontenis, p\u00e1del, ajedrez, adem\u00e1s de Campeonato de futbol-plaza Interpe\u00f1as) ser\u00e1n protagonistas destacados de las dos pr\u00f3ximas semanas, adem\u00e1s de cine, teatro (con el grupo local Fuentelera) y un taller infantil y <strong>un espect\u00e1culo de m\u00fasica y magia, a cargo de Javi y Alba.<\/strong><\/p>\n<p>En el apartado cultural es rese\u00f1able el <strong>homenaje que Lumbrales rendir\u00e1 al sacerdote Jose Mar\u00eda Martin Patino<\/strong>, el d\u00eda 12 de agosto, con motivo de la<strong> celebraci\u00f3n del centenario de su nacimiento.<\/strong> Este ilustre lumbralense, adem\u00e1s de su importante labor en la \u00e9poca de la transici\u00f3n espa\u00f1ola, fue creador de la<strong> Fundaci\u00f3n Encuentro,<\/strong> y m\u00e1s recientemente<strong> puso en marcha<\/strong> centros de nuevas tecnolog\u00edas <strong>(los centros Codel o telecentros) en Lumbrales y otros pueblos<\/strong> de Salamanca y Zamora, a trav\u00e9s de la Asociaci\u00f3n de Municipios de la Raya del Duero. El homenajeado ser\u00e1 recordado en una amplia exposici\u00f3n y en una mesa redonda que moderar\u00e1 el periodista Nacho Francia.<\/p>\n<p>Tambi\u00e9n hay que destacar la <strong>presentaci\u00f3n de dos libros, &#8216;Vive, viniste a eso&#8217; de Mario San Rom\u00e1n y &#8216;Juan Jos\u00e9, el torero&#8217; escrito por Paco Ca\u00f1amero.<\/strong><\/p>\n<p>Tambi\u00e9n est\u00e1 muy relacionada con la cultura la <strong>pregonera de la fiestas de 2025, Teruqui Robledo<\/strong>, <strong>presidenta de la<\/strong> <strong>asociaci\u00f3n de mujeres Villa de Lumbrales<\/strong> e<strong> impulsora del certamen literario Carmen Mart\u00edn Gaite.<\/strong> Robledo fue tambi\u00e9n la impulsora del museo textil de Lumbrales.<\/p>\n<p><strong>Encierros, festivales, toros de caj\u00f3n, recortes<\/strong><\/p>\n<p>Pero un a\u00f1o m\u00e1s, <strong>el programa de las fiestas de agosto de Lumbrales<\/strong> -&#8216;Los Toros&#8217;- <strong>tiene como protagonistas destacados los festejos taurinos<\/strong>: 4 encierros a caballo, 3 festivales, 1 novillada, 2 toros de caj\u00f3n (domingo 17 y lunes 25, en horario nocturno) y un concurso de recortes (s\u00e1bado, 16 de agosto).<\/p>\n<p>El cartel taurino combina <strong>una novillada sin picadores, para dos alumnos de la Escuela de Tauromaquia de Salamanca, y tres festivales con matadores de toros<\/strong>. Los festejos dar\u00e1n comienzo el s\u00e1bado <strong>23 de agosto a las 12:30 horas con el primer encierro a caballo,<\/strong> que culminar\u00e1 con la suelta de un novillo en la plaza. Por la tarde, a las 19:00 horas, se celebrar\u00e1 una <strong>novillada con cuatro reses de la ganader\u00eda Miranda de Pericalvo<\/strong>. Con la intervenci\u00f3n de los alumnos de la Escuela de Tauromaquia de Salamanca, \u00c1lvaro Rojo (de San Felices de los Gallegos) y Fernando Vanegas.<\/p>\n<p>La jornada del <strong>domingo 24 de agosto<\/strong> llegar\u00e1 el<strong> primer festival taurino,<\/strong> festejo en el que se lidiar\u00e1n cuatro novillos de la <strong>ganader\u00eda El Collado&#8217;.<\/strong> El cartel estar\u00e1 formado por <strong>Javier Casta\u00f1o y Roberto Mart\u00edn &#8216;Jarocho&#8217;<\/strong>, veteran\u00eda y juventud. Casta\u00f1o enfila el final de su carrera mientras que Jarocho comienza en el dif\u00edcil camino de llegar a ser figura del toreo.<\/p>\n<p><strong>El lunes, 25 de agosto<\/strong>, adem\u00e1s del encierro a caballo, ofrecer\u00e1 el festival con <strong>cuatro novillos de Miranda de Pericalvo para<\/strong> <strong>los matadores Pepe Moral y Jes\u00fas Enrique Colombo.<\/strong> Moral, sevillano de Los Palacios, es un torero que ha logrado importantes triunfos en plazas como Sevilla. Le acompa\u00f1ar\u00e1 el venezolano Colombo, un torero de gran proyecci\u00f3n internacional.<\/p>\n<p>El ciclo de festejos taurinos de Lumbrales llegar\u00e1 a su fin el <strong>martes 26 de agosto.<\/strong> Ser\u00e1n cuatro novillos de El Collado para <strong>los diestros Ismael Mart\u00edn y Trist\u00e1n Barroso,<\/strong> dos j\u00f3venes toreros que intentan hacer camino en el dif\u00edcil mundo de los toros. El salmantino Ismael Mart\u00edn ha sido uno de los alumnos destacados de la Escuela de Tauromaquia hasta que el a\u00f1o pasado tomara la alternativa en Burgos. Por su parte, Barroso llega de la Escuela de Badajoz y con la alternativa casi debajo del brazo tras doctorarse el pasado mes de abril en Arles (Francia).<\/p>\n","protected":false},"excerpt":{"rendered":"Lumbrales se dispone a vivir un intenso y animado mes de agosto con motivo de las Fiestas patronales&hellip;\n","protected":false},"author":2,"featured_media":13544,"comment_status":"","ping_status":"","sticky":false,"template":"","format":"standard","meta":{"footnotes":""},"categories":[277],"tags":[9186,373,168,25,24,9185,9184,1991,1992,23,167,374],"class_list":{"0":"post-13543","1":"post","2":"type-post","3":"status-publish","4":"format-standard","5":"has-post-thumbnail","7":"category-toreo","8":"tag-ayuntamiento-de-lumbrales","9":"tag-bullfighting","10":"tag-deportes","11":"tag-es","12":"tag-espana","13":"tag-fiestas-agosto-de-lumbrales","14":"tag-lumbrales","15":"tag-noticias-arribes","16":"tag-salamancartvaldia","17":"tag-spain","18":"tag-sports","19":"tag-toreo"},"share_on_mastodon":{"url":"","error":""},"_links":{"self":[{"href":"https:\/\/www.europesays.com\/es\/wp-json\/wp\/v2\/posts\/13543","targetHints":{"allow":["GET"]}}],"collection":[{"href":"https:\/\/www.europesays.com\/es\/wp-json\/wp\/v2\/posts"}],"about":[{"href":"https:\/\/www.europesays.com\/es\/wp-json\/wp\/v2\/types\/post"}],"author":[{"embeddable":true,"href":"https:\/\/www.europesays.com\/es\/wp-json\/wp\/v2\/users\/2"}],"replies":[{"embeddable":true,"href":"https:\/\/www.europesays.com\/es\/wp-json\/wp\/v2\/comments?post=13543"}],"version-history":[{"count":0,"href":"https:\/\/www.europesays.com\/es\/wp-json\/wp\/v2\/posts\/13543\/revisions"}],"wp:featuredmedia":[{"embeddable":true,"href":"https:\/\/www.europesays.com\/es\/wp-json\/wp\/v2\/media\/13544"}],"wp:attachment":[{"href":"https:\/\/www.europesays.com\/es\/wp-json\/wp\/v2\/media?parent=13543"}],"wp:term":[{"taxonomy":"category","embeddable":true,"href":"https:\/\/www.europesays.com\/es\/wp-json\/wp\/v2\/categories?post=13543"},{"taxonomy":"post_tag","embeddable":true,"href":"https:\/\/www.europesays.com\/es\/wp-json\/wp\/v2\/tags?post=13543"}],"curies":[{"name":"wp","href":"https:\/\/api.w.org\/{rel}","templated":true}]}}