{"id":135435,"date":"2025-09-24T06:13:10","date_gmt":"2025-09-24T06:13:10","guid":{"rendered":"https:\/\/www.europesays.com\/es\/135435\/"},"modified":"2025-09-24T06:13:10","modified_gmt":"2025-09-24T06:13:10","slug":"a-ver-si-la-tv-publica-de-israel-es-mas-independiente","status":"publish","type":"post","link":"https:\/\/www.europesays.com\/es\/135435\/","title":{"rendered":"A ver si la TV p\u00fablica de Israel es m\u00e1s independiente"},"content":{"rendered":"<p class=\"article-text\">\n        <strong>Pedro J. Ram\u00edrez <\/strong>acudi\u00f3 por primera vez a <strong>El Hormiguero<\/strong>, este martes 22 de septiembre, para \u201ccelebrar sus 45 a\u00f1os como director\u201d y promocionar su libro &#8216;Por decir la verdad: el precio de un periodismo insobornable\u201c.\n    <\/p>\n<p>    <a href=\"https:\/\/www.eldiario.es\/vertele\/noticias\/pablo-alboran-colo-sorpresa-plato-el-hormiguero-dijiste-casa-he-aprovechado_1_12624002.html\" data-mrf-recirculation=\"saber-mas\" data-dl-event=\"saber-mas\" rel=\"nofollow noopener\" target=\"_blank\"><\/p>\n<p class=\"know-more__title\">Pablo Albor\u00e1n se col\u00f3 por &#8216;sorpresa&#8217; en el plat\u00f3 de &#8216;El Hormiguero&#8217;: \u00abMe dijiste que esta era mi casa y he aprovechado\u00bb<\/p>\n<p>            <img decoding=\"async\" class=\"lazy\" loading=\"lazy\" data-src=\"https:\/\/static.eldiario.es\/clip\/bcd29320-169b-43fa-aa26-249f7a1df5f4_16-9-aspect-ratio_default_0.jpg\" src=\"data:image\/svg+xml,%3Csvg xmlns=\" http:=\"\" viewbox=\"0 0 880 495\" alt=\"Pablo Albor\u00e1n se col\u00f3 por 'sorpresa' en el plat\u00f3 de 'El Hormiguero': &quot;Me dijiste que esta era mi casa y he aprovechado&quot;\"\/><\/p>\n<p>                        <\/a><\/p>\n<p class=\"article-text\">\n        El periodista habl\u00f3 de c\u00f3mo el poder, <strong>\u201ctanto de izquierdas, derechas o centro siempre quiere que la prensa le favorezca<\/strong>, y si les criticas se ponen en contra. Tiene formas de incomodar a la prensa (&#8230;)  Todos los problemas que he tenido siempre en los peri\u00f3dicos han sido por decir la verdad\u201d, asegur\u00f3.\n    <\/p>\n<p class=\"article-text\">\n        Record\u00f3 como influyeron sus \u201ccuatro horas con B\u00e1rcenas\u201d, o cuando sacaron \u201clo del elefante y el rey\u201d o aquel \u201cLuis s\u00e9 fuerte\u201d. As\u00ed como se sum\u00f3 a la lista de entrevistas de <strong>Pablo Motos<\/strong> centradas en criticar a <strong>Pedro S\u00e1nchez<\/strong>: como ocurri\u00f3 con<strong> <\/strong><a href=\"https:\/\/www.eldiario.es\/vertele\/noticias\/nacho-cano-convierte-visita-el-hormiguero-mitin-favor-ayuso_1_8990125.html\" data-mrf-recirculation=\"links-noticia\" class=\"link\" rel=\"nofollow noopener\" target=\"_blank\"><strong>Nacho Cano<\/strong><\/a><strong>, <\/strong><a href=\"https:\/\/www.eldiario.es\/vertele\/noticias\/hormiguero-celebro-20-anos-bertin-osborne-no-visita-sergio-ramos-nuevo-cantante_1_12570880.html\" data-mrf-recirculation=\"links-noticia\" class=\"link\" rel=\"nofollow noopener\" target=\"_blank\"><strong>Bert\u00edn Osborne<\/strong><\/a><strong> o <\/strong><a href=\"https:\/\/www.eldiario.es\/vertele\/noticias\/pablo-motos-provoco-risa-reverte-insistirle-pedro-sanchez-no-tienes-quieres-lena_1_12576684.html\" data-mrf-recirculation=\"links-noticia\" class=\"link\" rel=\"nofollow noopener\" target=\"_blank\"><strong>Arturo P\u00e9rez-Reverte<\/strong><\/a>, en lo que va de mes.\n    <\/p>\n<blockquote class=\"twitter-tweet\" data-lang=\"es\"><p><a href=\"https:\/\/twitter.com\/X\/status\/1970585592321675432?ref_src=twsrc%5Etfw\" rel=\"nofollow noopener\" target=\"_blank\"><\/p><\/blockquote>\n<p class=\"article-text\">\n        <strong>\u201c\u00bfVosotros cre\u00e9is que Espa\u00f1a funciona ahora?\u201d,<\/strong> pregunt\u00f3 el periodista al p\u00fablico que respond\u00eda de forma negativa. Les llam\u00f3 \u201cpol\u00edticos remolacha\u201d, dijo que hab\u00eda \u201cincitado a la gente a boicotear el final de <a href=\"https:\/\/www.eldiario.es\/vertele\/noticias\/pedro-delgado-durante-protesta-la-vuelta-gaza-arreglado-problema-israel-palestina_1_12575590.html\" data-mrf-recirculation=\"links-noticia\" class=\"link\" rel=\"nofollow noopener\" target=\"_blank\">La vuelta<\/a>\u201d y critic\u00f3 la decisi\u00f3n de RTVE de retirarse de Eurovisi\u00f3n si Israel contin\u00faa en la competici\u00f3n:\n    <\/p>\n<p>    <a href=\"https:\/\/www.eldiario.es\/vertele\/audiencias-tv\/la-1-rtve-situa-primera-vez-programas-10-nueva-estrategia-cuatro-magacines_1_12624729.html\" data-mrf-recirculation=\"saber-mas-abajo\" data-dl-event=\"saber-mas-abajo\" rel=\"nofollow noopener\" target=\"_blank\"><\/p>\n<p class=\"know-more__title\">La 1 sit\u00faa por primera vez a todos sus programas por encima del 10% con la nueva estrategia de RTVE<\/p>\n<p>            <img decoding=\"async\" class=\"lazy\" loading=\"lazy\" data-src=\"https:\/\/static.eldiario.es\/clip\/a3320b71-163a-4ba4-97cb-dfdfea4d2763_16-9-aspect-ratio_default_0.jpg\" src=\"data:image\/svg+xml,%3Csvg xmlns=\" http:=\"\" viewbox=\"0 0 880 495\" alt=\"La 1 sit\u00faa por primera vez a todos sus programas por encima del 10% con la nueva estrategia de RTVE\"\/><\/p>\n<p>                        <\/a><\/p>\n<p class=\"article-text\">\n        \u201c<strong>El tema Eurovisi\u00f3n nos interesa a todos porque es un evento que nos llama la atenci\u00f3n y ahora quieren que abandonemos.<\/strong> Uno de los obst\u00e1culos por lo que la mayor\u00eda de pa\u00edses no lo exigen es porque quien est\u00e1 en Eurovisi\u00f3n no es Netanyahu, ni siquiera el estado de Israel, es la televisi\u00f3n p\u00fablica de Israel. Y resulta que Netanyahu tiene enfilada a la TV p\u00fablica de Israel, ha intentado privatizarla&#8230; <strong>a ver si va a resultar que la tele p\u00fablica de Israel es m\u00e1s independiente que la televisi\u00f3n p\u00fablica espa\u00f1ola<\/strong>\u201d, acab\u00f3 soltando.\n    <\/p>\n<p>                                <script async src=\"https:\/\/platform.twitter.com\/widgets.js\" charset=\"utf-8\"><\/script><\/p>\n","protected":false},"excerpt":{"rendered":"Pedro J. Ram\u00edrez acudi\u00f3 por primera vez a El Hormiguero, este martes 22 de septiembre, para \u201ccelebrar sus&hellip;\n","protected":false},"author":2,"featured_media":135436,"comment_status":"","ping_status":"","sticky":false,"template":"","format":"standard","meta":{"footnotes":""},"categories":[171],"tags":[2474,146,147,25,24,701,74,16722,13882,618,1822,4500,4794,518,688,23,214,809],"class_list":{"0":"post-135435","1":"post","2":"type-post","3":"status-publish","4":"format-standard","5":"has-post-thumbnail","7":"category-tv","8":"tag-critico","9":"tag-entertainment","10":"tag-entretenimiento","11":"tag-es","12":"tag-espana","13":"tag-independiente","14":"tag-israel","15":"tag-j","16":"tag-motos","17":"tag-pablo","18":"tag-pedro","19":"tag-publica","20":"tag-ramirez","21":"tag-rtve","22":"tag-si","23":"tag-spain","24":"tag-tv","25":"tag-ver"},"share_on_mastodon":{"url":"","error":""},"_links":{"self":[{"href":"https:\/\/www.europesays.com\/es\/wp-json\/wp\/v2\/posts\/135435","targetHints":{"allow":["GET"]}}],"collection":[{"href":"https:\/\/www.europesays.com\/es\/wp-json\/wp\/v2\/posts"}],"about":[{"href":"https:\/\/www.europesays.com\/es\/wp-json\/wp\/v2\/types\/post"}],"author":[{"embeddable":true,"href":"https:\/\/www.europesays.com\/es\/wp-json\/wp\/v2\/users\/2"}],"replies":[{"embeddable":true,"href":"https:\/\/www.europesays.com\/es\/wp-json\/wp\/v2\/comments?post=135435"}],"version-history":[{"count":0,"href":"https:\/\/www.europesays.com\/es\/wp-json\/wp\/v2\/posts\/135435\/revisions"}],"wp:featuredmedia":[{"embeddable":true,"href":"https:\/\/www.europesays.com\/es\/wp-json\/wp\/v2\/media\/135436"}],"wp:attachment":[{"href":"https:\/\/www.europesays.com\/es\/wp-json\/wp\/v2\/media?parent=135435"}],"wp:term":[{"taxonomy":"category","embeddable":true,"href":"https:\/\/www.europesays.com\/es\/wp-json\/wp\/v2\/categories?post=135435"},{"taxonomy":"post_tag","embeddable":true,"href":"https:\/\/www.europesays.com\/es\/wp-json\/wp\/v2\/tags?post=135435"}],"curies":[{"name":"wp","href":"https:\/\/api.w.org\/{rel}","templated":true}]}}