{"id":135457,"date":"2025-09-24T06:35:22","date_gmt":"2025-09-24T06:35:22","guid":{"rendered":"https:\/\/www.europesays.com\/es\/135457\/"},"modified":"2025-09-24T06:35:22","modified_gmt":"2025-09-24T06:35:22","slug":"mclaren-sabe-que-viene-el-coco","status":"publish","type":"post","link":"https:\/\/www.europesays.com\/es\/135457\/","title":{"rendered":"McLaren sabe que viene el coco"},"content":{"rendered":"<p class=\"\"><b>McLaren<\/b> no solo no descarta a <b>Verstappen<\/b> para la lucha por el t\u00edtulo, sino que le considera tan aspirante como sus dos pilotos. Piastri el <b>Mundial lidera con 324 puntos por delante de Lando (299) y Max (255) <\/b>despu\u00e9s de los dos triunfos consecutivos del holand\u00e9s en<b> Italia y Azerbaiy\u00e1n<\/b>. La brecha de 69 puntos que separa al primer McLaren del Red Bull es recuperable seg\u00fan las matem\u00e1ticas, porque quedan 199 puntos en juego repartidos en siete carreras y tres esprints. La duda, \u00bfser\u00e1 el Red Bull tan competitivo en Singapur y el resto de circuitos convencionales, donde se espera a un MCL39 fuerte, como lo ha sido en dos pistas espec\u00edficas como Monza y Bak\u00fa?<\/p>\n<p class=\"\"><b>Andrea Stella<\/b>, team principal de McLaren, <b>cree que el RB21 es m\u00e1s que un buen coche en circuitos de baja carga<\/b>: \u201cYa lo dije antes, y en may\u00fasculas. S\u00ed, hablamos de Verstappen y de Red Bull. Ya vimos en Monza que han mejorado su coche porque la manera en la que ganaron en Monza, seg\u00fan nuestra valoraci\u00f3n, no es simplemente que el coche se adapta bien a circuitos de baja carga. Fueron r\u00e1pidos en las curvas, de media y baja velocidad, y tambi\u00e9n en las rectas. <b>Y ya sabemos que Max puede hacerlo bien cuando tiene un coche competitivo<\/b>\u201d.<\/p>\n<p class=\"\">\u201cNosotros sab\u00edamos que Bak\u00fa ser\u00eda un circuito m\u00e1s dif\u00edcil, ahora veremos en Singapur una pista en la que deber\u00edamos hacerlo bien. Espero que podamos luchar por victorias, y ya veremos c\u00f3mo se desarrolla el resto del campeonato. Pero sin duda Max est\u00e1 peleando por el t\u00edtulo, lo sab\u00edamos y lo confirmamos en Bak\u00fa\u201d, sentencia el dirigente italiano. El McLaren ha destacado en circuitos de media y alta carga aerodin\u00e1mica, con curvas m\u00e1s largas que las que presentan Monza o Bak\u00fa. Singapur no contiene ese tipo de curvas, de hecho puede ser una tercera excepci\u00f3n al dominio de Woking por su idiosincrasia de urbano puro. Y con los muros tan cerca, hay riesgo de que Verstappen recorte a lo grande, como ha hecho tras el accidente de Piastri.<\/p>\n<p>Noticias relacionadas<a href=\"https:\/\/as.com\/motor\/formula_1\/el-lider-falla-norris-perdona-n\/\" class=\"s_m_w\" title=\"Fin de semana para olvidar de Piastri que Lando salda con solo seis puntos a su favor. \u201cNo fuimos tan r\u00e1pidos, el Red Bull era mejor\u201d, dice el ingl\u00e9s.\" data-tb-link=\"\" rel=\"nofollow noopener\" target=\"_blank\"><img decoding=\"async\" src=\"https:\/\/www.europesays.com\/es\/wp-content\/uploads\/2025\/09\/1758695722_312_IVCTG376FVKGDKGIKLUVLODDNM.jpg\" alt=\"El l\u00edder falla, Norris perdona\" class=\"\" height=\"1\" width=\"1\"   loading=\"lazy\" data-tb-thumbnail=\"\"\/><\/a><a href=\"https:\/\/as.com\/motor\/formula_1\/verstappen-calienta-el-mundial-n\/\" class=\"s_m_w\" title=\"El campe\u00f3n, a 69 puntos de Piastri y 44 de Norris, se entromete en la lucha por el t\u00edtulo de los McLaren. \u201cMe faltan muchos puntos, pero veremos en Abu Dhabi\u201d, dice.\" data-tb-link=\"\" rel=\"nofollow noopener\" target=\"_blank\"><img decoding=\"async\" src=\"https:\/\/www.europesays.com\/es\/wp-content\/uploads\/2025\/09\/1758695722_67_OEQWACMFDFNBLBD2D6JTDUL3RE.jpg\" alt=\"Verstappen calienta el Mundial\" class=\"\" height=\"1\" width=\"1\"   loading=\"lazy\" data-tb-thumbnail=\"\"\/><\/a><\/p>\n<p class=\"\"><b>Norris<\/b>, que ya perdi\u00f3 el pasado <b>Mundial contra un Red Bull inferior y un Max superior, advierte: \u201cNunca han sido lentos, no deber\u00edamos sorprendernos<\/b>. Max gan\u00f3 carreras al inicio de la temporada y pudo ganar tambi\u00e9n la primera (suma cuatro en 2025, por siete de Piastri y cinco de Lando). Toda la temporada han sido r\u00e1pidos y llevaron mejoras a Monza que les han hecho progresar. Sabemos que ser\u00e1n fuertes y tienen a uno de los mejores pilotos de la historia en la F1 as\u00ed que no esperamos otra cosa\u201d.<\/p>\n<p class=\"\"><b>\u00a1Tus opiniones importan!<\/b> Comenta en los art\u00edculos y suscr\u00edbete gratis a nuestra <a href=\"https:\/\/asfan.as.com\/newsletters\/\" target=\"_blank\" rel=\"nofollow noopener\" title=\"https:\/\/asfan.as.com\/newsletters\/\">newsletter<\/a> y a las alertas informativas en la <a href=\"https:\/\/as.com\/aplicacion-de-as-n\/\" target=\"_blank\" rel=\"nofollow noopener\" title=\"https:\/\/as.com\/aplicacion-de-as-n\/\">App<\/a> o el canal de <a href=\"https:\/\/www.whatsapp.com\/channel\/0029VaAasdA7j6g745nz9M10\" target=\"_blank\" rel=\"nofollow noopener\" title=\"https:\/\/www.whatsapp.com\/channel\/0029VaAasdA7j6g745nz9M10\">WhatsApp<\/a>. \u00bfBuscas licenciar contenido? Haz clic <a href=\"https:\/\/profesional.elpais.com\/soluciones-sindicacion?utm_medium=interno&amp;utm_source=crosslinking&amp;utm_campaign=sindicacion_as_pie_articulos\" target=\"_blank\" rel=\"nofollow noopener\" title=\"https:\/\/profesional.elpais.com\/soluciones-sindicacion?utm_medium=interno&amp;utm_source=crosslinking&amp;utm_campaign=sindicacion_as_pie_articulos\">aqu\u00ed<\/a><\/p>\n","protected":false},"excerpt":{"rendered":"McLaren no solo no descarta a Verstappen para la lucha por el t\u00edtulo, sino que le considera tan&hellip;\n","protected":false},"author":2,"featured_media":135458,"comment_status":"","ping_status":"","sticky":false,"template":"","format":"standard","meta":{"footnotes":""},"categories":[270],"tags":[168,25,24,306,271,272,23,167],"class_list":{"0":"post-135457","1":"post","2":"type-post","3":"status-publish","4":"format-standard","5":"has-post-thumbnail","7":"category-formula-1","8":"tag-deportes","9":"tag-es","10":"tag-espana","11":"tag-f1","12":"tag-formula-1","13":"tag-formula1","14":"tag-spain","15":"tag-sports"},"share_on_mastodon":{"url":"","error":""},"_links":{"self":[{"href":"https:\/\/www.europesays.com\/es\/wp-json\/wp\/v2\/posts\/135457","targetHints":{"allow":["GET"]}}],"collection":[{"href":"https:\/\/www.europesays.com\/es\/wp-json\/wp\/v2\/posts"}],"about":[{"href":"https:\/\/www.europesays.com\/es\/wp-json\/wp\/v2\/types\/post"}],"author":[{"embeddable":true,"href":"https:\/\/www.europesays.com\/es\/wp-json\/wp\/v2\/users\/2"}],"replies":[{"embeddable":true,"href":"https:\/\/www.europesays.com\/es\/wp-json\/wp\/v2\/comments?post=135457"}],"version-history":[{"count":0,"href":"https:\/\/www.europesays.com\/es\/wp-json\/wp\/v2\/posts\/135457\/revisions"}],"wp:featuredmedia":[{"embeddable":true,"href":"https:\/\/www.europesays.com\/es\/wp-json\/wp\/v2\/media\/135458"}],"wp:attachment":[{"href":"https:\/\/www.europesays.com\/es\/wp-json\/wp\/v2\/media?parent=135457"}],"wp:term":[{"taxonomy":"category","embeddable":true,"href":"https:\/\/www.europesays.com\/es\/wp-json\/wp\/v2\/categories?post=135457"},{"taxonomy":"post_tag","embeddable":true,"href":"https:\/\/www.europesays.com\/es\/wp-json\/wp\/v2\/tags?post=135457"}],"curies":[{"name":"wp","href":"https:\/\/api.w.org\/{rel}","templated":true}]}}