{"id":135467,"date":"2025-09-24T06:41:14","date_gmt":"2025-09-24T06:41:14","guid":{"rendered":"https:\/\/www.europesays.com\/es\/135467\/"},"modified":"2025-09-24T06:41:14","modified_gmt":"2025-09-24T06:41:14","slug":"poquita-fe-el-humor-de-barrio-mas-adictivo-de-movistar-plus-estrena-su-tan-esperada-segunda-temporada-estilo-de-vida-escaparate","status":"publish","type":"post","link":"https:\/\/www.europesays.com\/es\/135467\/","title":{"rendered":"\u2018Poquita Fe\u2019, el humor de barrio m\u00e1s adictivo de Movistar Plus+, estrena su tan esperada segunda temporada | Estilo de vida | Escaparate"},"content":{"rendered":"<p class=\"\">De vez en cuando y surgidas como peque\u00f1as p\u00edldoras de oasis televisivo, las series de humor m\u00e1s apreciadas por el gran p\u00fablico tambi\u00e9n surgen de lo m\u00e1s cotidiano. Ah\u00ed est\u00e1n las cl\u00e1sicas Aqu\u00ed no hay quien viva o Camera Caf\u00e9, o de rabiosa actualidad, como una de las m\u00e1s premiadas de los \u00faltimos a\u00f1os: la aclamada Poquita Fe. Su nueva entrega llega a<b> Movistar Plus+ <\/b>a partir del <b>jueves 25 de septiembre,<\/b> tras dos a\u00f1os de espera, promete el mismo humor de la gente corriente \u2014que podr\u00eda ser tu amigo de la infancia, tu suegra o el vecino de enfrente\u2014 y vuelve a llevar a sus dos protagonistas, la pareja formada por Berta (Esperanza Pedre\u00f1o) y Jos\u00e9 Ram\u00f3n (<a href=\"https:\/\/elpais.com\/television\/2025-09-21\/raul-cimas-la-fama-es-un-gran-enemigo-o-bajas-a-tierra-o-te-quedas-arriba-hablando-de-ricos.html\" target=\"_blank\" rel=\"nofollow noopener\" title=\"https:\/\/elpais.com\/television\/2025-09-21\/raul-cimas-la-fama-es-un-gran-enemigo-o-bajas-a-tierra-o-te-quedas-arriba-hablando-de-ricos.html\">Ra\u00fal Cimas<\/a>), a vivir sus peripecias. Esta vez, les toca mudarse a la casa de los padres de ella y, de regalo, tendr\u00e1n que soportar a la cu\u00f1ada. Nervios, much\u00edsimas risas y situaciones embarazosas no faltar\u00e1n en sus ocho cap\u00edtulos cortos.<\/p>\n<p><img alt=\"serie poquita fe\u200b movistar plus\" decoding=\"auto\" class=\"_re lazyload a_m-h\" height=\"233\"  width=\"414\"  src=\"https:\/\/www.europesays.com\/es\/wp-content\/uploads\/2025\/09\/YUV6UFCFMZCLRBDKUBE4SNHZYY.png\" loading=\"lazy\"\/>Car\u00e1tula promocional de la segunda temporada de la serie &#8216;Poquita Fe&#8217;, en Movistar Plus+.CORTES\u00cdA DE MOVISTAR PLUS+Poquita Fe en Movistar Plus+: guion y elenco sobresalientes <\/p>\n<p class=\"\">Si hay algo que ha conectado a muchos seguidores de esta comedia televisiva es, precisamente, que le habla a la gente cotidiana. Algo a lo que ya hizo referencia Juan Maidag\u00e1n, una de las dos cabezas pensantes de este formato, en una <a href=\"https:\/\/elpais.com\/television\/2023-07-07\/montero-y-maidagan-hay-mucha-gente-a-punto-de-venirse-abajo-sostenida-por-cuatro-palitos.html\" target=\"_blank\" rel=\"nofollow noopener\" title=\"https:\/\/elpais.com\/television\/2023-07-07\/montero-y-maidagan-hay-mucha-gente-a-punto-de-venirse-abajo-sostenida-por-cuatro-palitos.html\">entrevista concedida a EL PA\u00cdS<\/a>: \u201cEntiendo a la gente como nuestros protagonistas, que se atascan, que no saben qu\u00e9 hacer en situaciones complicadas\u201d. <\/p>\n<p class=\"\">Un hilo conductivo que recorre cada una de las peque\u00f1as historias que conforman una serie como Poquita Fe. Apuntalada no solo en la magistral actuaci\u00f3n de la pareja protagonista, sino tambi\u00e9n por los secundarios de lujo que van apareciendo cap\u00edtulo tras cap\u00edtulo. Todos ellos destilan una especie de fe en las miseras ajenas tan grande que, unido a una ambientaci\u00f3n de barrio como son las calles de Madrid, le dan a cada minuto de metraje una atm\u00f3sfera especial y demasiado cercana al d\u00eda a d\u00eda de la vida de cualquier televidente. <\/p>\n<p><img alt=\"serie poquita fe\u200b movistar plus\" decoding=\"auto\" class=\"_re lazyload a_m-h\" height=\"233\"  width=\"414\"  src=\"https:\/\/www.europesays.com\/es\/wp-content\/uploads\/2025\/09\/2GNEYUG5DZADJOPD5X55JYT46Y.png\" loading=\"lazy\"\/>Imagen promocional de la serie &#8216;Poquita Fe&#8217; emitida en Movistar Plus+.CORTES\u00cdA DE MOVISTAR PLUS+Otras comedias en Movistar Plus+ que merecen la pena ver<\/p>\n<p class=\"\"><b>Lo bueno del extenso cat\u00e1logo de Movistar Plus+<\/b> es que se puede alternar el visionado de una serie c\u00f3mica como Poquita Fe con otros formatos de la misma categor\u00eda y de mucha resonancia medi\u00e1tica. Entre los que destacamos los siguientes t\u00edtulos que pueden amenizar cualquier velada, espera en la marquesina del autob\u00fas o ratos con familia y amigos. Recordando que la suscripci\u00f3n se disfruta <a href=\"https:\/\/clk.tradedoubler.com\/click?p=357743&amp;a=3023919&amp;epi=epociomovistarpluspoquitafesegundatemporada240925&amp;url=https%3A%2F%2Fwww.movistarplus.es%2Fseries%2Fdonde-ver\" target=\"_blank\" rel=\"nofollow noopener\" title=\"https:\/\/clk.tradedoubler.com\/click?p=357743&amp;a=3023919&amp;epi=epociomovistarpluspoquitafesegundatemporada240925&amp;url=https%3A%2F%2Fwww.movistarplus.es%2Fseries%2Fdonde-ver\"><b>por solo 9,99 euros<\/b><\/a> al mes sin permanencia: <\/p>\n<p>\u2018Verg\u00fcenza\u2019 (tres temporadas) <\/p>\n<p class=\"\">Su protagonista, Jes\u00fas (interpretado por el vers\u00e1til Javier Guti\u00e9rrez), pone en alza la tan manida frase \u00a1Tierra tr\u00e1game! Esta comedia versa sobre la verg\u00fcenza ajena y la demostraci\u00f3n inequ\u00edvoca de que cualquiera puede meter la pata, de forma constante y sin descanso, en cualquier \u00e1mbito de la vida (o en todos al mismo tiempo). <\/p>\n<p><img alt=\"serie poquita fe\u200b movistar plus\" decoding=\"auto\" class=\"_re lazyload a_m-h\" height=\"233\"  width=\"414\"  src=\"https:\/\/www.europesays.com\/es\/wp-content\/uploads\/2025\/09\/KLPCHFP5ONCFLJMV442LDAVUGI.png\" loading=\"lazy\"\/>Imagen promocional de la serie c\u00f3mica de Movistar Plus &#8216;Verg\u00fcenza&#8217;.CORTES\u00cdA DE MOVISTAR PLUS+Muertos S.L. (dos temporadas) <\/p>\n<p class=\"\">Las funerarias no son un negocio cualquiera, sobre todo, cuando la gesti\u00f3n del negocio es familiar y el propietario acaba de morir sin designar un suceso claro. Esta comedia de situaci\u00f3n, de los creadores de Aqu\u00ed no hay quien viva y La que se avecina, transcurre en el d\u00eda a d\u00eda de la funeraria Torregrosa, donde nunca faltan las conspiraciones. <\/p>\n<p><img alt=\"Las series m\u00e1s vistas de Movistar Plus+: \u2018Muertos S.L.\u2032\" decoding=\"auto\" class=\"_re lazyload a_m-h\" height=\"233\"  width=\"414\"  src=\"https:\/\/www.europesays.com\/es\/wp-content\/uploads\/2025\/09\/IM2RDGJ6W5HN3JYVAJI6MY5TFU.png\" loading=\"lazy\"\/>Imagen promocional de la serie \u2018Muertos S.L.\u2032\u00a9 MOVISTAR PLUS+\u2018Mira lo que has hecho\u2019 (tres temporadas) <\/p>\n<p class=\"\">Si Berto Romero coprotagoniza una comedia, cualquiera sabe que el guion original lo va a mejorar (y con creces). Es lo que sucede en Mira lo que has hecho, una historia gamberra que cuenta c\u00f3mo le cambia la vida cuando recibe la noticia de que va a ser pap\u00e1. La serie es cercana, irreverente y profundamente divertida y fue galardonada con el Premio Ondas. <\/p>\n<p><img alt=\"serie poquita fe\u200b movistar plus\" decoding=\"auto\" class=\"_re lazyload a_m-h\" height=\"233\"  width=\"414\"  src=\"https:\/\/www.europesays.com\/es\/wp-content\/uploads\/2025\/09\/4QFCSH4X7BCGZEX3KUNPKLVHE4.png\" loading=\"lazy\"\/>Imagen promocional de la serie de Movistar Plus &#8216;Mira lo que has hecho&#8217;.CORTES\u00cdA DE MOVISTAR PLUS+Preguntas frecuentes sobre \u2018Poquita Fe\u2019 en Movistar Plus+\u00bfCu\u00e1l es la duraci\u00f3n de cada uno de los cap\u00edtulos de \u2018Poquita Fe\u2019? <\/p>\n<p class=\"\">Son peque\u00f1as p\u00edldoras de 15 minutos de duraci\u00f3n. <\/p>\n<p>\u00bfQu\u00e9 premios ha recibido Poquita Fe desde que se estren\u00f3 en 2023? <\/p>\n<p class=\"\">El \u00e9xito de su primera entrega ha llevado a Poquita Fe a recibir galardones de calado como el Premio Ondas y el Feroz a la mejor serie de comedia. Su costumbrismo y la insignificancia de lo cotidiano la convierten en una de las mejores series del panorama nacional. <\/p>\n<p>\u00bfQu\u00e9 otros contenidos interesantes se pueden ver en Movistar Plus+?<\/p>\n<p class=\"\">En <a href=\"https:\/\/elpais.com\/escaparate\/\" target=\"_blank\" rel=\"nofollow noopener\" title=\"https:\/\/elpais.com\/escaparate\/\"><b>EL PA\u00cdS Escaparate<\/b><\/a> llevamos tiempo destacando los contenidos m\u00e1s atractivos de esta popular plataforma de streaming, entre los que se encuentran los citados a continuaci\u00f3n:<\/p>\n<p class=\"\">*Todos los precios de compra incluidos en este art\u00edculo est\u00e1n actualizados a 24 de septiembre de 2025.<\/p>\n<p class=\"\">Puedes seguir a EL PA\u00cdS ESCAPARATE en <a href=\"https:\/\/www.instagram.com\/escaparate.elpais\/\" target=\"_blank\" rel=\"nofollow noopener\" title=\"https:\/\/www.instagram.com\/escaparate.elpais\/\">Instagram<\/a>, o suscribirte aqu\u00ed a nuestra<a href=\"https:\/\/plus.elpais.com\/newsletters\/lnp\/1\/365\/?prm=not_landingnwl_esc\" target=\"_blank\" rel=\"nofollow noopener\" title=\"https:\/\/plus.elpais.com\/newsletters\/lnp\/1\/365\/?prm=not_landingnwl_esc\"> Newsletter<\/a>.<\/p>\n<p>* Nuestros periodistas recomiendan de forma rigurosa e independiente productos y servicios que puedes adquirir en Internet. Cada vez que compras a trav\u00e9s de algunos enlaces a\u00f1adidos al texto, EL PA\u00cdS recibe una comisi\u00f3n. <a href=\"https:\/\/elpais.com\/elpais\/2017\/05\/05\/escaparate\/1493975850_576536.html\" target=\"_blank\" rel=\"noopener nofollow\">Lee aqu\u00ed<\/a> nuestra pol\u00edtica comercial.<\/p>\n<p><script async src=\"\/\/www.instagram.com\/embed.js\"><\/script><\/p>\n","protected":false},"excerpt":{"rendered":"De vez en cuando y surgidas como peque\u00f1as p\u00edldoras de oasis televisivo, las series de humor m\u00e1s apreciadas&hellip;\n","protected":false},"author":2,"featured_media":135468,"comment_status":"","ping_status":"","sticky":false,"template":"","format":"standard","meta":{"footnotes":""},"categories":[171],"tags":[1776,146,147,25,24,7181,303,16428,8192,23,807,214],"class_list":{"0":"post-135467","1":"post","2":"type-post","3":"status-publish","4":"format-standard","5":"has-post-thumbnail","7":"category-tv","8":"tag-comercio-electronico","9":"tag-entertainment","10":"tag-entretenimiento","11":"tag-es","12":"tag-espana","13":"tag-estilo-vida","14":"tag-movistar","15":"tag-plataformas-digitales","16":"tag-series-comedia","17":"tag-spain","18":"tag-television","19":"tag-tv"},"share_on_mastodon":{"url":"","error":""},"_links":{"self":[{"href":"https:\/\/www.europesays.com\/es\/wp-json\/wp\/v2\/posts\/135467","targetHints":{"allow":["GET"]}}],"collection":[{"href":"https:\/\/www.europesays.com\/es\/wp-json\/wp\/v2\/posts"}],"about":[{"href":"https:\/\/www.europesays.com\/es\/wp-json\/wp\/v2\/types\/post"}],"author":[{"embeddable":true,"href":"https:\/\/www.europesays.com\/es\/wp-json\/wp\/v2\/users\/2"}],"replies":[{"embeddable":true,"href":"https:\/\/www.europesays.com\/es\/wp-json\/wp\/v2\/comments?post=135467"}],"version-history":[{"count":0,"href":"https:\/\/www.europesays.com\/es\/wp-json\/wp\/v2\/posts\/135467\/revisions"}],"wp:featuredmedia":[{"embeddable":true,"href":"https:\/\/www.europesays.com\/es\/wp-json\/wp\/v2\/media\/135468"}],"wp:attachment":[{"href":"https:\/\/www.europesays.com\/es\/wp-json\/wp\/v2\/media?parent=135467"}],"wp:term":[{"taxonomy":"category","embeddable":true,"href":"https:\/\/www.europesays.com\/es\/wp-json\/wp\/v2\/categories?post=135467"},{"taxonomy":"post_tag","embeddable":true,"href":"https:\/\/www.europesays.com\/es\/wp-json\/wp\/v2\/tags?post=135467"}],"curies":[{"name":"wp","href":"https:\/\/api.w.org\/{rel}","templated":true}]}}