{"id":135469,"date":"2025-09-24T06:42:13","date_gmt":"2025-09-24T06:42:13","guid":{"rendered":"https:\/\/www.europesays.com\/es\/135469\/"},"modified":"2025-09-24T06:42:13","modified_gmt":"2025-09-24T06:42:13","slug":"radio-marca-confia-en-javier-amaro-para-liderar-su-mejor-momento","status":"publish","type":"post","link":"https:\/\/www.europesays.com\/es\/135469\/","title":{"rendered":"Radio MARCA conf\u00eda en Javier Amaro para liderar su mejor momento"},"content":{"rendered":"<p data-mrf-recirculation=\"Links P\u00e1rrafos\" class=\"ue-c-article__paragraph paragraph ue-c-article--first-letter-highlighted\">Juan Ignacio Gallardo, director del Universo MARCA, ha nombrado a <strong>Javier Amaro como nuevo Director de Contenidos de Radio MARCA<\/strong>, la \u00fanica emisora exclusivamente de deportes de nuestro pa\u00eds. Javier Amaro contar\u00e1 con <strong>Yanela Clavo como Adjunta a Direcci\u00f3n y, al mismo tiempo, Pablo Parra se sit\u00faa al frente del \u00c1rea Audiovisual de la cadena<\/strong>. Un equipo de direcci\u00f3n que asume el reto de consolidar la evoluci\u00f3n en audiencias, formatos y contenidos de la emisora deportiva por excelencia en Espa\u00f1a.<\/p>\n<p data-mrf-recirculation=\"Links P\u00e1rrafos\" class=\"ue-c-article__paragraph paragraph\">Los nuevos responsables, <strong>surgidos de la cantera de Radio MARCA<\/strong>, asumen el liderazgo de la radio de Unidad Editorial <strong>en su mejor momento<\/strong>. La emisora ha cerrado la temporada futbol\u00edstica 2024\/25 con 513.000 oyentes diarios en total, seg\u00fan la 2\u00aa ola acumulada del EGM, lo que supone un incremento de 50.000 oyentes sobre la misma medici\u00f3n de la temporada pasada (2023\/24). <strong>Este resultado marca el mejor dato de audiencia por temporada futbolera desde la 2014\/15, confirmando la progresi\u00f3n ascendente de la radio del deporte.<\/strong><\/p>\n<p data-mrf-recirculation=\"Links P\u00e1rrafos\" class=\"ue-c-article__paragraph paragraph\">A punto de cumplir 25 a\u00f1os de historia, y tras firmar sus mejores cifras en la \u00faltima d\u00e9cada, este nuevo impulso refuerza el organigrama de la redacci\u00f3n de Radio MARCA en su <strong>apuesta por la innovaci\u00f3n, la cantera y el crecimiento audiovisual.<\/strong><\/p>\n<p>Una apuesta segura<\/p>\n<p data-mrf-recirculation=\"Links P\u00e1rrafos\" class=\"ue-c-article__paragraph paragraph\">El director del Universo MARCA, Juan Ignacio Gallardo, subraya el papel decisivo del nuevo equipo: \u201c<strong>Javier, Yanela y Pablo han sido pilares fundamentales en el impulso y crecimiento de Radio MARCA<\/strong> en los \u00faltimos tiempos. Ahora es el momento de que ese crecimiento se multiplique desde una posici\u00f3n de liderazgo y notoriedad. <strong>Es una apuesta segura, son unos excelentes profesionales que han demostrado sobradamente su talento y su talante<\/strong>, adem\u00e1s de su inmenso compromiso\u201d.<\/p>\n<p data-mrf-recirculation=\"Links P\u00e1rrafos\" class=\"ue-c-article__paragraph paragraph\">Por su parte, el nuevo Director de Contenidos, <strong>Javier Amaro, deja clara la ambici\u00f3n de esta nueva etapa<\/strong>: \u201cVamos a darle un nuevo impulso a la radio. Estamos en un gran momento en lo que a oyentes se refiere y queremos reforzar todas las \u00e1reas para seguir creciendo\u201d.<\/p>\n<p><img decoding=\"async\" width=\"1631\" height=\"2000\" class=\"ue-c-article__image lazyload\" alt=\"Javier Amaro, nuevo Director de Contenidos de Radio MARCA\" loading=\"lazy\" src=\"https:\/\/www.europesays.com\/es\/wp-content\/uploads\/2025\/09\/68d2ba38c3613.jpeg\"\/><\/p>\n<p>Javier Amaro, nuevo Director de Contenidos de Radio MARCALuis Gabriel<\/p>\n<p data-mrf-recirculation=\"Links P\u00e1rrafos\" class=\"ue-c-article__paragraph paragraph\">La Adjunta a Direcci\u00f3n, Yanela Clavo, destaca la fuerza de la cantera: \u201cIniciamos una etapa muy bonita <strong>con gente que conoce la radio desde abajo<\/strong>. Tenemos muchas ganas de que Radio MARCA contin\u00fae creciendo\u201d.<\/p>\n<p data-mrf-recirculation=\"Links P\u00e1rrafos\" class=\"ue-c-article__paragraph paragraph\">Mientras tanto, el responsable del \u00c1rea Audiovisual, Pablo Parra, pone la mirada en la transformaci\u00f3n digital: \u201cLa radio ahora tiene la oportunidad de crecer en el \u00e1mbito audiovisual y de <strong>plasmar en im\u00e1genes el gran trabajo que se hace en antena<\/strong>. Vamos a potenciar las sinergias de todo el grupo\u201d.<\/p>\n<p data-mrf-recirculation=\"Links P\u00e1rrafos\" class=\"ue-c-article__paragraph paragraph\">Con la direcci\u00f3n de Javier Amaro, junto a Yanela Clavo y Pablo Parra, <strong>Radio MARCA reafirma su identidad: ritmo, cercan\u00eda y rigor, y se proyecta hacia nuevas audiencias<\/strong> sin perder su car\u00e1cter de radio hecha desde la casa y para la afici\u00f3n.<\/p>\n<p>El equipo<\/p>\n<p data-mrf-recirculation=\"Links P\u00e1rrafos\" class=\"ue-c-article__paragraph paragraph\"><strong>Javier Amaro: Director de Contenidos de Radio MARCA. Fuenlabrada (Madrid).<\/strong> Desde 2007 en Radio MARCA, Javier Amaro es una de las voces m\u00e1s reconocibles de la casa pasando por los programas m\u00e1s importantes como La Tribu y MARCADOR. Ahora asume la direcci\u00f3n con el reto de impulsar el crecimiento en audiencias y reforzar el \u00e1rea digital y audiovisual.<\/p>\n<p data-mrf-recirculation=\"Links P\u00e1rrafos\" class=\"ue-c-article__paragraph paragraph\"><strong>Yanela Clavo: Adjunta a la Direcci\u00f3n de Radio MARCA. Zamora.<\/strong> Periodista de la cantera de la emisora. Su crecimiento en el Mundo MARCA ha estado ligado al impulso de nuevos proyectos editoriales, aportando siempre una mirada innovadora y cercana. Presentadora del programa de salud \u201cCu\u00eddate\u201d, se ha consolidado como un referente en la informaci\u00f3n especializada en bienestar y deporte, adem\u00e1s de ser una de las voces m\u00e1s reconocibles y valoradas de la radio.<\/p>\n<p><img decoding=\"async\" width=\"1654\" height=\"2000\" class=\"ue-c-article__image lazyload\" alt=\"Yanela Clavo, adjunta a la Direcci\u00f3n de Radio MARCA\" loading=\"lazy\" src=\"https:\/\/www.europesays.com\/es\/wp-content\/uploads\/2025\/09\/68d2bb42d7e68.jpeg\"\/><\/p>\n<p>Yanela Clavo, adjunta a la Direcci\u00f3n de Radio MARCALuis Gabriel<\/p>\n<p data-mrf-recirculation=\"Links P\u00e1rrafos\" class=\"ue-c-article__paragraph paragraph\"><strong>Pablo Parra: Responsable del \u00c1rea Audiovisual de Radio MARCA. Algete (Madrid), 30 a\u00f1os<\/strong>. Desde el a\u00f1o 2016 en Radio MARCA, presenta actualmente MARCADOR Diario dando voz a todo el deporte en directo. Su nuevo rol se centra en trasladar al plano audiovisual la pasi\u00f3n y el rigor del directo de Radio MARCA, reforzando las sinergias con todo el grupo.<\/p>\n<p><img decoding=\"async\" width=\"2202\" height=\"2000\" class=\"ue-c-article__image lazyload\" alt=\"Pablo Parra, al frente del \u00e1rea audiovisual\" loading=\"lazy\" src=\"https:\/\/www.europesays.com\/es\/wp-content\/uploads\/2025\/09\/68d2badf48351.jpeg\"\/><\/p>\n<p>Pablo Parra, al frente del \u00e1rea audiovisualLuis Gabriel<\/p>\n","protected":false},"excerpt":{"rendered":"Juan Ignacio Gallardo, director del Universo MARCA, ha nombrado a Javier Amaro como nuevo Director de Contenidos de&hellip;\n","protected":false},"author":2,"featured_media":135470,"comment_status":"","ping_status":"","sticky":false,"template":"","format":"standard","meta":{"footnotes":""},"categories":[170],"tags":[146,147,25,24,184,185,23],"class_list":{"0":"post-135469","1":"post","2":"type-post","3":"status-publish","4":"format-standard","5":"has-post-thumbnail","7":"category-musica","8":"tag-entertainment","9":"tag-entretenimiento","10":"tag-es","11":"tag-espana","12":"tag-music","13":"tag-musica","14":"tag-spain"},"share_on_mastodon":{"url":"","error":""},"_links":{"self":[{"href":"https:\/\/www.europesays.com\/es\/wp-json\/wp\/v2\/posts\/135469","targetHints":{"allow":["GET"]}}],"collection":[{"href":"https:\/\/www.europesays.com\/es\/wp-json\/wp\/v2\/posts"}],"about":[{"href":"https:\/\/www.europesays.com\/es\/wp-json\/wp\/v2\/types\/post"}],"author":[{"embeddable":true,"href":"https:\/\/www.europesays.com\/es\/wp-json\/wp\/v2\/users\/2"}],"replies":[{"embeddable":true,"href":"https:\/\/www.europesays.com\/es\/wp-json\/wp\/v2\/comments?post=135469"}],"version-history":[{"count":0,"href":"https:\/\/www.europesays.com\/es\/wp-json\/wp\/v2\/posts\/135469\/revisions"}],"wp:featuredmedia":[{"embeddable":true,"href":"https:\/\/www.europesays.com\/es\/wp-json\/wp\/v2\/media\/135470"}],"wp:attachment":[{"href":"https:\/\/www.europesays.com\/es\/wp-json\/wp\/v2\/media?parent=135469"}],"wp:term":[{"taxonomy":"category","embeddable":true,"href":"https:\/\/www.europesays.com\/es\/wp-json\/wp\/v2\/categories?post=135469"},{"taxonomy":"post_tag","embeddable":true,"href":"https:\/\/www.europesays.com\/es\/wp-json\/wp\/v2\/tags?post=135469"}],"curies":[{"name":"wp","href":"https:\/\/api.w.org\/{rel}","templated":true}]}}