{"id":135473,"date":"2025-09-24T06:44:17","date_gmt":"2025-09-24T06:44:17","guid":{"rendered":"https:\/\/www.europesays.com\/es\/135473\/"},"modified":"2025-09-24T06:44:17","modified_gmt":"2025-09-24T06:44:17","slug":"khusanov-huele-a-fichaje-increible","status":"publish","type":"post","link":"https:\/\/www.europesays.com\/es\/135473\/","title":{"rendered":"\u201cKhusanov huele a fichaje incre\u00edble&#8230;\u201d"},"content":{"rendered":"<p class=\"\">En cuatro de sus cinco primeras temporadas en el Manchester City, Guardiola conquist\u00f3 la Copa de la Liga. Y luego se centr\u00f3 en las otras competiciones. <b>Desde su \u00faltimo triunfo en 2021 no ha superado los cuartos de final, <\/b>e incluso el pasado curso dijo no quer\u00eda malgastar energ\u00edas en esta competici\u00f3n. En su rueda de prensa del martes, previa al encuentro en casa del Huddersfield Town, de tercera divisi\u00f3n, el entrenador celeste admiti\u00f3 que alinear\u00e1 a varios canteranos as\u00ed como a futbolistas que han tenido pocos minutos hasta la fecha. Haaland, que fue sustituido el domingo frente al Arsenal, ser\u00e1 baja por lesi\u00f3n.<\/p>\n<p>\u00bfC\u00f3mo se encuentra Haaland?<\/p>\n<p class=\"\">Estuve recuper\u00e1ndose ayer, no entren\u00f3. Hoy no lo he visto todav\u00eda, ni al resto de jugadores. Espero que est\u00e9 listo para el pr\u00f3ximo fin de semana. Ha sido una semana exigente, especialmente en el \u00faltimo partido y a veces los jugadores tienen problemas. Pero creo que estar\u00e1 listo para el pr\u00f3ximo fin de semana.<\/p>\n<blockquote class=\"a_q\">\n<p>Podemos hacerlo mejor, pero no me importa&#8230;\u00bb<\/p>\n<p>Guardiola<\/p><\/blockquote>\n<p>\u00bfCelebr\u00f3 el \u00e9xito de Donnarumma, que fue el ganador del Trofeo Yashin al mejor portero de la temporada pasada?<\/p>\n<p class=\"\">Hay que felicitarlo a \u00e9l y al PSG. Es lo que hizo en Par\u00eds lo que le ha valido este premio. Estamos felices de tenerlo ahora con nosotros. Donnarumma siempre est\u00e1 ah\u00ed entre los mejores porteros, y el premio lo demuestra, aunque los nominados tambi\u00e9n merecen ser felicitados.<\/p>\n<p>\u00bfLe sorprende lo mucho que se ha hablado de la t\u00e1ctica de su equipo frente al Arsenal, cuando tuvo una mentalidad m\u00e1s defensiva?<\/p>\n<p class=\"\">Estoy muy orgulloso. Recuperamos muchas cosas que echamos en falta la temporada pasada, mostramos un gran esp\u00edritu. Est\u00e1 claro que no podemos jugar toda la temporada como nos gustar\u00eda, pero eso, en parte, tambi\u00e9n es culpa de los rivales, como el Arsenal. Siempre es capaz de hacer eso a su rival. Quiero aprender a celebrar un empate como contra el Arsenal, c\u00f3mo empatamos fuera de casa contra un equipo que lleg\u00f3 a semifinales de Champions y que aspira a todo en los \u00faltimos a\u00f1os. Hay que celebrar ese punto. Solo pido una cosa a mis jugadores, que lo den todo. La temporada pasada no lo hicimos en algunos momentos, y esta temporada, especialmente en el partido del Manchester United empezamos a recuperar cosas que defin\u00edan a nuestro equipo durante muchos a\u00f1os. Podemos hacerlo mejor, s\u00ed, pero no me importa. Lo primero es mostrar el esp\u00edritu que hemos mostrado en los \u00faltimos partidos. Luego iremos creciendo poco a poco.<\/p>\n<p>\u00bfLe dar\u00e1 ma\u00f1ana una oportunidad a los jugadores que han tenido menos minutos hasta la fecha?<\/p>\n<p class=\"\">S\u00ed, claro. Ma\u00f1ana no pondr\u00e9 el mismo once inicial que en los tres \u00faltimos partidos. Eso est\u00e1 claro. Mira, el \u00fanico problema que tenemos con la Carabao Cup es, ya lo dije muchas veces, de lo contrario no la habr\u00edamos ganado cuatro veces seguidas, el problema es llegar con lesionados. As\u00ed es que ma\u00f1ana habr\u00e1 una mezcla de jugadores del primer equipo y la cantera. La prioridad es el Burnley, el Monaco y el Brentford.<\/p>\n<p>\u00bfVe a Khusanov como lateral derecho de cara al futuro? \u00bfC\u00f3mo valora su evoluci\u00f3n desde que lleg\u00f3 al equipo?<\/p>\n<p class=\"\">S\u00ed, ha mejorado mucho. Puede jugar en varios puestos defensivos, aunque quiz\u00e1 no de lateral izquierdo. No es un jugador que pueda crear peligro arriba, pero tiene una visi\u00f3n incre\u00edble, es s\u00f3lido y estable. Est\u00e1 incre\u00edblemente centrado. Es muy joven, pero quiere aprender. Lo ha hecho muy bien en partidos muy dif\u00edciles, siendo tan joven. Se fue de Uzbekist\u00e1n a Francia, jug\u00f3 diez partidos y luego vino aqu\u00ed en una temporada complicada y se adapt\u00f3. Aprende muy r\u00e1pido. Se huele que es un fichaje incre\u00edble para los pr\u00f3ximos a\u00f1os.<\/p>\n<p>\u00bfQu\u00e9 futuro le ve a Kalvin Phillips?Noticias relacionadas<a href=\"https:\/\/as.com\/futbol\/internacional\/olabe-por-monchi-n\/\" class=\"s_m_w\" title=\"El Aston Villa anuncia la llegada del ex Director de F\u00fatbol de la Real Sociedad como nuevo Presidente de Operaciones de F\u00fatbol de los \u2018villans\u2019. Coincidi\u00f3 con Unai Emery en Almer\u00eda.\" data-tb-link=\"\" rel=\"nofollow noopener\" target=\"_blank\"><img decoding=\"async\" src=\"https:\/\/www.europesays.com\/es\/wp-content\/uploads\/2025\/09\/JBMEMROERZEYXPSEAH67EJKZYY.jpg\" alt=\"Oficial: Olabe por Monchi\" class=\"\" height=\"1\" width=\"1\"   loading=\"lazy\" data-tb-thumbnail=\"\"\/><\/a><a href=\"https:\/\/as.com\/futbol\/el-pep-mas-racano-n\/\" class=\"s_m_w\" title=\"El Manchester City firm\u00f3, en su visita al Emirates Stadium, el dato de posesi\u00f3n m\u00e1s bajo jam\u00e1s registrado por el t\u00e9cnico de Sampedor en 601 partidos: 32,8%.\" data-tb-link=\"\" rel=\"nofollow noopener\" target=\"_blank\"><img decoding=\"async\" src=\"https:\/\/www.europesays.com\/es\/wp-content\/uploads\/2025\/09\/YUI6EYYHIBNQ3KT55G56JQLO3I.jpg\" alt=\"El \u2018catenaccio\u2019 era esto, Pep\" class=\"\" height=\"1\" width=\"1\"   loading=\"lazy\" data-tb-thumbnail=\"\"\/><\/a><\/p>\n<p class=\"\">Est\u00e1 en Londres porque va a ser padre por segunda vez, ese es su futuro. Volver\u00e1 a entrenar con nosotros y luego veremos. Sale de una lesi\u00f3n y una operaci\u00f3n, as\u00ed es que necesita entrenar mucho y quiz\u00e1 minutos en algunos partidos.<\/p>\n<p class=\"\"><b>\u00a1Tus opiniones importan!<\/b> Comenta en los art\u00edculos y suscr\u00edbete gratis a nuestra <a href=\"https:\/\/asfan.as.com\/newsletters\/\" target=\"_blank\" rel=\"nofollow noopener\" title=\"https:\/\/asfan.as.com\/newsletters\/\">newsletter<\/a> y a las alertas informativas en la <a href=\"https:\/\/as.com\/aplicacion-de-as-n\/\" target=\"_blank\" rel=\"nofollow noopener\" title=\"https:\/\/as.com\/aplicacion-de-as-n\/\">App<\/a> o el canal de <a href=\"https:\/\/www.whatsapp.com\/channel\/0029VaAasdA7j6g745nz9M10\" target=\"_blank\" rel=\"nofollow noopener\" title=\"https:\/\/www.whatsapp.com\/channel\/0029VaAasdA7j6g745nz9M10\">WhatsApp<\/a>. \u00bfBuscas licenciar contenido? Haz clic <a href=\"https:\/\/profesional.elpais.com\/soluciones-sindicacion?utm_medium=interno&amp;utm_source=crosslinking&amp;utm_campaign=sindicacion_as_pie_articulos\" target=\"_blank\" rel=\"nofollow noopener\" title=\"https:\/\/profesional.elpais.com\/soluciones-sindicacion?utm_medium=interno&amp;utm_source=crosslinking&amp;utm_campaign=sindicacion_as_pie_articulos\">aqu\u00ed<\/a><\/p>\n","protected":false},"excerpt":{"rendered":"En cuatro de sus cinco primeras temporadas en el Manchester City, Guardiola conquist\u00f3 la Copa de la Liga.&hellip;\n","protected":false},"author":2,"featured_media":135474,"comment_status":"","ping_status":"","sticky":false,"template":"","format":"standard","meta":{"footnotes":""},"categories":[93],"tags":[168,25,24,23,167],"class_list":{"0":"post-135473","1":"post","2":"type-post","3":"status-publish","4":"format-standard","5":"has-post-thumbnail","7":"category-deportes","8":"tag-deportes","9":"tag-es","10":"tag-espana","11":"tag-spain","12":"tag-sports"},"share_on_mastodon":{"url":"","error":""},"_links":{"self":[{"href":"https:\/\/www.europesays.com\/es\/wp-json\/wp\/v2\/posts\/135473","targetHints":{"allow":["GET"]}}],"collection":[{"href":"https:\/\/www.europesays.com\/es\/wp-json\/wp\/v2\/posts"}],"about":[{"href":"https:\/\/www.europesays.com\/es\/wp-json\/wp\/v2\/types\/post"}],"author":[{"embeddable":true,"href":"https:\/\/www.europesays.com\/es\/wp-json\/wp\/v2\/users\/2"}],"replies":[{"embeddable":true,"href":"https:\/\/www.europesays.com\/es\/wp-json\/wp\/v2\/comments?post=135473"}],"version-history":[{"count":0,"href":"https:\/\/www.europesays.com\/es\/wp-json\/wp\/v2\/posts\/135473\/revisions"}],"wp:featuredmedia":[{"embeddable":true,"href":"https:\/\/www.europesays.com\/es\/wp-json\/wp\/v2\/media\/135474"}],"wp:attachment":[{"href":"https:\/\/www.europesays.com\/es\/wp-json\/wp\/v2\/media?parent=135473"}],"wp:term":[{"taxonomy":"category","embeddable":true,"href":"https:\/\/www.europesays.com\/es\/wp-json\/wp\/v2\/categories?post=135473"},{"taxonomy":"post_tag","embeddable":true,"href":"https:\/\/www.europesays.com\/es\/wp-json\/wp\/v2\/tags?post=135473"}],"curies":[{"name":"wp","href":"https:\/\/api.w.org\/{rel}","templated":true}]}}