{"id":135475,"date":"2025-09-24T06:46:14","date_gmt":"2025-09-24T06:46:14","guid":{"rendered":"https:\/\/www.europesays.com\/es\/135475\/"},"modified":"2025-09-24T06:46:14","modified_gmt":"2025-09-24T06:46:14","slug":"esther-canadas-revela-en-el-hormiguero-que-la-vasculitis-que-padece-provoco-su-distanciamiento-de-las-pasarelas-la-voz-de-galicia","status":"publish","type":"post","link":"https:\/\/www.europesays.com\/es\/135475\/","title":{"rendered":"Esther Ca\u00f1adas revela en \u00abEl Hormiguero\u00bb que la vasculitis que padece provoc\u00f3 su distanciamiento de las pasarelas &#8211; La Voz de Galicia"},"content":{"rendered":"<ol>\n<li><a href=\"https:\/\/news.google.com\/rss\/articles\/CBMihAJBVV95cUxNUmNZWDZPdk9ibVU5d1VyWnViOWxBOEZyaVV1TFFtSVFERzlpUld0aURDUFplT0M3TVVOck9IUDM4dmNiX3d5OUE5bWVGZFdWZDdLNHVSLW9RVjJIVWVXemE1STlsZ0pIdXl1VF81TEhGbV9UQmYzQ2ZpUjM4QnlyeDB5X21UNkpUUTNtNGxaNUVydFN4a29yWkZNN1pNajRtaW8zNTJKVVdwWDVtQXFZYXc5Y1BqUkdHdHRuYzZhMFZwMzFZeFJLNnFnTWZ3bjBXeXNzY1JpMlN0SlBKYWVVUW9HYzh6SThSSFBuSjhrVVMtYVlWdDA4aEZlc2JuZFQ2c1BrU9IBoAJBVV95cUxQR01lOVozalpJZElBOWZQTTZZZ0VKdU03NF8wWTZ3UE55UFdDR2JWdlEwdXZsMVktTHhrTmFRWWFGYlNKa0hEeldVSDBxNHRxRzQ1LUp1dkpDUjhhMVZLWkpSS3Q3amtfNjlidUxVYzRCOEJKQmdNUXBGRy0tZjBBTF9OV2NrdFpFZ3BodGFhck5kcUM1dlNicVR1Z2NqdWhmQkxqTl9OYWQ0WUU3bjRRM0kwYlcwTTJoZUwtZF9pZG5SUDRqMnQ1dVdMdFZ5d1pTb2hQYmNIT0NheENCWlNWdTNmd2lPajJ1SWlpWTdkVnNnVVh3Nk5PbmNIdFJ5WGtJRFpPTWl5ZnRvQTF0TVp0Z0xJNFpRZXhOTk9FVmpUcEc?oc=5\" target=\"_blank\" rel=\"nofollow noopener\">Esther Ca\u00f1adas revela en \u00abEl Hormiguero\u00bb que la vasculitis que padece provoc\u00f3 su distanciamiento de las pasarelas<\/a>&nbsp;&nbsp;La Voz de Galicia<\/li>\n<li><a href=\"https:\/\/news.google.com\/rss\/articles\/CBMidkFVX3lxTFBHcEV6bHdXOUNnV3hvV2l6dnFuekZ2Ylh1VXhDdUhkcFdDaFdFcFNDNEtjcmNsTnJQU2pRNlp4cXJCdkFrZHFHeVJoOTVpNXJkQlc1ZmZCaDVFNXozQkpCVENab1JreUJfejNBNi05MDQtRVFtcHc?oc=5\" target=\"_blank\" rel=\"nofollow noopener\">\u00bfCu\u00e1l es la desconocida enfermedad por la que Esther Ca\u00f1adas tuvo que alejarse del mundo de la moda?<\/a>&nbsp;&nbsp;El Mundo<\/li>\n<li><a href=\"https:\/\/news.google.com\/rss\/articles\/CBMiswJBVV95cUxNRFc1WHRFSlE1OTY0TmczU1E5UWJOZ0ZVbk02RC12TEhnLUZMUFhrQmdlYmlVWVRfSWxlS1AwOGszckpFQkpvaEloOVFvMHU1cWU3RnhIVFl6N3dlNFBjRjhPOEpKQU9aVnc1Wnc5UFlEbU9WdllTQnJjV2Q4QmdyS21mUVBvWEVrbTluT2g0ZFl0dXZMeWdCOTA0RDhzSXNvR2JYOTNiV3hpN0ZXTHNCOWtFMWlodGFTUzcybHc2SnYtU1gxMEVFbnd6UDYzMmNtUWwtbGZaR014QU1nZy1hWDIzVllGcGU2ZGtCRE9CZEhZaFlsc2hDRExaS0tiazBTMlFNOHFhRHpvSTVhT3owMXJ0N2xodjRHUXRFc1pubFYydmxQVmQzWWU2MzViSU1OSm9j?oc=5\" target=\"_blank\" rel=\"nofollow noopener\">Esther Ca\u00f1adas (48 a\u00f1os) modelo, sobre sus padres: \u00abNo tuve la infancia m\u00e1s acomodada, pero de alguna manera me dieron todo lo que soy hoy: la responsabilidad, el ayudar en casa&#8230; eso te curte\u00bb<\/a>&nbsp;&nbsp;El Mueble<\/li>\n<li><a href=\"https:\/\/news.google.com\/rss\/articles\/CBMiwgFBVV95cUxPZXlKNTVFUEtqaEJQZ1BId0NTZ2MyTkpzZTlHR3JsaUtNSHJYTkgtLU43ZERCWGtDcGFhMVUxcmJrcFpmVU9iVXM4bm50UG0tODEtY3JXeWY3ZjIxMHE5RXl4cmdPYzd6Y1BXTlNKbzVTaHJxeG1sc2pKRkhlemhXOFp1RXhJX3RYUVBsb0laNmVfOGRWamJyN0cwczRIOTE1N1NnblczNzZRS3lELXFOZVg1R3lTd0JIVDd1QmRWdy1CZ9IBxwFBVV95cUxPQmYzdVhRRFp3SmtpNzlJVEZXc1NlMGhNYXNaUHdGMm8wcDVjNFg2OWplUWQycFgyVG5ERmY5amF0ZEtTTWdWdWJTVU5GZFFoSktuZF8tTGp1cDB3YzFoRVVTRmw1T1JudFJpTGdsd0V5NlVlSWFBS2RYbENaZXg0N1J1WW9PQm5tdmVuSlRXZ3EwemltSnRvdktiWUtyVlpic1lXWW1GTUhkRDU5bWREam9ibWs4d1BrVDlTbGFER01CdWNmVjlB?oc=5\" target=\"_blank\" rel=\"nofollow noopener\">La complicad\u00edsima pregunta de Pablo Motos que Esther Ca\u00f1adas resolvi\u00f3 con aplausos en &#8216;El hormiguero&#8217;<\/a>&nbsp;&nbsp;El Confidencial<\/li>\n<li><a href=\"https:\/\/news.google.com\/rss\/articles\/CBMiiwJBVV95cUxPRFVzUk9sTm5Idk1QU2p3enFDZ2V3MDFCWnBHMWZnUlpfMDUtc0xwNUVBdkN5UzFqM1FSZXU2RWtSMDlqMHlUVXdySVYzXzdNUnY1aEdsckhmMHdqZzBoSW00Z19wWjZhSmU5ZnBrR2x0S3N4NGMxcEtJN0N2Qk93V0NmNmtEZDgtM1VvM3RKeFk4a2FTN1JjaWQ2S1BzNDE2aVNJZVRSenRFUUFGR1JTeVRPUjZkUlRBTkxwc19DZm9jR2NVa1hmZkhfTVVZdmt2eFdXY3RPTjhpNHNma2RpNUJid2RzVU9PcGVMNlhHMzllZGV0MmRkcmRBbUcyLWYxVjZkM2p3b3ozMk3SAYsCQVVfeXFMTXdLLXhHTWpIODQxSm90cVd5Uzk0bHd6Sl9VbTE3YWFlc1pVcWZ4ZDRaUmluOE1WYXJ5bzh3STQ1SlhMOGlTbF9NdEE4YTJ3OHg0OG9ERHNvaDdwUXh3Zk9RdTd4OGZTR2dlVzE0d2RELWp4ODl6LXZ3NUlGbTNlbjRuMklUbVJrQ1E4dlNyMVFKMlhGVUpSdzM5U1plVEVSbjNETjlzN1FSaWhURm5zdEJqTTNnU21RVUIyaC1HTGttdHhNTlJxelQ3NUxpby14bFhwaEowcWIwNENpR09qRXJLSXVva3ktdm9mc190NENBTGtrNVlLOUotZnRGcktJc3RNNGhta052cDNJ?oc=5\" target=\"_blank\" rel=\"nofollow noopener\">\u00abEst\u00e1s en otra zona que no solemos visitar\u00bb: la experiencia de Esther Ca\u00f1adas con la meditaci\u00f3n y la<\/a>&nbsp;&nbsp;Antena 3<\/li>\n<\/ol>\n","protected":false},"excerpt":{"rendered":"Esther Ca\u00f1adas revela en \u00abEl Hormiguero\u00bb que la vasculitis que padece provoc\u00f3 su distanciamiento de las pasarelas&nbsp;&nbsp;La Voz&hellip;\n","protected":false},"author":2,"featured_media":135476,"comment_status":"","ping_status":"","sticky":false,"template":"","format":"standard","meta":{"footnotes":""},"categories":[91],"tags":[40542,5813,146,147,25,24,1505,5812,23,22271],"class_list":{"0":"post-135475","1":"post","2":"type-post","3":"status-publish","4":"format-standard","5":"has-post-thumbnail","7":"category-entretenimiento","8":"tag-carolina-herrera","9":"tag-el-hormiguero","10":"tag-entertainment","11":"tag-entretenimiento","12":"tag-es","13":"tag-espana","14":"tag-hollywood","15":"tag-pablo-motos","16":"tag-spain","17":"tag-vicky-martin-berrocal"},"share_on_mastodon":{"url":"","error":""},"_links":{"self":[{"href":"https:\/\/www.europesays.com\/es\/wp-json\/wp\/v2\/posts\/135475","targetHints":{"allow":["GET"]}}],"collection":[{"href":"https:\/\/www.europesays.com\/es\/wp-json\/wp\/v2\/posts"}],"about":[{"href":"https:\/\/www.europesays.com\/es\/wp-json\/wp\/v2\/types\/post"}],"author":[{"embeddable":true,"href":"https:\/\/www.europesays.com\/es\/wp-json\/wp\/v2\/users\/2"}],"replies":[{"embeddable":true,"href":"https:\/\/www.europesays.com\/es\/wp-json\/wp\/v2\/comments?post=135475"}],"version-history":[{"count":0,"href":"https:\/\/www.europesays.com\/es\/wp-json\/wp\/v2\/posts\/135475\/revisions"}],"wp:featuredmedia":[{"embeddable":true,"href":"https:\/\/www.europesays.com\/es\/wp-json\/wp\/v2\/media\/135476"}],"wp:attachment":[{"href":"https:\/\/www.europesays.com\/es\/wp-json\/wp\/v2\/media?parent=135475"}],"wp:term":[{"taxonomy":"category","embeddable":true,"href":"https:\/\/www.europesays.com\/es\/wp-json\/wp\/v2\/categories?post=135475"},{"taxonomy":"post_tag","embeddable":true,"href":"https:\/\/www.europesays.com\/es\/wp-json\/wp\/v2\/tags?post=135475"}],"curies":[{"name":"wp","href":"https:\/\/api.w.org\/{rel}","templated":true}]}}