{"id":135483,"date":"2025-09-24T06:52:08","date_gmt":"2025-09-24T06:52:08","guid":{"rendered":"https:\/\/www.europesays.com\/es\/135483\/"},"modified":"2025-09-24T06:52:08","modified_gmt":"2025-09-24T06:52:08","slug":"al-veszprem-de-xavi-pascual-se-le-escapa-el-fichaje-top-de-un-ex-del-barca","status":"publish","type":"post","link":"https:\/\/www.europesays.com\/es\/135483\/","title":{"rendered":"Al Veszprem de Xavi Pascual se le escapa el fichaje &#8216;top&#8217; de un ex del Bar\u00e7a"},"content":{"rendered":"<p data-gtm-element-container=\"modulo-texto-link\" class=\"paragraph\">Nuevo giro de guion en el futuro de <strong>Lasse Andersson<\/strong> (31 a\u00f1os). Parece claro que el lateral dan\u00e9s, que <strong>milit\u00f3 en las filas del FC Barcelona entre 2016 y 2020<\/strong>, no continuar\u00e1 la pr\u00f3xima temporada en el <strong>F\u00fcchse Berlin<\/strong>, a pesar de tener <strong>contrato hasta 2027<\/strong>, y est\u00e1 decidido a salir del conjunto berlin\u00e9s un a\u00f1o antes de lo previsto.\u00a0<\/p>\n<p>    Lee tambi\u00e9n<\/p>\n<p data-gtm-element-container=\"modulo-texto-link\" class=\"paragraph\">Los rumores que sit\u00faan a su compatriota <strong>Simon Pytlick<\/strong> en el conjunto berlin\u00e9s para formar pareja con <strong>Mathias Gidsel <\/strong>podr\u00edan ser uno de los motivos detr\u00e1s de la decisi\u00f3n de Andersson.\u00a0<\/p>\n<p data-gtm-element-container=\"modulo-texto-link\" class=\"paragraph\">Pero si hace unos d\u00edas <strong>se daba por hecho que su destino ser\u00eda el Veszprem h\u00fangaro\u00a0<\/strong>-sin duda, su fichaje habr\u00eda sacudido por completo la pr\u00f3xima edici\u00f3n de la EHF Champions League- dirigido por <strong>Xavi Pascual<\/strong> -con el que coincidi\u00f3 en su etapa como jugador azulgrana-, ahora todo hace indicar que el internacional dan\u00e9s <strong>regresar\u00e1 a su pa\u00eds para unirse al proyecto del HOJ <\/strong>junto a estrellas del nivel de Jannick Green -ya cerrado para la pr\u00f3xima temporada-, Michael Damgaard o otro ex del Bar\u00e7a como <strong>Hampus Wanne.<\/strong><\/p>\n<p data-gtm-element-container=\"modulo-texto-link\" class=\"paragraph\">Seg\u00fan adelanta el medio dan\u00e9s &#8216;BT&#8217;,<strong> Lasse Andersson habr\u00eda alcanzado ya un acuerdo para jugar en el HOJ Handball la pr\u00f3xima temporada<\/strong> y, a pesar de tenerlo pr\u00e1cticamente hecho con el\u00a0Veszprem, el lateral <strong>habr\u00eda roto el preacuerdo con el equipo h\u00fangaro<\/strong> alegando <strong>motivos personales<\/strong>, decant\u00e1ndose finalmente por la tentadora oferta de un HOJ que, adem\u00e1s, le permitir\u00e1 volver a su pa\u00eds natal.<\/p>\n<p data-gtm-element-container=\"modulo-texto-link\" class=\"paragraph\">Y, por si fuera poco, algunos rumores<strong> sit\u00faan al t\u00e9cnico alem\u00e1n Jaron Siewert<\/strong>, hasta hace dos semanas entrenador del F\u00fcchse Berlin, en las filas del HOJ dan\u00e9s, por lo que si Lasse Andersson se decide por regresar a casa -ya milit\u00f3 en el Ringsted y el Kolding antes de fichar por el Bar\u00e7a- se reencontrar\u00eda con un viejo conocido en el banquillo de su nuevo equipo.<\/p>\n","protected":false},"excerpt":{"rendered":"Nuevo giro de guion en el futuro de Lasse Andersson (31 a\u00f1os). Parece claro que el lateral dan\u00e9s,&hellip;\n","protected":false},"author":2,"featured_media":135484,"comment_status":"","ping_status":"","sticky":false,"template":"","format":"standard","meta":{"footnotes":""},"categories":[278],"tags":[376,168,25,24,375,23,167],"class_list":{"0":"post-135483","1":"post","2":"type-post","3":"status-publish","4":"format-standard","5":"has-post-thumbnail","7":"category-balonmano","8":"tag-balonmano","9":"tag-deportes","10":"tag-es","11":"tag-espana","12":"tag-handball","13":"tag-spain","14":"tag-sports"},"share_on_mastodon":{"url":"","error":""},"_links":{"self":[{"href":"https:\/\/www.europesays.com\/es\/wp-json\/wp\/v2\/posts\/135483","targetHints":{"allow":["GET"]}}],"collection":[{"href":"https:\/\/www.europesays.com\/es\/wp-json\/wp\/v2\/posts"}],"about":[{"href":"https:\/\/www.europesays.com\/es\/wp-json\/wp\/v2\/types\/post"}],"author":[{"embeddable":true,"href":"https:\/\/www.europesays.com\/es\/wp-json\/wp\/v2\/users\/2"}],"replies":[{"embeddable":true,"href":"https:\/\/www.europesays.com\/es\/wp-json\/wp\/v2\/comments?post=135483"}],"version-history":[{"count":0,"href":"https:\/\/www.europesays.com\/es\/wp-json\/wp\/v2\/posts\/135483\/revisions"}],"wp:featuredmedia":[{"embeddable":true,"href":"https:\/\/www.europesays.com\/es\/wp-json\/wp\/v2\/media\/135484"}],"wp:attachment":[{"href":"https:\/\/www.europesays.com\/es\/wp-json\/wp\/v2\/media?parent=135483"}],"wp:term":[{"taxonomy":"category","embeddable":true,"href":"https:\/\/www.europesays.com\/es\/wp-json\/wp\/v2\/categories?post=135483"},{"taxonomy":"post_tag","embeddable":true,"href":"https:\/\/www.europesays.com\/es\/wp-json\/wp\/v2\/tags?post=135483"}],"curies":[{"name":"wp","href":"https:\/\/api.w.org\/{rel}","templated":true}]}}