{"id":135493,"date":"2025-09-24T11:00:09","date_gmt":"2025-09-24T11:00:09","guid":{"rendered":"https:\/\/www.europesays.com\/es\/135493\/"},"modified":"2025-09-24T11:00:09","modified_gmt":"2025-09-24T11:00:09","slug":"seixas-muy-duro-tras-la-crono-es-una-decepcion-lo-mal-que-lo-he-hecho","status":"publish","type":"post","link":"https:\/\/www.europesays.com\/es\/135493\/","title":{"rendered":"Seixas, muy duro tras la crono: \u201cEs una decepci\u00f3n lo mal que lo he hecho\u201d"},"content":{"rendered":"<p class=\"\"><a href=\"https:\/\/as.com\/ciclismo\/mas_ciclismo\/evenepoel-entra-en-el-olimpo-de-la-contrarreloj-con-su-tercer-arcoiris-seguido-n\/\" target=\"_self\" rel=\"nofollow noopener\" title=\"https:\/\/as.com\/ciclismo\/mas_ciclismo\/evenepoel-entra-en-el-olimpo-de-la-contrarreloj-con-su-tercer-arcoiris-seguido-n\/\"><b>La exhibici\u00f3n de Remco Evenepoel en la crono de los Mundiales<\/b><\/a> de Ciclismo de Ruanda nos dej\u00f3, adem\u00e1s de la gran actuaci\u00f3n del belga, la imagen de Evenepoel doblando a un Tadej Pogacar a quien aventaj\u00f3 en 2:37 y que se qued\u00f3 finalmente sin medalla.<\/p>\n<p class=\"\">La crono masculina de los Mundiales de Ciclismo tambi\u00e9n nos <b>dej\u00f3 el debut con \u2018los mayores\u2019 en el Mundial del franc\u00e9s Paul Seixas,<\/b> campe\u00f3n de la disciplina en categor\u00eda junior el a\u00f1o pasado en Z\u00farich, que finalmente acab\u00f3 en el puesto 16 a 4:14 de Evenepoel.<\/p>\n<p class=\"\">Pese a que su debut se presupon\u00eda dif\u00edcil para su juventud, Seixas se mostr\u00f3 muy autocr\u00edtico con su actitud en declaraciones recogidas por los medios franceses. \u201c<b>Ha sido una bofetada en la cara. El objetivo era aprender pero esperaba honrar el maillot de Francia<\/b> y hoy no lo he hecho. El calor hizo que no lograse demostrar todo el esfuerzo, llevaba una frecuencia cardiaca de mierda. Acab\u00e9 perdiendo todas mis fuerzas y sufriendo\u201d.<\/p>\n<p class=\"\">Un Seixas que cree que lo sucedido en la crono es una dura vuelta a la realidad para \u00e9l. <b>\u201cLo que m\u00e1s me decepciona es no haber brillado esta vez. Empec\u00e9 muy fuerte<\/b> pero estuve muy lejos de mis valores actuales. Ha sido una vuelta a la realidad, pero espero que me ayude en el futuro\u201d.<\/p>\n<p>Noticias relacionadas<\/p>\n<p class=\"\">Seixas tambi\u00e9n asegur\u00f3 que no hab\u00eda estado en forma en los \u00faltimos d\u00edas pero cree que necesita sentirse autocr\u00edtico para seguir mejorando. <b>\u201cMis piernas no estuvieron a la altura. Es una decepci\u00f3n prepararme para esto y hacerlo tan mal.<\/b> Llevaba dos d\u00edas con poca mejora y ten\u00eda dudas. Estoy decepcionado con mi rendimiento, pero no parar\u00e9. S\u00e9 que soy duro conmigo mismo pero no tengo que conformarme diciendo que todo ir\u00e1 bien y que seguir\u00e9 progresando\u201d.<\/p>\n<p class=\"\"><b>\u00a1Tus opiniones importan!<\/b> Comenta en los art\u00edculos y suscr\u00edbete gratis a nuestra <a href=\"https:\/\/asfan.as.com\/newsletters\/\" target=\"_blank\" rel=\"nofollow noopener\" title=\"https:\/\/asfan.as.com\/newsletters\/\">newsletter<\/a> y a las alertas informativas en la <a href=\"https:\/\/as.com\/aplicacion-de-as-n\/\" target=\"_blank\" rel=\"nofollow noopener\" title=\"https:\/\/as.com\/aplicacion-de-as-n\/\">App<\/a> o el canal de <a href=\"https:\/\/www.whatsapp.com\/channel\/0029VaAasdA7j6g745nz9M10\" target=\"_blank\" rel=\"nofollow noopener\" title=\"https:\/\/www.whatsapp.com\/channel\/0029VaAasdA7j6g745nz9M10\">WhatsApp<\/a>. \u00bfBuscas licenciar contenido? Haz clic <a href=\"https:\/\/profesional.elpais.com\/soluciones-sindicacion?utm_medium=interno&amp;utm_source=crosslinking&amp;utm_campaign=sindicacion_as_pie_articulos\" target=\"_blank\" rel=\"nofollow noopener\" title=\"https:\/\/profesional.elpais.com\/soluciones-sindicacion?utm_medium=interno&amp;utm_source=crosslinking&amp;utm_campaign=sindicacion_as_pie_articulos\">aqu\u00ed<\/a><\/p>\n","protected":false},"excerpt":{"rendered":"La exhibici\u00f3n de Remco Evenepoel en la crono de los Mundiales de Ciclismo de Ruanda nos dej\u00f3, adem\u00e1s&hellip;\n","protected":false},"author":2,"featured_media":135494,"comment_status":"","ping_status":"","sticky":false,"template":"","format":"standard","meta":{"footnotes":""},"categories":[273],"tags":[313,312,168,25,24,23,167],"class_list":{"0":"post-135493","1":"post","2":"type-post","3":"status-publish","4":"format-standard","5":"has-post-thumbnail","7":"category-ciclismo","8":"tag-ciclismo","9":"tag-cycling","10":"tag-deportes","11":"tag-es","12":"tag-espana","13":"tag-spain","14":"tag-sports"},"share_on_mastodon":{"url":"","error":""},"_links":{"self":[{"href":"https:\/\/www.europesays.com\/es\/wp-json\/wp\/v2\/posts\/135493","targetHints":{"allow":["GET"]}}],"collection":[{"href":"https:\/\/www.europesays.com\/es\/wp-json\/wp\/v2\/posts"}],"about":[{"href":"https:\/\/www.europesays.com\/es\/wp-json\/wp\/v2\/types\/post"}],"author":[{"embeddable":true,"href":"https:\/\/www.europesays.com\/es\/wp-json\/wp\/v2\/users\/2"}],"replies":[{"embeddable":true,"href":"https:\/\/www.europesays.com\/es\/wp-json\/wp\/v2\/comments?post=135493"}],"version-history":[{"count":0,"href":"https:\/\/www.europesays.com\/es\/wp-json\/wp\/v2\/posts\/135493\/revisions"}],"wp:featuredmedia":[{"embeddable":true,"href":"https:\/\/www.europesays.com\/es\/wp-json\/wp\/v2\/media\/135494"}],"wp:attachment":[{"href":"https:\/\/www.europesays.com\/es\/wp-json\/wp\/v2\/media?parent=135493"}],"wp:term":[{"taxonomy":"category","embeddable":true,"href":"https:\/\/www.europesays.com\/es\/wp-json\/wp\/v2\/categories?post=135493"},{"taxonomy":"post_tag","embeddable":true,"href":"https:\/\/www.europesays.com\/es\/wp-json\/wp\/v2\/tags?post=135493"}],"curies":[{"name":"wp","href":"https:\/\/api.w.org\/{rel}","templated":true}]}}