{"id":135499,"date":"2025-09-24T11:03:07","date_gmt":"2025-09-24T11:03:07","guid":{"rendered":"https:\/\/www.europesays.com\/es\/135499\/"},"modified":"2025-09-24T11:03:07","modified_gmt":"2025-09-24T11:03:07","slug":"los-cinco-meses-son-de-obligado-cumplimiento","status":"publish","type":"post","link":"https:\/\/www.europesays.com\/es\/135499\/","title":{"rendered":"Los cinco meses son de obligado cumplimiento"},"content":{"rendered":"<p data-mrf-recirculation=\"Links P\u00e1rrafos\" class=\"ue-c-article__paragraph paragraph ue-c-article--first-letter-highlighted\">Prohibido un &#8216;milagro&#8217; con <strong>Gavi<\/strong>. Tras la conmoci\u00f3n que dej\u00f3 ayer el resultado de la intervenci\u00f3n a la que fue sometido el centrocampista, el <strong>doctor Pedro Luis Ripoll<\/strong> lanza un serio aviso sobre la importancia que tendr\u00e1 respetar el plazo de recuperaci\u00f3n estimado para la lesi\u00f3n que ha sufrido el azulgrana. <strong>\u00abLos cinco meses son de obligado cumplimiento\u00bb<\/strong>, afirma Ripoll.<\/p>\n<p data-mrf-recirculation=\"Links P\u00e1rrafos\" class=\"ue-c-article__paragraph paragraph\"><a href=\"https:\/\/www.marca.com\/futbol\/barcelona\/2025\/09\/23\/mazazo-gavi.html\" rel=\"nofollow noopener\" target=\"_blank\">Gavi fue intervenido este martes<\/a> de una <strong>lesi\u00f3n radial en el menisco interno de la rodilla derecha<\/strong>, la misma articulaci\u00f3n en la que sufri\u00f3 una rotura del ligamento cruzado anterior y una lesi\u00f3n asociada en el menisco externo en noviembre de 2023 y que le tuvo <strong>335 d\u00edas de baja.<\/strong> El tratamiento conservador al que estuvo sometido en las \u00faltimas semanas no funcion\u00f3 como se esperaba y el azulgrana tuvo finalmente que <strong>volver a pasar por el quir\u00f3fano<\/strong>, procedi\u00e9ndose a suturar el menisco da\u00f1ado. Una circunstancia que dispar\u00f3 hasta los <strong>cinco meses de baja<\/strong> el plazo de recuperaci\u00f3n inicialmente previsto.<\/p>\n<blockquote class=\"ue-c-article__blockquote\">\n<p>Es una lesi\u00f3n muy importante en la que conviene poner los cinco sentidos<\/p>\n<p>Doctor Pedro Luis Ripoll<\/p><\/blockquote>\n<p data-mrf-recirculation=\"Links P\u00e1rrafos\" class=\"ue-c-article__paragraph paragraph\">El doctor Ripoll, una eminencia en lesiones de rodilla, explica la situaci\u00f3n a la que se enfrenta <strong>Gavi<\/strong>. \u00abLa rodilla funciona como un \u00f3rgano. Es decir, todos los elementos que forman parte de ella son interdependientes. Los ligamentos dan estabilidad, <strong>los meniscos amortiguaci\u00f3n<\/strong> y los cart\u00edlagos protecci\u00f3n al hueso frente al roce y los impactos, es decir, frente al paso del tiempo. Cuando una rodilla, en este caso la de Gavi, <strong>sufre una lesi\u00f3n compleja,<\/strong> que fue de menisco externo y ligamento cruzado anterior, <strong>tiene elementos fundamentales da\u00f1ados<\/strong>. Aquella etapa se super\u00f3 y en este momento lo que ha padecido es una <strong>rotura del menisco interno<\/strong>, cuyo pron\u00f3stico es mucho mejor\u00bb, apunta Ripoll, director de la Cl\u00ednica de Excelencia FIFA Ripoll y De Prado.\u00a0<\/p>\n<p>Un plazo innegociable<\/p>\n<p data-mrf-recirculation=\"Links P\u00e1rrafos\" class=\"ue-c-article__paragraph paragraph\">Lo que deja claro el doctor Ripoll es que en este tipo de lesi\u00f3n, <strong>el plazo de recuperaci\u00f3n es innegociable<\/strong>. \u00abDentro de las primeras 14 semanas despu\u00e9s de la lesi\u00f3n, la sutura meniscal es favorable y de <strong>obligado cumplimiento<\/strong>, puesto que si dejamos sin menisco a la rodilla den una persona de esta edad <strong>el cart\u00edlago se va\u00a0 a deteriorar<\/strong>, despu\u00e9s lo har\u00e1 el hueso y finalmente aparecer\u00e1 la osteoartritis. El menisco est\u00e1 suturado, con toda posibilidad va a pegar y el porvenir de la rodilla del futbolista est\u00e1 asegurado. <strong>El plazo de cinco meses es de obligado cumplimiento<\/strong>, nunca puede ser menor puesto que hay que asegurar la consolidaci\u00f3n meniscal. Por un lado hay que mover la rodilla para que no adquiera ning\u00fan estado de rigidez y por otro hay que mantener la movilidad a buen recaudo para que se produzca la consolidaci\u00f3n. <strong>Es una lesi\u00f3n muy importante en la que conviene poner los cinco sentidos<\/strong> para que el jugador reanude su carrera en torno a la primavera\u00bb, concluye.<\/p>\n","protected":false},"excerpt":{"rendered":"Prohibido un &#8216;milagro&#8217; con Gavi. Tras la conmoci\u00f3n que dej\u00f3 ayer el resultado de la intervenci\u00f3n a la&hellip;\n","protected":false},"author":2,"featured_media":135500,"comment_status":"","ping_status":"","sticky":false,"template":"","format":"standard","meta":{"footnotes":""},"categories":[268],"tags":[168,25,24,280,282,281,23,167],"class_list":{"0":"post-135499","1":"post","2":"type-post","3":"status-publish","4":"format-standard","5":"has-post-thumbnail","7":"category-futbol","8":"tag-deportes","9":"tag-es","10":"tag-espana","11":"tag-football","12":"tag-futbol","13":"tag-soccer","14":"tag-spain","15":"tag-sports"},"share_on_mastodon":{"url":"","error":""},"_links":{"self":[{"href":"https:\/\/www.europesays.com\/es\/wp-json\/wp\/v2\/posts\/135499","targetHints":{"allow":["GET"]}}],"collection":[{"href":"https:\/\/www.europesays.com\/es\/wp-json\/wp\/v2\/posts"}],"about":[{"href":"https:\/\/www.europesays.com\/es\/wp-json\/wp\/v2\/types\/post"}],"author":[{"embeddable":true,"href":"https:\/\/www.europesays.com\/es\/wp-json\/wp\/v2\/users\/2"}],"replies":[{"embeddable":true,"href":"https:\/\/www.europesays.com\/es\/wp-json\/wp\/v2\/comments?post=135499"}],"version-history":[{"count":0,"href":"https:\/\/www.europesays.com\/es\/wp-json\/wp\/v2\/posts\/135499\/revisions"}],"wp:featuredmedia":[{"embeddable":true,"href":"https:\/\/www.europesays.com\/es\/wp-json\/wp\/v2\/media\/135500"}],"wp:attachment":[{"href":"https:\/\/www.europesays.com\/es\/wp-json\/wp\/v2\/media?parent=135499"}],"wp:term":[{"taxonomy":"category","embeddable":true,"href":"https:\/\/www.europesays.com\/es\/wp-json\/wp\/v2\/categories?post=135499"},{"taxonomy":"post_tag","embeddable":true,"href":"https:\/\/www.europesays.com\/es\/wp-json\/wp\/v2\/tags?post=135499"}],"curies":[{"name":"wp","href":"https:\/\/api.w.org\/{rel}","templated":true}]}}