{"id":135505,"date":"2025-09-24T11:06:07","date_gmt":"2025-09-24T11:06:07","guid":{"rendered":"https:\/\/www.europesays.com\/es\/135505\/"},"modified":"2025-09-24T11:06:07","modified_gmt":"2025-09-24T11:06:07","slug":"perder-la-lectura-es-perder-derechos-2","status":"publish","type":"post","link":"https:\/\/www.europesays.com\/es\/135505\/","title":{"rendered":"Perder la lectura es perder derechos"},"content":{"rendered":"<p>La directora del <strong>Centro Regional para el Fomento del Libro en Am\u00e9rica Latina y el Caribe (<a href=\"https:\/\/www.clarin.com\/informacion-general\/pais-lee-america-latina-cerlalc_0_FsllJOdWff.html\" target=\"_blank\" title=\"Cerlalc\" alt=\"Cerlalc\" rel=\"nofollow noopener\">Cerlalc<\/a>), Margarita Cu\u00e9llar<\/strong>, advierte en una entrevista de que<strong> la \u00ab<a href=\"https:\/\/www.clarin.com\/tema\/comprension-lectora.html\" target=\"_blank\" title=\"p\u00e9rdida\" alt=\"p\u00e9rdida\" rel=\"nofollow noopener\">p\u00e9rdida<\/a>\u00bb del <a href=\"https:\/\/www.clarin.com\/opinion\/tomaramos-serio-chicos-leen_0_shklsZuywj.html\" target=\"_blank\" title=\"h\u00e1bito \" alt=\"h\u00e1bito \" rel=\"nofollow noopener\">h\u00e1bito <\/a>de <a href=\"https:\/\/www.clarin.com\/opinion\/comprension-lectora-crisis-cambio-comienza-familia_0_Y9IMezfu5V.html\" target=\"_blank\" title=\"leer \" alt=\"leer \" rel=\"nofollow noopener\">leer <\/a><\/strong>implica perder \u00abla posibilidad de exigir\u00bb derechos.<\/p>\n<p>\u00ab<strong>El derecho a la lectura es un derecho b\u00e1sico<\/strong>, fundamental, un derecho de derechos\u00bb, sostiene Cu\u00e9llar, que cree que \u00abhablar de la p\u00e9rdida de la lectura es hablar de una p\u00e9rdida de la posibilidad de exigir un derecho\u00bb.<\/p>\n<p>La autora colombiana, participante del Forum Edita celebrado en Barcelona, remarca la importancia de los llamados<strong> derechos culturales <\/strong>y explica que, en Am\u00e9rica Latina y el Caribe, <strong>\u00absiete de cada 10 ni\u00f1os a la edad de 10 a\u00f1os no comprenden lo que leen\u00bb<\/strong>, a modo de un cierto \u00abanalfabetismo ilustrado\u00bb, concepto acu\u00f1ado por la fil\u00f3sofa catalana Marina Garc\u00e9s.<\/p>\n<p>\u00abEsto es muy significativo, elocuente\u00bb, opina Cu\u00e9llar, de<strong> una zona \u00aben la que hay una pobreza econ\u00f3mica muy grande, pero tambi\u00e9n una pobreza cultural enorme<\/strong> o un capital cultural que no ha sido prioridad de los gobiernos\u00bb.<\/p>\n<p>De hecho, la directora del Cerlalc, organizaci\u00f3n intergubernamental auspiciada por la Unesco que trabaja para <strong>crear condiciones para el desarrollo de sociedades lectoras y escritoras<\/strong>, radiograf\u00eda una \u00abgran disparidad\u00bb entre los pa\u00edses de Latinoam\u00e9rica en materia de pol\u00edticas de lectura.<\/p>\n<p>\u00ab<strong>No es coincidencia que los pa\u00edses que tengan m\u00e1s pol\u00edticas de lectura fuertes sean los mercados m\u00e1s fuertes<\/strong>, como Argentina, M\u00e9xico, Colombia o Brasil\u00bb, contextualiza.<\/p>\n<p>Para lograr nuevas y mejoradas pol\u00edticas de lectura en Latinoam\u00e9rica y el Caribe, <strong>Cu\u00e9llar receta \u00abcomparaci\u00f3n, an\u00e1lisis y acercamiento a las comunidades\u00bb originarias<\/strong>, as\u00ed como un \u00abtrabajo sostenido en el tiempo\u00bb e ir \u00abuno a uno\u00bb con los pa\u00edses de la regi\u00f3n.<\/p>\n<p>Asimismo,<strong> subraya la importancia de las pol\u00edticas regionales o locales<\/strong>, que pueden ser \u00abm\u00e1s efectivas\u00bb que medidas a escala estatal porque alcanzan territorios m\u00e1s peque\u00f1os, \u00aben los que se tiene mayor contenci\u00f3n de lo que ocurre\u00bb.<\/p>\n<p>Cu\u00e9llar, que es graduada en Literatura por la Universidad de los Andes y tiene una maestr\u00eda en Estudios de Cine por la New York University, reconoce la tarea del gobierno espa\u00f1ol en el \u00e1mbito de la lectura y celebra el Plan de Derechos Culturales presentado en julio por el Ministerio de Cultura, que tilda de \u00abejemplo global de lo que deber\u00eda ser una pol\u00edtica de reconocimiento a la diversidad cultural\u00bb.<\/p>\n<p>La directora del Cerlalc <strong>se muestra preocupada por la \u00abfalta de regulaci\u00f3n\u00bb de la Inteligencia Artificial <\/strong>(IA) en Am\u00e9rica Latina, algo que \u00abpuede generar rupturas sociales y culturales\u00bb.<\/p>\n<p>\u00abEs urgente que los gobiernos entablen di\u00e1logos de cooperaci\u00f3n. (&#8230;) Deber\u00edamos empezar a pensarnos m\u00e1s en colectivo en la regulaci\u00f3n de esas herramientas\u00bb, recomienda.<\/p>\n<p>Si bien <strong>reconoce aspectos \u00abmuy poderosos\u00bb de la IA<\/strong>, Cu\u00e9llar se pregunta <strong>qu\u00e9 \u00abvoces\u00bb y mercados \u00abva a privilegiar\u00bb si genera literatura<\/strong>.<\/p>\n<p>\u00abEn Latinoam\u00e9rica hay una ebullici\u00f3n de espacios digitales independientes que dan voz a mujeres afro e ind\u00edgenas\u00bb, detalla, aunque avisa de que \u00abno podemos competir con un mercado que est\u00e1 dominado por el tecnofeudalismo\u00bb, en el que \u00abunos pocos tienen el poder de mover esas literaturas a costa de las peque\u00f1as que no pueden\u00bb.<\/p>\n","protected":false},"excerpt":{"rendered":"La directora del Centro Regional para el Fomento del Libro en Am\u00e9rica Latina y el Caribe (Cerlalc), Margarita&hellip;\n","protected":false},"author":2,"featured_media":135506,"comment_status":"","ping_status":"","sticky":false,"template":"","format":"standard","meta":{"footnotes":""},"categories":[172],"tags":[224,146,147,25,24,225,23],"class_list":{"0":"post-135505","1":"post","2":"type-post","3":"status-publish","4":"format-standard","5":"has-post-thumbnail","7":"category-libros","8":"tag-books","9":"tag-entertainment","10":"tag-entretenimiento","11":"tag-es","12":"tag-espana","13":"tag-libros","14":"tag-spain"},"share_on_mastodon":{"url":"","error":""},"_links":{"self":[{"href":"https:\/\/www.europesays.com\/es\/wp-json\/wp\/v2\/posts\/135505","targetHints":{"allow":["GET"]}}],"collection":[{"href":"https:\/\/www.europesays.com\/es\/wp-json\/wp\/v2\/posts"}],"about":[{"href":"https:\/\/www.europesays.com\/es\/wp-json\/wp\/v2\/types\/post"}],"author":[{"embeddable":true,"href":"https:\/\/www.europesays.com\/es\/wp-json\/wp\/v2\/users\/2"}],"replies":[{"embeddable":true,"href":"https:\/\/www.europesays.com\/es\/wp-json\/wp\/v2\/comments?post=135505"}],"version-history":[{"count":0,"href":"https:\/\/www.europesays.com\/es\/wp-json\/wp\/v2\/posts\/135505\/revisions"}],"wp:featuredmedia":[{"embeddable":true,"href":"https:\/\/www.europesays.com\/es\/wp-json\/wp\/v2\/media\/135506"}],"wp:attachment":[{"href":"https:\/\/www.europesays.com\/es\/wp-json\/wp\/v2\/media?parent=135505"}],"wp:term":[{"taxonomy":"category","embeddable":true,"href":"https:\/\/www.europesays.com\/es\/wp-json\/wp\/v2\/categories?post=135505"},{"taxonomy":"post_tag","embeddable":true,"href":"https:\/\/www.europesays.com\/es\/wp-json\/wp\/v2\/tags?post=135505"}],"curies":[{"name":"wp","href":"https:\/\/api.w.org\/{rel}","templated":true}]}}