{"id":135507,"date":"2025-09-24T11:07:12","date_gmt":"2025-09-24T11:07:12","guid":{"rendered":"https:\/\/www.europesays.com\/es\/135507\/"},"modified":"2025-09-24T11:07:12","modified_gmt":"2025-09-24T11:07:12","slug":"cuantos-episodios-tiene-la-temporada-3-fechas-de-estreno-en-skyshowtime","status":"publish","type":"post","link":"https:\/\/www.europesays.com\/es\/135507\/","title":{"rendered":"\u00bfcu\u00e1ntos episodios tiene la temporada 3? Fechas de estreno en SkyShowtime"},"content":{"rendered":"<p class=\"c-paragraph\">Deja de preguntarte qu\u00e9 ocurre cuando una fuerza imparable choca de frente contra un objeto inamovible. <b>Tulsa King<\/b> te plantea un interrogante a\u00fan m\u00e1s interesante: qu\u00e9 pasa cuando dos fuerzas imparables se dan la mano. <b><a href=\"https:\/\/www.20minutos.es\/cinemania\/series\/yellowstone-taylor-sheridan-abandonar-seriamente-renuncia-serie-5705714\/\" rel=\"nofollow noopener\" target=\"_blank\">Taylor Sheridan<\/a><\/b>, prol\u00edfico creador de series como Yellowstone, se ali\u00f3 con <b>Sylvester Stallone<\/b> para poner en marcha su propia serie. Y la mezcla funcion\u00f3 a la perfecci\u00f3n:<b> este 25 de septiembre<\/b>, llega a Espa\u00f1a la tercera temporada de Tulsa King gracias a <b><a href=\"https:\/\/www.20minutos.es\/cinemania\/series\/mejores-series-skyshowtime-diciembre-2024-5212535\/\" rel=\"nofollow noopener\" target=\"_blank\">SkyShowtime<\/a><\/b>.<\/p>\n<p class=\"c-paragraph\">Aunque Stallone est\u00e1 muy lejos de jubilarse, s\u00ed es cierto que ha limitado su ubicua presencia en la gran pantalla durante los \u00faltimos a\u00f1os. <b>Tulsa King<\/b> es, de hecho, su principal proyecto desde que en 2022 se estren\u00f3 su primera tanda de episodios. <a href=\"https:\/\/www.20minutos.es\/cinemania\/series\/sylvester-stallone-tulsa-king-fecha-estreno-emporada-tres_6233587_0.html\" rel=\"nofollow noopener\" target=\"_blank\">Tulsa King<\/a> sigue a un capo de la mafia neoyorquina reci\u00e9n salido de prisi\u00f3n, tras cumplir debidamente con los c\u00f3digos de honor de su delictiva familia.\u00a0<\/p>\n<p class=\"c-paragraph\">Esta no parece tener muy en cuenta el sacrificio del personaje encarnado por <a href=\"https:\/\/www.20minutos.es\/cinemania\/noticias\/stallone-fuera-rambo-rocky-sustituto-apartado-traicionado-5713108\/\" rel=\"nofollow noopener\" target=\"_blank\">Sylvester Stallone <\/a>y lo env\u00eda a Tulsa, Oklahoma, lejos de su antigua zona de influencia. All\u00ed, el exconvicto decide armar su propio c\u00edrculo de seguridad, en caso de que la mafia tenga planes poco recomendables para \u00e9l.<\/p>\n<p>\u00bfCu\u00e1ntos episodios tiene la 3\u00ba temporada de &#8216;Tulsa King&#8217;?<\/p>\n<p class=\"c-paragraph\">Taylor Sheridan escribe la mayor parte de los cap\u00edtulos de sus series. Y tiene muchas. Por eso, es dif\u00edcil pedirle que se ci\u00f1a a un n\u00famero concreto de episodios por proyecto. <b>Tulsa King<\/b> ha tenido, hasta el momento, tres temporadas, y cada una ha contado con una cantidad distinta de entregas. La primera fueron nueve cap\u00edtulos; la segunda, diez; y <b>la tercera, seis<\/b>.\u00a0<\/p>\n<p class=\"c-paragraph\">El primero de todos llega a Espa\u00f1a el jueves 25 de septiembre y, a partir de ah\u00ed, nos aguarda un estreno semanal hasta el \u00faltimo cap\u00edtulo de todos, titulado Burbujas.<b> Tulsa King <\/b><b>es la primera serie protagonizada por Sylvester Stallone en toda su carrera<\/b> y, en esta tercera temporada, Sheridan acompa\u00f1a al creador de<a href=\"https:\/\/www.20minutos.es\/cinemania\/noticias\/anthony-ippolito-sera-stallone-filme-sobre-hizo-rocky_6240094_0.html\" rel=\"nofollow noopener\" target=\"_blank\"> Rocky <\/a>y Rambo de Robert Patrick (Terminator 2 y Los Soprano) y Kevin Pollak (Algunos hombres buenos y La maravillosa Sra. Maisel).\u00a0<\/p>\n<p class=\"c-paragraph\">Adem\u00e1s, en alg\u00fan momento entre esta temporada y la siguiente, ya confirmada, debe hacerse referencia a Russell Lee Washington, Jr., personaje que protagonizar\u00e1 una secuela de Tulsa King titulada <b><a href=\"https:\/\/www.20minutos.es\/cinemania\/noticias\/sylvester-stallone-samuel-l-jackson-tulsa-king-spin-off-carismatico-samuel-l-jackson-confirmacion-5719695\/\" rel=\"nofollow noopener\" target=\"_blank\">NOLA King<\/a><\/b> y al que dar\u00e1 vida Samuel L. Jackson.\u00a0<\/p>\n","protected":false},"excerpt":{"rendered":"Deja de preguntarte qu\u00e9 ocurre cuando una fuerza imparable choca de frente contra un objeto inamovible. Tulsa King&hellip;\n","protected":false},"author":2,"featured_media":135508,"comment_status":"","ping_status":"","sticky":false,"template":"","format":"standard","meta":{"footnotes":""},"categories":[171],"tags":[146,147,25,24,267,805,10218,23,2333,214],"class_list":{"0":"post-135507","1":"post","2":"type-post","3":"status-publish","4":"format-standard","5":"has-post-thumbnail","7":"category-tv","8":"tag-entertainment","9":"tag-entretenimiento","10":"tag-es","11":"tag-espana","12":"tag-planseo","13":"tag-series","14":"tag-skyshowtime","15":"tag-spain","16":"tag-sylvester-stallone","17":"tag-tv"},"share_on_mastodon":{"url":"","error":""},"_links":{"self":[{"href":"https:\/\/www.europesays.com\/es\/wp-json\/wp\/v2\/posts\/135507","targetHints":{"allow":["GET"]}}],"collection":[{"href":"https:\/\/www.europesays.com\/es\/wp-json\/wp\/v2\/posts"}],"about":[{"href":"https:\/\/www.europesays.com\/es\/wp-json\/wp\/v2\/types\/post"}],"author":[{"embeddable":true,"href":"https:\/\/www.europesays.com\/es\/wp-json\/wp\/v2\/users\/2"}],"replies":[{"embeddable":true,"href":"https:\/\/www.europesays.com\/es\/wp-json\/wp\/v2\/comments?post=135507"}],"version-history":[{"count":0,"href":"https:\/\/www.europesays.com\/es\/wp-json\/wp\/v2\/posts\/135507\/revisions"}],"wp:featuredmedia":[{"embeddable":true,"href":"https:\/\/www.europesays.com\/es\/wp-json\/wp\/v2\/media\/135508"}],"wp:attachment":[{"href":"https:\/\/www.europesays.com\/es\/wp-json\/wp\/v2\/media?parent=135507"}],"wp:term":[{"taxonomy":"category","embeddable":true,"href":"https:\/\/www.europesays.com\/es\/wp-json\/wp\/v2\/categories?post=135507"},{"taxonomy":"post_tag","embeddable":true,"href":"https:\/\/www.europesays.com\/es\/wp-json\/wp\/v2\/tags?post=135507"}],"curies":[{"name":"wp","href":"https:\/\/api.w.org\/{rel}","templated":true}]}}