{"id":135513,"date":"2025-09-24T11:10:08","date_gmt":"2025-09-24T11:10:08","guid":{"rendered":"https:\/\/www.europesays.com\/es\/135513\/"},"modified":"2025-09-24T11:10:08","modified_gmt":"2025-09-24T11:10:08","slug":"carlos-alcaraz-va-un-paso-por-delante-de-sinner-se-que-va-a-cambiar-atp-tour","status":"publish","type":"post","link":"https:\/\/www.europesays.com\/es\/135513\/","title":{"rendered":"Carlos Alcaraz va un paso por delante de Sinner: \u201cS\u00e9 que va a cambiar\u201d | ATP Tour"},"content":{"rendered":"<p>        Tokio<br \/>\n    Alcaraz va un paso por delante de Sinner: \u201cS\u00e9 que va a cambiar\u201d<\/p>\n<p>Antes de debutar en Tokio, el No. 1 del mundo habla sobre su rivalidad con Sinner<\/p>\n<p>September 24, 2025<\/p>\n<p>            <img decoding=\"async\" src=\"https:\/\/www.europesays.com\/es\/wp-content\/uploads\/2025\/09\/alcaraz-tokyo-2025-preview.jpg\" alt=\"Carlos Alcaraz debutar\u00e1 esta semana en el ATP 500 en Tokio.\"\/><\/p>\n<p>Kinoshita Group Japan Open<\/p>\n<p>        Carlos Alcaraz debutar\u00e1 esta semana en el ATP 500 en Tokio.<br \/>\n        By Redacci\u00f3n ATP <\/p>\n<p>Si bien <a href=\"https:\/\/www.atptour.com\/es\/players\/carlos-alcaraz\/a0e2\/overview\" rel=\"nofollow noopener\" target=\"_blank\">Carlos Alcaraz<\/a> est\u00e1 en Tokio para estrenarse esta semana y <a href=\"https:\/\/www.atptour.com\/es\/players\/jannik-sinner\/s0ag\/overview\" rel=\"nofollow noopener\" target=\"_blank\">Jannik Sinner<\/a> est\u00e1 preparado para debutar en Pek\u00edn, el espa\u00f1ol no pudo esquivar la creciente rivalidad que ambos mantienen por la cima del ATP Tour y los grandes t\u00edtulos.<\/p>\n<p>Despu\u00e9s de imponerse ante el italiano en la final del <a href=\"https:\/\/www.atptour.com\/es\/tournaments\/us-open\/560\/overview\" rel=\"nofollow noopener\" target=\"_blank\">US Open<\/a>, el espa\u00f1ol ampli\u00f3 su ventaja en el Lexus ATP Head2Head a 10-5, ganando siete de sus ocho duelos m\u00e1s recientes. Adem\u00e1s, este resultado cost\u00f3 el No. 1 a Sinner que vio como Alcaraz le arrebataba la primera posici\u00f3n del PIF ATP Rankings. Eso s\u00ed, el murciano cree que sigue estando un paso por delante.<\/p>\n<p> \u201cS\u00e9 que va a cambiar\u201d, reconoci\u00f3 Alcaraz en la conferencia de prensa previa al torneo en Tokio. \u201cVa a cambiar algo del \u00faltimo partido. Es lo mismo que hice yo cuando he perdido algunas veces. Intent\u00e9 ser mejor jugador. La pr\u00f3xima vez vaya a enfrentarme a \u00e9l, espero que haga lo mismo, cambiar algunas cosas para estar preparado y yo tengo que estar centrado y preparado para esos cambios\u201d.<\/p>\n<p> \u201cIntentar\u00e9 sobreponerme a esos cambios y estar preparado para es rivalidad. Creo que es bueno para m\u00ed y para el tenis. Veremos en el futuro cu\u00e1ntas veces voy a jugar contra \u00e9l y en qu\u00e9 circunstancias jugamos. Creo que ahora mismo va genial\u201d, a\u00f1adi\u00f3 el principal favorito en Tokio.<\/p>\n<p><a rel=\"noopener noreferrer nofollow\" href=\"https:\/\/www.atptour.com\/es\/news\/it-all-adds-up-hub\/\" target=\"_blank\"><img decoding=\"async\" alt=\"\" style=\"height:90px; width:728px;\" src=\"https:\/\/www.europesays.com\/es\/wp-content\/uploads\/2025\/09\/1758546732_354_it-all-adds-up-banner.jpg\"\/><\/a><\/p>\n<p>El a\u00f1o ha estado dominado por Alcaraz, que lidera con 62 victorias y siete trofeos esta temporada, seg\u00fan el \u00edndice de victorias y derrotas Infosys ATP. Est\u00e1 a s\u00f3lo cuatro triunfos de superar su mejor marca personal en un mismo a\u00f1o, que se remonta a las 65 victorias que firm\u00f3 en 2023.<\/p>\n<p>El espa\u00f1ol es tambi\u00e9n el l\u00edder de la PIF ATP Live Race to Turin y est\u00e1 en una situaci\u00f3n de privilegio para optar a terminar 2025 por segunda vez en su carrera como No. 1 del mundo y llevarse el trofeo ATP Year-End No. 1 presented by PIF. A pesar de todo el \u00e9xito cosechado, Alcaraz reh\u00faye a posibilidad de hablar sobre la etiqueta de \u2018mejor jugador de todos los tiempos\u2019.<\/p>\n<p> \u201cEs algo que no est\u00e1 en mi cabeza ahora mismo\u201d, se\u00f1al\u00f3 Alcaraz cuando le preguntaron en Tokio sobre la posibilidad de ser el mejor de la historia. \u201cSiempre digo que me objetivo en el tenis es intentar estar en la misma mesa que las leyendas o los mejores jugadores de la historia, pero no es algo en lo que piense ahora mismo. He logrado ya grandes cosas con solo 22 a\u00f1os\u201d.<\/p>\n<p> \u201cEso ya lo s\u00e9, pero no cu\u00e1ntas cosas o cu\u00e1ntos torneos voy a lograr, as\u00ed que creo que es algo que tengo cuidar cada d\u00eda, los detalles, entrenar bien y veremos en el futuro\u201d, continu\u00f3 su valoraci\u00f3n. \u201cCreo que nadie sabe el futuro. As\u00ed que lo que estoy pensando ahora mismo es hacer las cosas bien, seguir por el buen camino. Estoy tratando de ser el mejor jugador y la mejor persona que puedo cada d\u00eda. Eso es en todo lo que pienso ahora mismo\u201d.<\/p>\n<p>La aventura contin\u00faa esta semana en el <a href=\"https:\/\/www.atptour.com\/es\/tournaments\/tokyo\/329\/overview\" rel=\"nofollow noopener\" target=\"_blank\">Kinoshita Group Japan Open Tennis Championships<\/a>, donde Alcaraz buscar\u00e1 unir su nombre a un palmar\u00e9s donde ya figuran otros 12 jugadores que saben lo que es ser parte del Club de los No. 1 ATP.<\/p>\n<p>Tambi\u00e9n Podr\u00eda Interesarle: <a href=\"https:\/\/www.atptour.com\/es\/news\/alcaraz-tokyo-2025-debut-feature\" rel=\"nofollow noopener\" target=\"_blank\">\u00bfPodr\u00e1 Alcaraz unirse al selecto palmar\u00e9s de Tokio en su debut?<\/a><\/p>\n<p>Por esta fecha el pasado a\u00f1o, Alcaraz derrot\u00f3 a Sinner una emocionante final en Pek\u00edn, pero en 2025 ha optado por viajar hasta el ATP 500 de Tokio por primera vez. El espa\u00f1ol se estrenar\u00e1 en su debut frente a Sebasti\u00e1n B\u00e1ez este jueves y podr\u00eda medirse al campe\u00f3n en Chengdu, <a href=\"https:\/\/www.atptour.com\/es\/players\/alejandro-tabilo\/te30\/overview\" rel=\"nofollow noopener\" target=\"_blank\">Alejandro Tabilo<\/a>, en segunda ronda.<\/p>\n<p> \u201cS\u00e9 que es un torneo genial. Conozco a los jugadores que han jugado este torneo antes y a los que han ganado\u201d, indic\u00f3 Alcaraz. \u201cS\u00f3lo quer\u00eda venir, hacer un buen tenis, jugar bien e intentar ganar el torneo. Por eso estoy aqu\u00ed para sentirme bien en la pista, darme la oportunidad de ganar el trofeo\u201d.<\/p>\n<p> \u201cAl final de la semana quiero situar mi nombre junto a esos campeones, porque s\u00e9 que es un honor estar a su lado, junto a esos nombres\u201d.<\/p>\n<p>El palmar\u00e9s de Tokio incluye a los tres miembros del \u2018Big 3\u2019 \u2014<a href=\"https:\/\/www.atptour.com\/es\/players\/roger-federer\/f324\/overview\" rel=\"nofollow noopener\" target=\"_blank\">Roger Federer<\/a>, <a href=\"https:\/\/www.atptour.com\/es\/players\/rafael-nadal\/n409\/overview\" rel=\"nofollow noopener\" target=\"_blank\">Rafael Nadal<\/a> y <a href=\"https:\/\/www.atptour.com\/es\/players\/novak-djokovic\/d643\/overview\" rel=\"nofollow noopener\" target=\"_blank\">Novak Djokovic<\/a>\u2014 adem\u00e1s de otros No. 1 de este deporte como <a href=\"https:\/\/www.atptour.com\/es\/players\/andy-murray\/mc10\/overview\" rel=\"nofollow noopener\" target=\"_blank\">Andy Murray<\/a>, <a href=\"https:\/\/www.atptour.com\/es\/players\/pete-sampras\/s402\/overview\" rel=\"nofollow noopener\" target=\"_blank\">Pete Sampras<\/a>, <a href=\"https:\/\/www.atptour.com\/es\/players\/stefan-edberg\/e004\/overview\" rel=\"nofollow noopener\" target=\"_blank\">Stefan Edberg<\/a> o <a href=\"https:\/\/www.atptour.com\/es\/players\/ivan-lendl\/l018\/overview\" rel=\"nofollow noopener\" target=\"_blank\">Ivan Lendl<\/a> y muchos m\u00e1s grandes campeones.<\/p>\n","protected":false},"excerpt":{"rendered":"Tokio Alcaraz va un paso por delante de Sinner: \u201cS\u00e9 que va a cambiar\u201d Antes de debutar en&hellip;\n","protected":false},"author":2,"featured_media":135514,"comment_status":"","ping_status":"","sticky":false,"template":"","format":"standard","meta":{"footnotes":""},"categories":[93],"tags":[168,25,24,23,167],"class_list":{"0":"post-135513","1":"post","2":"type-post","3":"status-publish","4":"format-standard","5":"has-post-thumbnail","7":"category-deportes","8":"tag-deportes","9":"tag-es","10":"tag-espana","11":"tag-spain","12":"tag-sports"},"share_on_mastodon":{"url":"","error":""},"_links":{"self":[{"href":"https:\/\/www.europesays.com\/es\/wp-json\/wp\/v2\/posts\/135513","targetHints":{"allow":["GET"]}}],"collection":[{"href":"https:\/\/www.europesays.com\/es\/wp-json\/wp\/v2\/posts"}],"about":[{"href":"https:\/\/www.europesays.com\/es\/wp-json\/wp\/v2\/types\/post"}],"author":[{"embeddable":true,"href":"https:\/\/www.europesays.com\/es\/wp-json\/wp\/v2\/users\/2"}],"replies":[{"embeddable":true,"href":"https:\/\/www.europesays.com\/es\/wp-json\/wp\/v2\/comments?post=135513"}],"version-history":[{"count":0,"href":"https:\/\/www.europesays.com\/es\/wp-json\/wp\/v2\/posts\/135513\/revisions"}],"wp:featuredmedia":[{"embeddable":true,"href":"https:\/\/www.europesays.com\/es\/wp-json\/wp\/v2\/media\/135514"}],"wp:attachment":[{"href":"https:\/\/www.europesays.com\/es\/wp-json\/wp\/v2\/media?parent=135513"}],"wp:term":[{"taxonomy":"category","embeddable":true,"href":"https:\/\/www.europesays.com\/es\/wp-json\/wp\/v2\/categories?post=135513"},{"taxonomy":"post_tag","embeddable":true,"href":"https:\/\/www.europesays.com\/es\/wp-json\/wp\/v2\/tags?post=135513"}],"curies":[{"name":"wp","href":"https:\/\/api.w.org\/{rel}","templated":true}]}}