{"id":135515,"date":"2025-09-24T11:11:14","date_gmt":"2025-09-24T11:11:14","guid":{"rendered":"https:\/\/www.europesays.com\/es\/135515\/"},"modified":"2025-09-24T11:11:14","modified_gmt":"2025-09-24T11:11:14","slug":"los-otorrinos-dan-las-claves-del-cancer-de-tiroides","status":"publish","type":"post","link":"https:\/\/www.europesays.com\/es\/135515\/","title":{"rendered":"Los otorrinos dan las claves del c\u00e1ncer de tiroides"},"content":{"rendered":"<p>\t\t\t\t\t<a href=\"https:\/\/www.facebook.com\/adolfo.fernandezalonso\" target=\"_blank\" aria-label=\"banneradolfo-min\" rel=\"nofollow noopener\"><img fetchpriority=\"high\" decoding=\"async\" src=\"https:\/\/img-b4d4.kxcdn.com\/wp-content\/uploads\/2018\/05\/banneradolfo-min.gif\" alt=\"\" width=\"620\" height=\"100\"\/><\/a><\/p>\n<p><strong>Hoy, 24 de septiembre, se celebra el D\u00eda Mundial del C\u00e1ncer de Tiroides, motivo por el que la Sociedad de Otorrinolaringolog\u00eda y Cirug\u00eda de Cabeza y Cuello (SEORL-CCC) quiere insistir en la importancia decisiva de la detecci\u00f3n precoz para garantizar el mejor pron\u00f3stico. Una patolog\u00eda que invitan a conocer mejor a trav\u00e9s de aspectos clave:<\/strong><\/p>\n<p><a href=\"https:\/\/www.europesays.com\/es\/wp-content\/uploads\/2025\/09\/cirugia_otorrinos_uno.jpg\"><img loading=\"lazy\" decoding=\"async\" width=\"1000\" height=\"666\" src=\"https:\/\/www.europesays.com\/es\/wp-content\/uploads\/2025\/09\/cirugia_otorrinos_uno.jpg\" alt=\"\" class=\"wp-image-14529\"  \/><\/a><\/p>\n<p><strong>1. El c\u00e1ncer endocrino m\u00e1s frecuente.<\/strong>\u00a0Un tumor endocrino es aquel que se origina en una gl\u00e1ndula endocrina o en c\u00e9lulas que forman parte del sistema endocrino. Y aunque el c\u00e1ncer de tiroides representa s\u00f3lo el 1-2 % de todos los c\u00e1nceres, es el tumor endocrino m\u00e1s habitual (de los que no son benignos) y afecta al 1% de la poblaci\u00f3n.<\/p>\n<p><a href=\"https:\/\/www.celiacosmancha.org\/\" target=\"_blank\" aria-label=\"CELIACOS MANCHA 620X100\" rel=\"nofollow noopener\"><img loading=\"lazy\" decoding=\"async\" src=\"https:\/\/img-b4d4.kxcdn.com\/wp-content\/uploads\/2021\/02\/CELIACOS-MANCHA-620X100.gif\" alt=\"\" width=\"620\" height=\"100\"\/><\/a><\/p>\n<p><strong>2. Y en aumento.<\/strong>\u00a0En parte por la detecci\u00f3n precoz con ecograf\u00eda, pero no s\u00f3lo por eso, su incidencia est\u00e1 aumentando en las \u00faltimas d\u00e9cadas. Se estima que en 2025 se diagnosticar\u00e1n 6.495 nuevos casos de c\u00e1ncer de tiroides en Espa\u00f1a, confirmando una tendencia ascendente.<\/p>\n<p>Las tasas de curaci\u00f3n superan el 95% a los diez a\u00f1os<\/p>\n<p><strong>3. Buen pron\u00f3stico, especialmente si se diagnostica de forma temprana.<\/strong>\u00a0El pron\u00f3stico del c\u00e1ncer de tiroides es, en general, favorable, pero depende estrechamente de su detecci\u00f3n temprana y del tratamiento adecuado. Si el tumor es diagnosticado en sus estadios iniciales, las tasas de curaci\u00f3n superan el 95% a diez a\u00f1os.<\/p>\n<p><a href=\"https:\/\/usicam.es\/\" target=\"_blank\" aria-label=\"USICAM 620X100\" rel=\"nofollow noopener\"><img loading=\"lazy\" decoding=\"async\" src=\"https:\/\/www.europesays.com\/es\/wp-content\/uploads\/2025\/07\/USICAM-620X100.gif\" alt=\"\" width=\"620\" height=\"100\"\/><\/a><\/p>\n<p><strong>4. Hasta cuatro veces m\u00e1s frecuentes en mujeres.<\/strong>\u00a0De los 6.495 nuevos casos de c\u00e1ncer de tiroides que se estima se diagnosticar\u00e1n en Espa\u00f1a este a\u00f1o, 4.869 se corresponde a mujeres. Eso s\u00ed, la supervivencia neta a cinco a\u00f1os en mujeres es ligeramente m\u00e1s alta que en hombres (93% vs 86%), cifras que se han incrementado en un 15% en la \u00faltima d\u00e9cada gracias al abordaje multidisciplinar y a la mejora en las t\u00e9cnicas quir\u00fargicas.<\/p>\n<p>Entre un 5% y un 6,5% de los n\u00f3dulos pueden ser malignos<\/p>\n<p><strong>5. Un bulto en el cuello es la se\u00f1al de alerta m\u00e1s habitual.<\/strong>\u00a0Aunque la mayor\u00eda de los n\u00f3dulos tiroideos son benignos, su elevada frecuencia \u2013hasta un 10 % de la poblaci\u00f3n presenta n\u00f3dulos palpables y hasta un 70 % si se estudian mediante ecograf\u00eda\u2013 obliga a extremar la vigilancia cl\u00ednica. Por eso, los n\u00f3dulos tiroideos, aunque frecuentes, nunca deben infravalorarse, ya que entre un 5% y un 6,5% de los n\u00f3dulos solitarios pueden ser malignos. <\/p>\n<p><strong>6. Los s\u00edntomas m\u00e1s alarmantes (ronquera, dificultad para tragar o respirar) aparecen en fases avanzadas, cuando el tumor afecta nervios o estructuras vecinas.<\/strong>\u00a0Desgraciadamente, a\u00fan hay casos diagnosticados en fases avanzadas, con afectaci\u00f3n ganglionar o diseminaci\u00f3n local. La literatura cient\u00edfica sugiere que entre un 20% y un 40% de estos casos podr\u00edan beneficiarse significativamente de un diagn\u00f3stico m\u00e1s temprano, reduciendo la necesidad de cirug\u00edas m\u00e1s extensas, tratamientos complementarios agresivos y el riesgo de complicaciones.<\/p>\n<p>Entre los 40 y los 60 a\u00f1os<\/p>\n<p><strong>7. No todos los c\u00e1nceres de tiroides se comportan igual.\u00a0<\/strong>El carcinoma papilar y folicular son de buen pron\u00f3stico. El carcinoma medular est\u00e1 ligado a s\u00edndromes hereditarios (MEN2), lo que obliga a estudiar a familiares. Y el carcinoma anapl\u00e1sico, aunque es muy raro, es uno de los c\u00e1nceres m\u00e1s agresivos que existen.<\/p>\n<p><strong>8. Puede aparecer en personas relativamente j\u00f3venes.\u00a0<\/strong>Frente a otro tipo de tumores, m\u00e1s asociados al envejecimiento, este tumor tiene picos de incidencia entre los 40 y los 60 a\u00f1os.<\/p>\n<p><strong>9. Cirug\u00eda compleja.<\/strong>\u00a0La cirug\u00eda constituye el pilar fundamental del tratamiento, y en este campo la labor de los otorrinolaring\u00f3logos especializados en cirug\u00eda de cabeza y cuello es insustituible. La gl\u00e1ndula tiroides se localiza en una regi\u00f3n anat\u00f3mica de gran complejidad, pr\u00f3xima a nervios y estructuras vitales, lo que exige una intervenci\u00f3n experta para garantizar la extirpaci\u00f3n completa del tumor y reducir al m\u00ednimo las complicaciones, como la disfon\u00eda permanente o la hipocalcemia secundaria.<\/p>\n<p>10. Seguimiento de por vida. Aunque el tumor se cure, los pacientes suelen necesitar tratamiento sustitutivo con hormona tiroidea (levotiroxina) de por vida, y revisiones peri\u00f3dicas para descartar reca\u00eddas.<\/p>\n<p>\u00bfCu\u00e1ndo se debe acudir al m\u00e9dico?<\/p>\n<p>\u00abAcudir a un especialista ante la aparici\u00f3n de un bulto en el cuello, cambios persistentes en la voz, dificultad al tragar o sensaci\u00f3n de presi\u00f3n cervical, ya que estos s\u00edntomas pueden ser se\u00f1ales de alarma de una lesi\u00f3n tiroidea\u00bb.<\/p>\n","protected":false},"excerpt":{"rendered":"Hoy, 24 de septiembre, se celebra el D\u00eda Mundial del C\u00e1ncer de Tiroides, motivo por el que la&hellip;\n","protected":false},"author":2,"featured_media":135516,"comment_status":"","ping_status":"","sticky":false,"template":"","format":"standard","meta":{"footnotes":""},"categories":[92],"tags":[42972,25,24,165,42973,21766,1817,166,1811,23],"class_list":{"0":"post-135515","1":"post","2":"type-post","3":"status-publish","4":"format-standard","5":"has-post-thumbnail","7":"category-salud","8":"tag-cancer-de-tiroides","9":"tag-es","10":"tag-espana","11":"tag-health","12":"tag-otorrino","13":"tag-otorrinolaringologia","14":"tag-pacientes","15":"tag-salud","16":"tag-sanidad","17":"tag-spain"},"share_on_mastodon":{"url":"","error":""},"_links":{"self":[{"href":"https:\/\/www.europesays.com\/es\/wp-json\/wp\/v2\/posts\/135515","targetHints":{"allow":["GET"]}}],"collection":[{"href":"https:\/\/www.europesays.com\/es\/wp-json\/wp\/v2\/posts"}],"about":[{"href":"https:\/\/www.europesays.com\/es\/wp-json\/wp\/v2\/types\/post"}],"author":[{"embeddable":true,"href":"https:\/\/www.europesays.com\/es\/wp-json\/wp\/v2\/users\/2"}],"replies":[{"embeddable":true,"href":"https:\/\/www.europesays.com\/es\/wp-json\/wp\/v2\/comments?post=135515"}],"version-history":[{"count":0,"href":"https:\/\/www.europesays.com\/es\/wp-json\/wp\/v2\/posts\/135515\/revisions"}],"wp:featuredmedia":[{"embeddable":true,"href":"https:\/\/www.europesays.com\/es\/wp-json\/wp\/v2\/media\/135516"}],"wp:attachment":[{"href":"https:\/\/www.europesays.com\/es\/wp-json\/wp\/v2\/media?parent=135515"}],"wp:term":[{"taxonomy":"category","embeddable":true,"href":"https:\/\/www.europesays.com\/es\/wp-json\/wp\/v2\/categories?post=135515"},{"taxonomy":"post_tag","embeddable":true,"href":"https:\/\/www.europesays.com\/es\/wp-json\/wp\/v2\/tags?post=135515"}],"curies":[{"name":"wp","href":"https:\/\/api.w.org\/{rel}","templated":true}]}}