{"id":135519,"date":"2025-09-24T11:13:17","date_gmt":"2025-09-24T11:13:17","guid":{"rendered":"https:\/\/www.europesays.com\/es\/135519\/"},"modified":"2025-09-24T11:13:17","modified_gmt":"2025-09-24T11:13:17","slug":"ray-ban-meta-gen-2-mas-bateria-mejor-camara-y-una-gama-cromatica-mas-amplia","status":"publish","type":"post","link":"https:\/\/www.europesays.com\/es\/135519\/","title":{"rendered":"Ray-Ban Meta Gen 2: m\u00e1s bater\u00eda, mejor c\u00e1mara y una gama crom\u00e1tica m\u00e1s amplia"},"content":{"rendered":"<p>Las gafas inteligentes m\u00e1s vendidas del mundo regresan con una serie de mejoras clave.<\/p>\n<p>La alianza entre <strong>EssilorLuxottica<\/strong> y <strong>Meta<\/strong> contin\u00faa marcando el pulso del futuro wearable a trav\u00e9s de m\u00e1s autonom\u00eda, una c\u00e1mara m\u00e1s potente y un asombroso despliegue de nuevos colores. De esta forma, y dise\u00f1adas para acompa\u00f1arte en cualquier momento del d\u00eda, las nuevas <strong>Ray-Ban Meta<\/strong> combinan la identidad atemporal de la mara con una innovaci\u00f3n que pasa casi desapercibida pero que realmente marca la diferencia: hasta 8 horas de bater\u00eda, carga r\u00e1pida del 50% en solo 20 minutos y una c\u00e1mara de 12 MP ultra gran angular capaz de grabar en 3K Ultra HD a 60 fps. \u00bfEl resultado? Contenido de calidad m\u00e1s n\u00edtido, inmersivo y listo para compartir. <\/p>\n<p>La experiencia se completa con modos creativos como hyperlapse y slow motion, adem\u00e1s de un sistema de cinco micr\u00f3fonos y altavoces abiertos que ofrecen un audio m\u00e1s natural. Muy pronto, gracias a una actualizaci\u00f3n de software, tambi\u00e9n ser\u00e1 posible activar el modo de enfoque de conversaci\u00f3n, que amplifica las voces cercanas y filtra el ruido ambiente. <\/p>\n<p><strong>\u201cRay-Ban est\u00e1 viviendo un a\u00f1o extraordinario, que refleja tanto nuestro legado como nuestra ambici\u00f3n. Siempre hemos ido m\u00e1s all\u00e1 de las gafas: una vez ayudamos a los primeros aviadores a conquistar los cielos, y hoy damos otro paso decisivo al fusionar estilo ic\u00f3nico con inteligencia y conectividad\u201d<\/strong>, afirma <strong>Leonardo Maria Del Vecchio<\/strong>, Presidente de<strong> Ray-Ban<\/strong>. <strong>\u201cEsto no va de gadgets, sino de hacer que la tecnolog\u00eda sea invisible, f\u00e1cil de llevar y deseable, como solo Ray-Ban puede hacerlo. Y mirando hacia el futuro, seguiremos dise\u00f1ando no solo gafas, sino el modo en que las personas experimentan la visi\u00f3n, el estilo y la conexi\u00f3n\u201d <\/strong>a\u00f1ade.<\/p>\n<p>Este oto\u00f1o, la colecci\u00f3n se expande con una paleta crom\u00e1tica que refuerza su est\u00e9tica vibrante: <\/p>\n<ul class=\"wp-block-list\">\n<li><strong>Wayfarer Azul C\u00f3smico Brillante<\/strong> con lentes Transitions\u00ae Zafiro.<\/li>\n<li><strong>Skyler Violeta M\u00edstico<\/strong> <strong>Brillante<\/strong> con lentes Transitions\u00ae Amatista.<\/li>\n<li><strong>Headliner Gris Asteroide Brillante<\/strong> con lentes Transitions\u00ae Esmeralda.<\/li>\n<\/ul>\n<p>Adem\u00e1s, regresa la <strong>Wayfarer Transparente<\/strong> <strong>Mate<\/strong> en edici\u00f3n limitada, esta vez acompa\u00f1ada de lentes <strong>Transitions\u00ae Gen S Rub\u00ed<\/strong>, que fusionan vanguardia y exclusividad. <\/p>\n<p>Las nuevas <strong>Ray-Ban Meta Gen 2 <\/strong>ya est\u00e1n disponibles en <strong><a href=\"https:\/\/www.ray-ban.com\/spain\" rel=\"nofollow noopener\" target=\"_blank\">ray-ban.com<\/a><\/strong>, <strong><a href=\"https:\/\/www.meta.com\/es\/\" rel=\"nofollow noopener\" target=\"_blank\">meta.com<\/a><\/strong> y en tiendas seleccionadas de <strong>EssilorLuxottica<\/strong>. <\/p>\n","protected":false},"excerpt":{"rendered":"Las gafas inteligentes m\u00e1s vendidas del mundo regresan con una serie de mejoras clave. La alianza entre EssilorLuxottica&hellip;\n","protected":false},"author":2,"featured_media":135520,"comment_status":"","ping_status":"","sticky":false,"template":"","format":"standard","meta":{"footnotes":""},"categories":[81],"tags":[119,123,124,25,24,40241,117,121,122,23,118,120],"class_list":{"0":"post-135519","1":"post","2":"type-post","3":"status-publish","4":"format-standard","5":"has-post-thumbnail","7":"category-ciencia-y-tecnologia","8":"tag-ciencia","9":"tag-ciencia-y-tecnologia","10":"tag-cienciaytecnologia","11":"tag-es","12":"tag-espana","13":"tag-ray-ban","14":"tag-science","15":"tag-science-and-technology","16":"tag-scienceandtechnology","17":"tag-spain","18":"tag-technology","19":"tag-tecnologia"},"share_on_mastodon":{"url":"","error":""},"_links":{"self":[{"href":"https:\/\/www.europesays.com\/es\/wp-json\/wp\/v2\/posts\/135519","targetHints":{"allow":["GET"]}}],"collection":[{"href":"https:\/\/www.europesays.com\/es\/wp-json\/wp\/v2\/posts"}],"about":[{"href":"https:\/\/www.europesays.com\/es\/wp-json\/wp\/v2\/types\/post"}],"author":[{"embeddable":true,"href":"https:\/\/www.europesays.com\/es\/wp-json\/wp\/v2\/users\/2"}],"replies":[{"embeddable":true,"href":"https:\/\/www.europesays.com\/es\/wp-json\/wp\/v2\/comments?post=135519"}],"version-history":[{"count":0,"href":"https:\/\/www.europesays.com\/es\/wp-json\/wp\/v2\/posts\/135519\/revisions"}],"wp:featuredmedia":[{"embeddable":true,"href":"https:\/\/www.europesays.com\/es\/wp-json\/wp\/v2\/media\/135520"}],"wp:attachment":[{"href":"https:\/\/www.europesays.com\/es\/wp-json\/wp\/v2\/media?parent=135519"}],"wp:term":[{"taxonomy":"category","embeddable":true,"href":"https:\/\/www.europesays.com\/es\/wp-json\/wp\/v2\/categories?post=135519"},{"taxonomy":"post_tag","embeddable":true,"href":"https:\/\/www.europesays.com\/es\/wp-json\/wp\/v2\/tags?post=135519"}],"curies":[{"name":"wp","href":"https:\/\/api.w.org\/{rel}","templated":true}]}}