{"id":135521,"date":"2025-09-24T11:14:16","date_gmt":"2025-09-24T11:14:16","guid":{"rendered":"https:\/\/www.europesays.com\/es\/135521\/"},"modified":"2025-09-24T11:14:16","modified_gmt":"2025-09-24T11:14:16","slug":"murtra-relevara-a-eduardo-navarro-en-la-direccion-de-asuntos-corporativos-de-telefonica-por-el-director-de-indra-en-cataluna","status":"publish","type":"post","link":"https:\/\/www.europesays.com\/es\/135521\/","title":{"rendered":"Murtra relevar\u00e1 a Eduardo Navarro en la direcci\u00f3n de asuntos corporativos de Telef\u00f3nica por el director de Indra en Catalu\u00f1a"},"content":{"rendered":"<p><img decoding=\"async\" class=\"voc-author__img\" src=\"https:\/\/www.europesays.com\/es\/wp-content\/uploads\/2025\/09\/autor-1438-foto-6.jpeg\" alt=\"Mar\u00eda Jes\u00fas P\u00e9rez\"\/><\/p>\n<p class=\"voc-p\" style=\"\">Salvador Garc\u00eda-Ruiz ser\u00e1 el nuevo director de Comunicaci\u00f3n y Marketing Corporativo de Telef\u00f3nica, un puesto que a\u00fana Marca, Patrocinios y Medios de la operadora a nivel global, y se integra en el Comit\u00e9 Ejecutivo. El directivo llega para sustituir a Eduardo Navarro, que <strong>se mantendr\u00e1 ligado a la compa\u00f1\u00eda<\/strong> como presidente de Telef\u00f3nica Brasil\/Vivo y como asesor en asuntos corporativos de presidencia para facilitar el proceso de transici\u00f3n en los pr\u00f3ximos meses. Desde Telef\u00f3nica no hacen comentarios oficiales si bien varios medios de comunicaci\u00f3n aseguran que el relevo se har\u00e1 efectivo en los pr\u00f3ximos d\u00edas.<\/p>\n<p class=\"voc-p\" style=\"\">Garc\u00eda-Ruiz (Santa Perp\u00e8tua de Mogoda, 1976) aterriza de la mano del propio presidente de Telef\u00f3nica, ya que <a href=\"https:\/\/www.abc.es\/economia\/vuelco-telefonica-murtra-nombra-gayo-consejero-delegado-20250228163430-nt.html\" target=\"_self\" data-voc-vtm-id=\"in-text-traffic\" title=\"ocupaba el puesto de director general de Indra Group\" data-mrf-link=\"www.abc.es\" rel=\"nofollow noopener\">ocupaba el puesto de director general de Indra Group<\/a> en Catalu\u00f1a, la empresa que presid\u00eda hasta el pasado mes de enero Marc Murtra antes de su llegada a la de la teleco. <\/p>\n<p class=\"voc-p\" style=\"\">Economista y directivo de medios de comunicaci\u00f3n y empresas en el \u00e1mbito financiero y tecnol\u00f3gico, <strong>sobre todo en Catalu\u00f1a<\/strong>, Garc\u00eda-Ruiz es licenciado en Econom\u00eda por la Universitat Pompeu Fabra (UPF) y M\u00e1ster en Administraci\u00f3n de Empresas (MBA) por la Universidad de Nueva York (NYU). Inici\u00f3 su carrera en la consultora McKinsey &amp; Company y pas\u00f3 tambi\u00e9n por el sector de la banca de inversi\u00f3n en Goldman Sachs. Ha ejercido posiciones de liderazgo en Caixa Manresa y Fundaci\u00f3 Catalunya\u2013La Pedrera, as\u00ed como consejero delegado del diario ARA y director general de Abacus. Adem\u00e1s, ha sido profesor asociado en la Facultad de Ciencias Econ\u00f3micas y Empresariales de la UPF y miembro de su Consejo Social.<\/p>\n<p class=\"voc-p\" style=\"\">Eduardo <strong>Navarro se incorpor\u00f3 a Telef\u00f3nica en 1999<\/strong>, procedente de McKinsey &amp; Co, como vicepresidente de Estrategia Corporativa y Asuntos Regulatorios de su filial en Brasil, de la que posteriormente ejerci\u00f3 como presidente y consejero delegado.<\/p>\n<p class=\"voc-p\" style=\"\">Navarro, que ha transmitido durante los \u00faltimos meses su intenci\u00f3n de querer trasladarse a Brasil por motivos familiares, ha desempe\u00f1ado distintas funciones en los \u00faltimos a\u00f1os, como la de Chief Commercial Digital Officer (CCDO) y director global de Estrategia y Desarrollo de Negocios. Tambi\u00e9n fue director de Planificaci\u00f3n Estrat\u00e9gica y Asuntos Regulatorios de Telef\u00f3nica Internacional.<\/p>\n<p>Reportar un error<\/p>\n","protected":false},"excerpt":{"rendered":"Salvador Garc\u00eda-Ruiz ser\u00e1 el nuevo director de Comunicaci\u00f3n y Marketing Corporativo de Telef\u00f3nica, un puesto que a\u00fana Marca,&hellip;\n","protected":false},"author":2,"featured_media":135522,"comment_status":"","ping_status":"","sticky":false,"template":"","format":"standard","meta":{"footnotes":""},"categories":[80],"tags":[24319,82,1980,42975,4796,411,95,94,13843,25,24,7834,42974,3403,16740,23,1826],"class_list":{"0":"post-135521","1":"post","2":"type-post","3":"status-publish","4":"format-standard","5":"has-post-thumbnail","7":"category-economia","8":"tag-asuntos","9":"tag-business","10":"tag-cataluna","11":"tag-corporativos","12":"tag-direccion","13":"tag-director","14":"tag-economia","15":"tag-economy","16":"tag-eduardo","17":"tag-es","18":"tag-espana","19":"tag-indra","20":"tag-murtra","21":"tag-navarro","22":"tag-releva","23":"tag-spain","24":"tag-telefonica"},"share_on_mastodon":{"url":"","error":""},"_links":{"self":[{"href":"https:\/\/www.europesays.com\/es\/wp-json\/wp\/v2\/posts\/135521","targetHints":{"allow":["GET"]}}],"collection":[{"href":"https:\/\/www.europesays.com\/es\/wp-json\/wp\/v2\/posts"}],"about":[{"href":"https:\/\/www.europesays.com\/es\/wp-json\/wp\/v2\/types\/post"}],"author":[{"embeddable":true,"href":"https:\/\/www.europesays.com\/es\/wp-json\/wp\/v2\/users\/2"}],"replies":[{"embeddable":true,"href":"https:\/\/www.europesays.com\/es\/wp-json\/wp\/v2\/comments?post=135521"}],"version-history":[{"count":0,"href":"https:\/\/www.europesays.com\/es\/wp-json\/wp\/v2\/posts\/135521\/revisions"}],"wp:featuredmedia":[{"embeddable":true,"href":"https:\/\/www.europesays.com\/es\/wp-json\/wp\/v2\/media\/135522"}],"wp:attachment":[{"href":"https:\/\/www.europesays.com\/es\/wp-json\/wp\/v2\/media?parent=135521"}],"wp:term":[{"taxonomy":"category","embeddable":true,"href":"https:\/\/www.europesays.com\/es\/wp-json\/wp\/v2\/categories?post=135521"},{"taxonomy":"post_tag","embeddable":true,"href":"https:\/\/www.europesays.com\/es\/wp-json\/wp\/v2\/tags?post=135521"}],"curies":[{"name":"wp","href":"https:\/\/api.w.org\/{rel}","templated":true}]}}