{"id":135525,"date":"2025-09-24T11:16:09","date_gmt":"2025-09-24T11:16:09","guid":{"rendered":"https:\/\/www.europesays.com\/es\/135525\/"},"modified":"2025-09-24T11:16:09","modified_gmt":"2025-09-24T11:16:09","slug":"el-dardo-de-gabriel-rufian-a-la-izquierda-de-podemos-solo-lo-dire-una-vez","status":"publish","type":"post","link":"https:\/\/www.europesays.com\/es\/135525\/","title":{"rendered":"El dardo de Gabriel Rufi\u00e1n a la izquierda de Podemos: \u00abSolo lo dir\u00e9 una vez\u00bb"},"content":{"rendered":"<p class=\"articleParagraph\">El portavoz de ERC en el Congreso de los Diputados, Gabriel Rufi\u00e1n, ha criticado la actitud de la izquierda, m\u00e1s concretamente de Podemos, <b>tras el voto en contra de los morados a tramitar la ley para el traspaso de competencias de inmigraci\u00f3n a Catalu\u00f1a, suscrita por PSOE y Junts.<\/b><\/p>\n<p class=\"articleParagraph\">ERC ha advertido a los morados que muestran tintes \u00abjacobinos\u00bb, que su postura atenta contra la unidad de la izquierda y que la foto de votar en el mismo sentido que PP y Vox no les ayuda.<\/p>\n<p>No entiende la posici\u00f3n de Podemos<\/p>\n<p class=\"articleParagraph\">Rufi\u00e1n ha admitido que no entiende la posici\u00f3n de Podemos porque resulta \u00abbastante kafkiano\u00bb decir que es una norma racista porque la presenta Junts, obviando que tambi\u00e9n el PSOE es coproponente. Adem\u00e1s, ha desgranado que las competencias ser\u00e1n gestionadas por la Generalitat gobernada por el socialista Salvador Illa.<\/p>\n<p class=\"articleParagraph\">Tambi\u00e9n se ha pronunciado en redes sociales el exdiputado de ERC Joan Tard\u00e1, quien ha augurado que el posicionamiento de Podemos este martes \u00abdif\u00edcilmente podr\u00e1 olvidarse\u00bb en Catalu\u00f1a y supone un \u00abdisparo a quemarropa en la unidad de las izquierdas\u00bb.<\/p>\n<p>Iglesias acusa a ERC de \u00abhacerle el juego\u00bb a Junts y Alian\u00e7a Catalana<\/p>\n<p class=\"articleParagraph\">El exl\u00edder de Podemos Pablo Iglesias ha respondido a Tard\u00e1, con un mensaje en catal\u00e1n tambi\u00e9n en redes, que lo que no se podr\u00e1 olvidar es la posici\u00f3n de ERC contra los grupos \u00abantirracistas catalanes\u00bb, a favor de los Centro de Internamiento de Extranjeros y de \u00abm\u00e1s mossos para expulsar a migrantes\u00bb. \u00ab<b>Una vez m\u00e1s, haciendo el juego en Junts y Alian\u00e7a Catalana\u00bb,<\/b> ha espetado.<\/p>\n<p class=\"articleParagraph\">Tras las cr\u00edticas de Pablo Iglesias a ERC, Rufi\u00e1n ha respondido en redes con un mensaje contra la izquierda y sus acusaciones: \u00abS\u00f3lo lo dir\u00e9 una vez. Ser\u00eda de agradecer que cierta izquierda (ahora) pura entendiera que se puede no estar de acuerdo SIEMPRE con ellos e incluso CAMBIAR de opini\u00f3n sin que eso signifique que existe un plan medi\u00e1tico mas\u00f3nico en su contra y sin que monten campa\u00f1as digitales bully en contra.\u00bb<\/p>\n<p class=\"articleParagraph\">Adem\u00e1s, el diputado ha afirmado que Podemos hace \u00abexactamente lo que hace la derecha\u00bb al se\u00f1alar y montar campa\u00f1as digitales \u00abbully\u00bb en contra de los que no est\u00e1n de acuerdo con ellos.<\/p>\n","protected":false},"excerpt":{"rendered":"El portavoz de ERC en el Congreso de los Diputados, Gabriel Rufi\u00e1n, ha criticado la actitud de la&hellip;\n","protected":false},"author":2,"featured_media":135526,"comment_status":"","ping_status":"","sticky":false,"template":"","format":"standard","meta":{"footnotes":""},"categories":[8],"tags":[17,18,25,24,13,14,11,19,20,9,10,15,16,23,12,21,22],"class_list":{"0":"post-135525","1":"post","2":"type-post","3":"status-publish","4":"format-standard","5":"has-post-thumbnail","7":"category-espana","8":"tag-breaking-news","9":"tag-breakingnews","10":"tag-es","11":"tag-espana","12":"tag-featured-news","13":"tag-featurednews","14":"tag-headlines","15":"tag-latest-news","16":"tag-latestnews","17":"tag-news","18":"tag-noticias","19":"tag-noticias-destacadas","20":"tag-noticiasdestacadas","21":"tag-spain","22":"tag-titulares","23":"tag-ultimas-noticias","24":"tag-ultimasnoticias"},"share_on_mastodon":{"url":"","error":""},"_links":{"self":[{"href":"https:\/\/www.europesays.com\/es\/wp-json\/wp\/v2\/posts\/135525","targetHints":{"allow":["GET"]}}],"collection":[{"href":"https:\/\/www.europesays.com\/es\/wp-json\/wp\/v2\/posts"}],"about":[{"href":"https:\/\/www.europesays.com\/es\/wp-json\/wp\/v2\/types\/post"}],"author":[{"embeddable":true,"href":"https:\/\/www.europesays.com\/es\/wp-json\/wp\/v2\/users\/2"}],"replies":[{"embeddable":true,"href":"https:\/\/www.europesays.com\/es\/wp-json\/wp\/v2\/comments?post=135525"}],"version-history":[{"count":0,"href":"https:\/\/www.europesays.com\/es\/wp-json\/wp\/v2\/posts\/135525\/revisions"}],"wp:featuredmedia":[{"embeddable":true,"href":"https:\/\/www.europesays.com\/es\/wp-json\/wp\/v2\/media\/135526"}],"wp:attachment":[{"href":"https:\/\/www.europesays.com\/es\/wp-json\/wp\/v2\/media?parent=135525"}],"wp:term":[{"taxonomy":"category","embeddable":true,"href":"https:\/\/www.europesays.com\/es\/wp-json\/wp\/v2\/categories?post=135525"},{"taxonomy":"post_tag","embeddable":true,"href":"https:\/\/www.europesays.com\/es\/wp-json\/wp\/v2\/tags?post=135525"}],"curies":[{"name":"wp","href":"https:\/\/api.w.org\/{rel}","templated":true}]}}