{"id":135527,"date":"2025-09-24T11:17:13","date_gmt":"2025-09-24T11:17:13","guid":{"rendered":"https:\/\/www.europesays.com\/es\/135527\/"},"modified":"2025-09-24T11:17:13","modified_gmt":"2025-09-24T11:17:13","slug":"el-ayuntamiento-firma-un-convenio-con-la-asociacion-alamos-que-permitira-la-apertura-de-una-nueva-sede-en-el-centro-de-la-ciudad","status":"publish","type":"post","link":"https:\/\/www.europesays.com\/es\/135527\/","title":{"rendered":"El Ayuntamiento firma un convenio con la Asociaci\u00f3n \u00c1lamos que permitir\u00e1 la apertura de una nueva sede en el centro de la ciudad"},"content":{"rendered":"<p><strong>El acuerdo, con una vigencia de un a\u00f1o, refuerza el compromiso municipal con la inclusi\u00f3n, la conciliaci\u00f3n y la igualdad de oportunidades<\/strong><\/p>\n<p>El <strong>Ayuntamiento <\/strong>y la<strong> Asociaci\u00f3n \u00c1lamos<\/strong> han firmado un convenio de colaboraci\u00f3n que facilitar\u00e1 la ampliaci\u00f3n territorial de sus servicios mediante la apertura de un nuevo local en el <strong>Paseo de los \u00c1lamos,<\/strong> donde podr\u00e1n desarrollar proyectos en materia de empleo, educaci\u00f3n, servicios sociales y otras intervenciones dirigidas a colectivos vulnerables del municipio.<\/p>\n<p>Este local, vendr\u00e1 a sumarse a las <strong>sedes<\/strong> con las que ya cuenta el colectivo en las calles Grecia y Camino Nuevo. El acuerdo, rubricado por el alcalde, <strong>Marino Aguilera<\/strong>, y el presidente de dicha asociaci\u00f3n, <strong>Manuel Arjona<\/strong>, tiene como objetivo reforzar el compromiso que ambas entidades comparten en materia de inclusi\u00f3n y de bienestar social.<\/p>\n<p>En virtud de este convenio, el <strong>Ayuntamiento<\/strong> aporta 5.000\u20ac destinados a posibilitar las mencionadas actuaciones, que ser\u00e1n gestionadas por <strong>\u00c1lamos<\/strong> sin que exista v\u00ednculo laboral alguno con el personal del <strong>Consistorio<\/strong>.<\/p>\n<p><img fetchpriority=\"high\" decoding=\"async\" class=\"alignnone size-full wp-image-70879\" src=\"https:\/\/www.europesays.com\/es\/wp-content\/uploads\/2025\/09\/IMG_0114-scaled.jpeg\" alt=\"\" width=\"2560\" height=\"1920\"  \/>Adem\u00e1s, se ha establecido la creaci\u00f3n de una <strong>Comisi\u00f3n Paritaria de Seguimiento<\/strong>, integrada por representantes de ambas partes, y que velar\u00e1 por la correcta aplicaci\u00f3n del acuerdo y resolver\u00e1 cualquier incidencia durante su vigencia, fijada en un a\u00f1o.<\/p>\n<p>El <strong>alcalde<\/strong> subraya que \u201ceste convenio refuerza la colaboraci\u00f3n con una entidad de referencia en nuestro municipio, que trabaja d\u00eda a d\u00eda por mejorar la calidad de vida de las personas con discapacidad y de otros colectivos en situaci\u00f3n de vulnerabilidad\u201d.<\/p>\n<p>La firma de este acuerdo abre nuevas oportunidades para seguir desarrollando proyectos de inserci\u00f3n laboral, apoyo educativo y social, con recursos adecuados y en beneficio directo de quienes m\u00e1s lo necesitan.<\/p>\n","protected":false},"excerpt":{"rendered":"El acuerdo, con una vigencia de un a\u00f1o, refuerza el compromiso municipal con la inclusi\u00f3n, la conciliaci\u00f3n y&hellip;\n","protected":false},"author":2,"featured_media":135528,"comment_status":"","ping_status":"","sticky":false,"template":"","format":"standard","meta":{"footnotes":""},"categories":[5],"tags":[17,18,25,24,13,14,11,19,20,9,10,15,16,23,12,21,22],"class_list":{"0":"post-135527","1":"post","2":"type-post","3":"status-publish","4":"format-standard","5":"has-post-thumbnail","7":"category-titulares","8":"tag-breaking-news","9":"tag-breakingnews","10":"tag-es","11":"tag-espana","12":"tag-featured-news","13":"tag-featurednews","14":"tag-headlines","15":"tag-latest-news","16":"tag-latestnews","17":"tag-news","18":"tag-noticias","19":"tag-noticias-destacadas","20":"tag-noticiasdestacadas","21":"tag-spain","22":"tag-titulares","23":"tag-ultimas-noticias","24":"tag-ultimasnoticias"},"share_on_mastodon":{"url":"","error":""},"_links":{"self":[{"href":"https:\/\/www.europesays.com\/es\/wp-json\/wp\/v2\/posts\/135527","targetHints":{"allow":["GET"]}}],"collection":[{"href":"https:\/\/www.europesays.com\/es\/wp-json\/wp\/v2\/posts"}],"about":[{"href":"https:\/\/www.europesays.com\/es\/wp-json\/wp\/v2\/types\/post"}],"author":[{"embeddable":true,"href":"https:\/\/www.europesays.com\/es\/wp-json\/wp\/v2\/users\/2"}],"replies":[{"embeddable":true,"href":"https:\/\/www.europesays.com\/es\/wp-json\/wp\/v2\/comments?post=135527"}],"version-history":[{"count":0,"href":"https:\/\/www.europesays.com\/es\/wp-json\/wp\/v2\/posts\/135527\/revisions"}],"wp:featuredmedia":[{"embeddable":true,"href":"https:\/\/www.europesays.com\/es\/wp-json\/wp\/v2\/media\/135528"}],"wp:attachment":[{"href":"https:\/\/www.europesays.com\/es\/wp-json\/wp\/v2\/media?parent=135527"}],"wp:term":[{"taxonomy":"category","embeddable":true,"href":"https:\/\/www.europesays.com\/es\/wp-json\/wp\/v2\/categories?post=135527"},{"taxonomy":"post_tag","embeddable":true,"href":"https:\/\/www.europesays.com\/es\/wp-json\/wp\/v2\/tags?post=135527"}],"curies":[{"name":"wp","href":"https:\/\/api.w.org\/{rel}","templated":true}]}}