{"id":135531,"date":"2025-09-24T11:19:04","date_gmt":"2025-09-24T11:19:04","guid":{"rendered":"https:\/\/www.europesays.com\/es\/135531\/"},"modified":"2025-09-24T11:19:04","modified_gmt":"2025-09-24T11:19:04","slug":"gilio-y-el-payo-en-gran-corrida-villista","status":"publish","type":"post","link":"https:\/\/www.europesays.com\/es\/135531\/","title":{"rendered":"Gilio y &#8216;El Payo&#8217;, en gran corrida Villista"},"content":{"rendered":"<p>l matador lagunero Arturo Gilio Quintero volver\u00e1 a torear en su tierra el pr\u00f3ximo s\u00e1bado 22 de noviembre, cuando sostendr\u00e1 un atractivo \u00abMano a mano\u00bb con el queretano Octavio Garc\u00eda \u00abEl Payo\u00bb, en la primera Gran Corrida Villista de La Revoluci\u00f3n.<\/p>\n<p><b>TEM\u00c1TICA E INNOVADORA<\/b><\/p>\n<p>La Plaza de Toros Alberto Balderas, de Ciudad Lerdo, recibir\u00e1 este festejo innovador, que comenzar\u00e1 a las 17:00 horas y que retomar\u00e1 una fecha que durante muchos a\u00f1os alberg\u00f3 corridas de toros en la Comarca Lagunera.<\/p>\n<p>La reuni\u00f3n informativa en la que se dieron a conocer los pormenores de este festejo, fue encabezada por el matador Jorge Mata Carlos, director de la empresa Pasi\u00f3n por el Toro, quien estuvo acompa\u00f1ado por el matador Arturo Gilio Quintero, as\u00ed como por autoridades locales: Mar\u00eda Jos\u00e9 Lazo, directora de Turismo de Lerdo; H\u00e9ctor Escamilla, director de Arte y Cultura de Lerdo, adem\u00e1s de Rita de Covarrubias, directora del sistema DIF Lerdo.<\/p>\n<p>Gilio se dijo agradecido por la oportunidad de volver a torear en una plaza que le \u00abilusiona mucho, me emociona y es un compromiso grande. Queremos hacer algo bonito, pasar una tarde agradable y hacer una de las \u00faltimas corridas de mi temporada, que ha sido muy importante, en plazas de categor\u00eda, y no hay mejor manera de cerrarla, que toreando en mi tierra\u00bb.<\/p>\n<p>La corrida de toros tem\u00e1tica no s\u00f3lo tendr\u00e1 nombre e imagen revolucionarias, sino que tambi\u00e9n los toreros se unir\u00e1n a este motivo, pues torear\u00e1n con trajes charros, misma vestimenta que usar\u00e1n sus cuadrillas, as\u00ed como el arte en los burladeros, a cargo de la lagunera Karla Garc\u00eda.<\/p>\n<p>Arturo Gilio Quintero cerrar\u00e1 2025 dentro del Top 3 del escalaf\u00f3n taurino mexicano, y aunque para esta Corrida Villista a\u00fan no tiene la ganader\u00eda definida, se dijo listo para afrontar cualquier reto.<\/p>\n<p>Por su parte, Octavio Garc\u00eda \u00abEl Payo\u00bb es un consagrado de la baraja taurina mexicana, triunfador en plazas de primer\u00edsima categor\u00eda en M\u00e9xico y m\u00e1s all\u00e1 de las fronteras, seguramente luchar\u00e1 por cortar orejas en La Laguna.<\/p>\n","protected":false},"excerpt":{"rendered":"l matador lagunero Arturo Gilio Quintero volver\u00e1 a torear en su tierra el pr\u00f3ximo s\u00e1bado 22 de noviembre,&hellip;\n","protected":false},"author":2,"featured_media":135532,"comment_status":"","ping_status":"","sticky":false,"template":"","format":"standard","meta":{"footnotes":""},"categories":[277],"tags":[373,168,25,24,28146,3435,42977,23,167,374,42976],"class_list":{"0":"post-135531","1":"post","2":"type-post","3":"status-publish","4":"format-standard","5":"has-post-thumbnail","7":"category-toreo","8":"tag-bullfighting","9":"tag-deportes","10":"tag-es","11":"tag-espana","12":"tag-gilio","13":"tag-matador","14":"tag-octavio","15":"tag-spain","16":"tag-sports","17":"tag-toreo","18":"tag-villista"},"share_on_mastodon":{"url":"","error":""},"_links":{"self":[{"href":"https:\/\/www.europesays.com\/es\/wp-json\/wp\/v2\/posts\/135531","targetHints":{"allow":["GET"]}}],"collection":[{"href":"https:\/\/www.europesays.com\/es\/wp-json\/wp\/v2\/posts"}],"about":[{"href":"https:\/\/www.europesays.com\/es\/wp-json\/wp\/v2\/types\/post"}],"author":[{"embeddable":true,"href":"https:\/\/www.europesays.com\/es\/wp-json\/wp\/v2\/users\/2"}],"replies":[{"embeddable":true,"href":"https:\/\/www.europesays.com\/es\/wp-json\/wp\/v2\/comments?post=135531"}],"version-history":[{"count":0,"href":"https:\/\/www.europesays.com\/es\/wp-json\/wp\/v2\/posts\/135531\/revisions"}],"wp:featuredmedia":[{"embeddable":true,"href":"https:\/\/www.europesays.com\/es\/wp-json\/wp\/v2\/media\/135532"}],"wp:attachment":[{"href":"https:\/\/www.europesays.com\/es\/wp-json\/wp\/v2\/media?parent=135531"}],"wp:term":[{"taxonomy":"category","embeddable":true,"href":"https:\/\/www.europesays.com\/es\/wp-json\/wp\/v2\/categories?post=135531"},{"taxonomy":"post_tag","embeddable":true,"href":"https:\/\/www.europesays.com\/es\/wp-json\/wp\/v2\/tags?post=135531"}],"curies":[{"name":"wp","href":"https:\/\/api.w.org\/{rel}","templated":true}]}}