{"id":135557,"date":"2025-09-24T11:33:10","date_gmt":"2025-09-24T11:33:10","guid":{"rendered":"https:\/\/www.europesays.com\/es\/135557\/"},"modified":"2025-09-24T11:33:10","modified_gmt":"2025-09-24T11:33:10","slug":"las-joyas-de-lamine-yamal-para-asistir-a-la-gala-del-balon-de-oro-2025","status":"publish","type":"post","link":"https:\/\/www.europesays.com\/es\/135557\/","title":{"rendered":"Las joyas de Lamine Yamal para asistir a la gala del Bal\u00f3n de Oro 2025"},"content":{"rendered":"<p style=\"\"><strong>Lamine Yamal<\/strong> no se ha hecho con el <a href=\"https:\/\/www.abc.es\/deportes\/futbol\/balon-oro-2025-directo-nominados-premios-ganadores-20250922153945-di.html\" target=\"_self\" data-voc-vtm-id=\"in-text-traffic\" title=\"Bal\u00f3n de Oro 2025\" data-mrf-link=\"www.abc.es\" rel=\"nofollow noopener\">Bal\u00f3n de Oro 2025<\/a>, que en este caso ha sido para <a href=\"https:\/\/www.abc.es\/summum\/estilo\/moda\/esmoquin-medida-reloj-350000-euros-ousmane-dembele-20250923002955-nt.html\" target=\"_self\" data-voc-vtm-id=\"in-text-traffic\" title=\"Ousmane Demb\u00e9l\u00e9\" data-mrf-link=\"www.abc.es\" rel=\"nofollow noopener\">Ousmane Demb\u00e9l\u00e9<\/a> pero no se ha ido con las manos vac\u00edas, el joven futbolista recib\u00eda el <strong>Trofeo Kopa<\/strong>, destinado al mejor jugador  &#8230; menor de 21 a\u00f1os. Es la segunda ocasi\u00f3n en la que consigue este galard\u00f3n, ya que en la edici\u00f3n del a\u00f1o pasado el barcelonista lo obtuvo por primera vez.<\/p>\n<p class=\"voc-p\" style=\"\">Una gala en la que una vez m\u00e1s, el estilismo del joven, as\u00ed como sus ostentosas joyas no han pasado desapercibidas. El delantero del F.C. Barcelona asist\u00eda a la ceremonia vestido por <strong>Dolce &amp; Gabbana<\/strong>, tal y como ya hizo en la ocasi\u00f3n anterior. Yamal posaba sobre la alfombra roja con un <strong>look completamente negro<\/strong> compuesto por esmoquin con chaqueta cruzada de doble botonadura, camisa y pajarita. <\/p>\n<p>\nUn reloj exclusivo\n<\/p>\n<p><img decoding=\"async\" loading=\"lazy\" src=\"https:\/\/www.europesays.com\/es\/wp-content\/uploads\/2025\/09\/detalle-reloj-lamine-U10374072176JnO-758x470@diario_abc.jpg\" class=\"voc-d-c-combo-3__img\" width=\"758\" height=\"470\" alt=\"Imagen principal - El nuevo Patek Philippe de Lamine Yamal\"\/><\/p>\n<p><img decoding=\"async\" loading=\"lazy\" src=\"https:\/\/www.europesays.com\/es\/wp-content\/uploads\/2025\/09\/reloj-lamine-1-U67041877246otv-464x329@diario_abc.jpg\" class=\"voc-d-c-combo-3__img\" width=\"464\" height=\"329\" alt=\"Imagen secundaria 1 - El nuevo Patek Philippe de Lamine Yamal\"\/><\/p>\n<p><img decoding=\"async\" loading=\"lazy\" src=\"https:\/\/www.europesays.com\/es\/wp-content\/uploads\/2025\/09\/reloj-lamine-2-U31373487161NKg-278x329@diario_abc.jpg\" class=\"voc-d-c-combo-3__img\" width=\"278\" height=\"329\" alt=\"Imagen secundaria 2 - El nuevo Patek Philippe de Lamine Yamal\"\/><\/p>\n<p>El nuevo Patek Philippe de Lamine Yamal<br \/>\nD.R.<\/p>\n<p class=\"voc-p\" style=\"\"><strong>Sus joyas<\/strong> nunca pasan desapercibidas y en esta ocasi\u00f3n el futbolista ha lucido un nuevo reloj de lujo. Se trata de un <strong>Patek Philippe Cubitus Ref. 7128\/1R<\/strong>, un reloj con caja de 40 mm que se adapta a cualquier mu\u00f1eca y pertenece a la colecci\u00f3n Cubitus. Realizado en oro rosa, cuenta con un movimiento autom\u00e1tico que revela un rotor central de oro de 21 quilates adornado con el mismo patr\u00f3n en relieve horizontal que la esfera marr\u00f3n con efecto rayos de sol, una caracter\u00edstica distintiva de los modelos Cubitus. Su precio actual de venta es de <strong>76.587 euros<\/strong>. <\/p>\n<p>\nLas pulseras de la suerte\n<\/p>\n<p><a class=\"voc-img-link\" href=\"https:\/\/www.abc.es\/deportes\/futbol\/mejores-looks-gala-balon-oro-20250922204859-ga.html\" data-voc-vtm-id=\"in-text-traffic\" title=\"Lamine Yamal en la alfombra roja del Bal\u00f3n de Oro\" rel=\"nofollow noopener\" target=\"_blank\"><\/p>\n<p><img decoding=\"async\" loading=\"lazy\" src=\"https:\/\/www.europesays.com\/es\/wp-content\/uploads\/2025\/09\/Lamine-pedri-U38172083503UtI-760x427@diario_abc.jpg\" class=\"voc-img\" width=\"760\" height=\"427\" alt=\"Lamine Yamal en la alfombra roja del Bal\u00f3n de Oro\" data-voc-vtm-id=\"in-text-traffic\"\/><\/p>\n<p><\/a><\/p>\n<p>Galer\u00eda.<\/p>\n<p>Lamine Yamal en la alfombra roja del Bal\u00f3n de Oro<\/p>\n<p>Gtres<\/p>\n<p class=\"voc-p\" style=\"\">Adem\u00e1s de varios y llamativos anillos, Lamine llevaba varias pulseras entre las que destacan las conocidas como \u00abpulseras de la suerte\u00bb de la marca joyera de lujo<a href=\"https:\/\/www.abc.es\/summum\/estilo\/relojes\/reloj-81000-euros-lamine-yamal-celebrado-liga-20250521163840-nt.html\" target=\"_self\" data-voc-vtm-id=\"in-text-traffic\" title=\" Van Cleef &amp; Arpels\" data-mrf-link=\"www.abc.es\" rel=\"nofollow noopener\"> Van Cleef &amp; Arpels<\/a> que ya ha llevado en otras ocasiones. En la gala del <strong>Bal\u00f3n de Oro<\/strong>, el delantero lleva una de las pulseras de la colecci\u00f3n Alhambra, \u00abs\u00edmbolo de la suerte, encarna una visi\u00f3n positiva de la vida. <\/p>\n<p class=\"voc-p\" style=\"\">Desde su creaci\u00f3n en 1968, esta colecci\u00f3n ha evolucionado continuamente, a\u00f1adiendo combinaciones de materiales, funcionalidades diversas y adaptaciones en los tama\u00f1os de los motivos\u00ab, tal y como explican desde la marca. En este caso, Yamal lleva un modelo en oro blanco con cinco tr\u00e9boles cuyo <a href=\"https:\/\/www.abc.es\/summum\/estilo\/relojes\/reloj-81000-euros-lamine-yamal-celebrado-liga-20250521163840-nt.html\" target=\"_self\" data-voc-vtm-id=\"in-text-traffic\" title=\"precio de venta es de 7.600 euros\" data-mrf-link=\"www.abc.es\" rel=\"nofollow noopener\">precio de venta es de 7.600 euros<\/a>.<\/p>\n","protected":false},"excerpt":{"rendered":"Lamine Yamal no se ha hecho con el Bal\u00f3n de Oro 2025, que en este caso ha sido&hellip;\n","protected":false},"author":2,"featured_media":135558,"comment_status":"","ping_status":"","sticky":false,"template":"","format":"standard","meta":{"footnotes":""},"categories":[93],"tags":[45,13943,4711,168,25,24,1649,4016,11680,3371,23,167,14780],"class_list":{"0":"post-135557","1":"post","2":"type-post","3":"status-publish","4":"format-standard","5":"has-post-thumbnail","7":"category-deportes","8":"tag-45","9":"tag-asistir","10":"tag-balon","11":"tag-deportes","12":"tag-es","13":"tag-espana","14":"tag-gala","15":"tag-joyas","16":"tag-lamine","17":"tag-oro","18":"tag-spain","19":"tag-sports","20":"tag-yamal"},"share_on_mastodon":{"url":"","error":""},"_links":{"self":[{"href":"https:\/\/www.europesays.com\/es\/wp-json\/wp\/v2\/posts\/135557","targetHints":{"allow":["GET"]}}],"collection":[{"href":"https:\/\/www.europesays.com\/es\/wp-json\/wp\/v2\/posts"}],"about":[{"href":"https:\/\/www.europesays.com\/es\/wp-json\/wp\/v2\/types\/post"}],"author":[{"embeddable":true,"href":"https:\/\/www.europesays.com\/es\/wp-json\/wp\/v2\/users\/2"}],"replies":[{"embeddable":true,"href":"https:\/\/www.europesays.com\/es\/wp-json\/wp\/v2\/comments?post=135557"}],"version-history":[{"count":0,"href":"https:\/\/www.europesays.com\/es\/wp-json\/wp\/v2\/posts\/135557\/revisions"}],"wp:featuredmedia":[{"embeddable":true,"href":"https:\/\/www.europesays.com\/es\/wp-json\/wp\/v2\/media\/135558"}],"wp:attachment":[{"href":"https:\/\/www.europesays.com\/es\/wp-json\/wp\/v2\/media?parent=135557"}],"wp:term":[{"taxonomy":"category","embeddable":true,"href":"https:\/\/www.europesays.com\/es\/wp-json\/wp\/v2\/categories?post=135557"},{"taxonomy":"post_tag","embeddable":true,"href":"https:\/\/www.europesays.com\/es\/wp-json\/wp\/v2\/tags?post=135557"}],"curies":[{"name":"wp","href":"https:\/\/api.w.org\/{rel}","templated":true}]}}