{"id":135576,"date":"2025-09-24T11:43:13","date_gmt":"2025-09-24T11:43:13","guid":{"rendered":"https:\/\/www.europesays.com\/es\/135576\/"},"modified":"2025-09-24T11:43:13","modified_gmt":"2025-09-24T11:43:13","slug":"otro-chileno-puede-llegar-al-ufc","status":"publish","type":"post","link":"https:\/\/www.europesays.com\/es\/135576\/","title":{"rendered":"Otro chileno puede llegar al UFC"},"content":{"rendered":"<p data-testid=\"paragraph\" class=\"mb-[20px] md:mb-[30px] break-word\">Mientras todos celebraban con chichas, empanadas y terremoto, hubo un chileno que recibi\u00f3 una tremenda noticia. Se trata de V\u00edctor Valenzuela, m\u00e1s conocido como Sikosis, quien podr\u00e1 tener una opci\u00f3n en el Dana White\u2019s Contender Series.<\/p>\n<p data-testid=\"paragraph\" class=\"mb-[20px] md:mb-[30px] break-word\">Vamos por parte. Estamos hablando de un peleador chileno de MMA que recientemente se titul\u00f3 campe\u00f3n interino de Fury FC, una de las empresas ascendentes en las artes marciales mixtas.<\/p>\n<p data-testid=\"paragraph\" class=\"mb-[20px] md:mb-[30px] break-word\">Esto lo puso en el radar de Dana White, SEO de la UFC, la compa\u00f1\u00eda m\u00e1s grande de MMA. Y fue, precisamente, en medio de la celebraci\u00f3n dieciochera, que el pelado jefe llam\u00f3 a V\u00edctor Valenzuela para darle una chance \u00fanica en su vida.<\/p>\n<p><a title=\"Trabaj\u00f3 en la \u201ccontru\u201d, casi es deportado de EE.UU. y dar\u00e1 la vida por un contrato con la UFC\" href=\"https:\/\/redgol.cl\/redsport\/de-la-contru-al-octagono-tanke-ewert-dara-la-vida-por-quedar-en-la-ufc\" target=\"_self\" rel=\"nofollow noopener\" class=\"article-also-read-embed\"><img decoding=\"async\" class=\"aspect-square max-w-[100px] m-[10px] md:m-0\" src=\"https:\/\/www.europesays.com\/es\/wp-content\/uploads\/2025\/09\/1758714192_26_image\" alt=\"Trabaj\u00f3 en la \u201ccontru\u201d, casi es deportado de EE.UU. y dar\u00e1 la vida por un contrato con la UFC\" width=\"200\" height=\"200\" loading=\"lazy\"\/><\/p>\n<p class=\"font-secondary my-[13px] uppercase text-alsoReadSeeAlso bg-alsoReadSeeAlsoBackground alsoReadSeeAlso w-fit\">ver tambi\u00e9n<\/p>\n<p class=\"w-full line-clamp-3 md:line-clamp-2 text-alsoReadEmbedTitle font-primary alsoReadLink\">Trabaj\u00f3 en la \u201ccontru\u201d, casi es deportado de EE.UU. y dar\u00e1 la vida por un contrato con la UFC<\/p>\n<p><\/a>Un paso m\u00e1s cerca de la UFC<\/p>\n<p data-testid=\"paragraph\" class=\"mb-[20px] md:mb-[30px] break-word\">Con 31 primaveras y m\u00e1s de diez arriba del oct\u00e1gono, V\u00edctor Valenzuela ha sabido hacerse espacio en las artes marciales mixtas. Actualmente, es parte del equipo MMA Masters, con sede en Miami, Florida, donde entrenan figuras de la talla de Ilia Topuria, Colby Covington y el comentarista y luchador, Gast\u00f3n Tonga Reyno.<\/p>\n<p data-testid=\"paragraph\" class=\"mb-[20px] md:mb-[30px] break-word\">Tras vencer a Bruce Whitehead en el campeonato interino de los pesos welter, el chileno salt\u00f3 a los ojos de la UFC, donde podr\u00eda tener un espacio, ya que est\u00e1 llamado a ser parte del Dana White\u2019s Contender Series, peleas de exhibici\u00f3n en las que el propio SEO de la empresa m\u00e1s grande de las MMA otorga contratos a algunos peleadores.<\/p>\n<p data-testid=\"paragraph\" class=\"mb-[20px] md:mb-[30px] break-word\">La trascendental pelea ser\u00e1 el martes 14 de octubre, cuando el chileno enfrente a un complicado Michael Olivera, un brasile\u00f1o que est\u00e1 invicto, pero que tiene menos recorrido que Sikosis.<\/p>\n<p><img decoding=\"async\" src=\"https:\/\/www.europesays.com\/es\/wp-content\/uploads\/2025\/09\/RDG_20250921_RDG_1179962_SaveGram.App_550420226_17920512003173557_6632793659251716497_n-819x1024_526.webp\" width=\"819\" height=\"1024\" alt=\"\" class=\"h-auto\" loading=\"lazy\"\/>\u00bfCu\u00e1l es el r\u00e9cord que ostenta V\u00edctor Sikosis Valenzuela?<\/p>\n<p data-testid=\"paragraph\" class=\"mb-[20px] md:mb-[30px] break-word\">V\u00edctor Valenzuela acumula un r\u00e9cord de 12 ganadas y 3 perdidas, en sus quince peleas en el oct\u00e1gono. De sus victorias, seis han sido por KO, dos por sumisi\u00f3n y cuatro por decisi\u00f3n. Enfrentar\u00e1 a un brasile\u00f1o invicto, con ocho triunfos y que ha ganado siete por nocaut. De miedo.<\/p>\n<p><a title=\"Mientras Illia Topuria rompi\u00f3 r\u00e9cords con su millonaria tarjeta coleccionable, esto vale una de Ignacio Bahamondes\" href=\"https:\/\/redgol.cl\/redsport\/ilia-topuria-y-millonario-record-esto-vale-el-cromo-de-ignacio-bahamondes\" target=\"_self\" rel=\"nofollow noopener\" class=\"article-also-read-embed\"><img decoding=\"async\" class=\"aspect-square max-w-[100px] m-[10px] md:m-0\" src=\"https:\/\/www.europesays.com\/es\/wp-content\/uploads\/2025\/09\/1758714193_329_image\" alt=\"Mientras Illia Topuria rompi\u00f3 r\u00e9cords con su millonaria tarjeta coleccionable, esto vale una de Ignacio Bahamondes\" width=\"200\" height=\"200\" loading=\"lazy\"\/><\/p>\n<p class=\"font-secondary my-[13px] uppercase text-alsoReadSeeAlso bg-alsoReadSeeAlsoBackground alsoReadSeeAlso w-fit\">ver tambi\u00e9n<\/p>\n<p class=\"w-full line-clamp-3 md:line-clamp-2 text-alsoReadEmbedTitle font-primary alsoReadLink\">Mientras Illia Topuria rompi\u00f3 r\u00e9cords con su millonaria tarjeta coleccionable, esto vale una de Ignacio Bahamondes<\/p>\n<p><\/a><\/p>\n","protected":false},"excerpt":{"rendered":"Mientras todos celebraban con chichas, empanadas y terremoto, hubo un chileno que recibi\u00f3 una tremenda noticia. Se trata&hellip;\n","protected":false},"author":2,"featured_media":135577,"comment_status":"","ping_status":"","sticky":false,"template":"","format":"standard","meta":{"footnotes":""},"categories":[276],"tags":[20005,168,25,24,23,167,343,40530],"class_list":{"0":"post-135576","1":"post","2":"type-post","3":"status-publish","4":"format-standard","5":"has-post-thumbnail","7":"category-ufc","8":"tag-dana-whites-contender-series-2","9":"tag-deportes","10":"tag-es","11":"tag-espana","12":"tag-spain","13":"tag-sports","14":"tag-ufc","15":"tag-victor-valenzuela"},"share_on_mastodon":{"url":"","error":""},"_links":{"self":[{"href":"https:\/\/www.europesays.com\/es\/wp-json\/wp\/v2\/posts\/135576","targetHints":{"allow":["GET"]}}],"collection":[{"href":"https:\/\/www.europesays.com\/es\/wp-json\/wp\/v2\/posts"}],"about":[{"href":"https:\/\/www.europesays.com\/es\/wp-json\/wp\/v2\/types\/post"}],"author":[{"embeddable":true,"href":"https:\/\/www.europesays.com\/es\/wp-json\/wp\/v2\/users\/2"}],"replies":[{"embeddable":true,"href":"https:\/\/www.europesays.com\/es\/wp-json\/wp\/v2\/comments?post=135576"}],"version-history":[{"count":0,"href":"https:\/\/www.europesays.com\/es\/wp-json\/wp\/v2\/posts\/135576\/revisions"}],"wp:featuredmedia":[{"embeddable":true,"href":"https:\/\/www.europesays.com\/es\/wp-json\/wp\/v2\/media\/135577"}],"wp:attachment":[{"href":"https:\/\/www.europesays.com\/es\/wp-json\/wp\/v2\/media?parent=135576"}],"wp:term":[{"taxonomy":"category","embeddable":true,"href":"https:\/\/www.europesays.com\/es\/wp-json\/wp\/v2\/categories?post=135576"},{"taxonomy":"post_tag","embeddable":true,"href":"https:\/\/www.europesays.com\/es\/wp-json\/wp\/v2\/tags?post=135576"}],"curies":[{"name":"wp","href":"https:\/\/api.w.org\/{rel}","templated":true}]}}