{"id":135578,"date":"2025-09-24T11:45:05","date_gmt":"2025-09-24T11:45:05","guid":{"rendered":"https:\/\/www.europesays.com\/es\/135578\/"},"modified":"2025-09-24T11:45:05","modified_gmt":"2025-09-24T11:45:05","slug":"detenido-un-hombre-aleman-por-acosar-a-la-hermana-de-rafa-nadal-maria-isabel","status":"publish","type":"post","link":"https:\/\/www.europesays.com\/es\/135578\/","title":{"rendered":"Detenido un hombre alem\u00e1n por acosar a la hermana de Rafa Nadal, Mar\u00eda Isabel"},"content":{"rendered":"<p class=\"v-mdl-ath__p v-mdl-ath__p--6\">\nMi\u00e9rcoles, 24 de septiembre 2025, 11:13<\/p>\n<p class=\"v-p\">La polic\u00eda ha detenido a un hombre alem\u00e1n de 37 a\u00f1os por acosar presuntamente durante a\u00f1os a Mar\u00eda Isabel Nadal, hermana del tenista Rafa Nadal. El var\u00f3n acud\u00eda d\u00eda tras d\u00eda a las instalaciones de la Rafa Nadal Academy, donde la v\u00edctima trabaja como directora de marketing, para interesarse por ella. El arrestado tambi\u00e9n hab\u00eda conseguido su n\u00famero de tel\u00e9fono, con lo que el acoso se ampli\u00f3 a trav\u00e9s de mensajes y llamadas reiteradas. Tras la denuncia de la v\u00edctima, la polic\u00eda ha arrestado al sospechoso que ha resultado ser reincidente ya que ha sometido a un hostigamiento similar a otras mujeres en Manacor, Mallorca. <\/p>\n<p class=\"v-p\">Maribel Nadal incluso temi\u00f3 por su vida. Tanto es as\u00ed que la responsable de marketing tuvo protecci\u00f3n policial y necesit\u00f3 acompa\u00f1amiento para acudir diariamente a su puesto de trabajo. Despu\u00e9s de meses de investigaci\u00f3n, las pesquisas culminaron con la detenci\u00f3n de este hombre que se hac\u00eda pasar por tenista para coincidir con la hermana del tenista en lugares p\u00fablicos y que ha confesado los hechos. El Juzgado de Instrucci\u00f3n de Manacor ha acordado suspender la pena de prisi\u00f3n que pesaba sobre el presunto acosador, si bien le ha impuesto una orden de alejamiento que le proh\u00edbe acercarse a menos de 200 metros y comunicarse con la v\u00edctima. <\/p>\n<p>Comenta<\/p>\n<p>Reporta un error<\/p>\n","protected":false},"excerpt":{"rendered":"Mi\u00e9rcoles, 24 de septiembre 2025, 11:13 La polic\u00eda ha detenido a un hombre alem\u00e1n de 37 a\u00f1os por&hellip;\n","protected":false},"author":2,"featured_media":135579,"comment_status":"","ping_status":"","sticky":false,"template":"","format":"standard","meta":{"footnotes":""},"categories":[274],"tags":[42508,14585,168,8838,25,24,11317,366,1729,1932,3489,12830,23,167,327,326],"class_list":{"0":"post-135578","1":"post","2":"type-post","3":"status-publish","4":"format-standard","5":"has-post-thumbnail","7":"category-tenis","8":"tag-acosar","9":"tag-aleman","10":"tag-deportes","11":"tag-detenido","12":"tag-es","13":"tag-espana","14":"tag-hermana","15":"tag-hombre","16":"tag-isabel","17":"tag-maria","18":"tag-nadal","19":"tag-rafa","20":"tag-spain","21":"tag-sports","22":"tag-tenis","23":"tag-tennis"},"share_on_mastodon":{"url":"","error":""},"_links":{"self":[{"href":"https:\/\/www.europesays.com\/es\/wp-json\/wp\/v2\/posts\/135578","targetHints":{"allow":["GET"]}}],"collection":[{"href":"https:\/\/www.europesays.com\/es\/wp-json\/wp\/v2\/posts"}],"about":[{"href":"https:\/\/www.europesays.com\/es\/wp-json\/wp\/v2\/types\/post"}],"author":[{"embeddable":true,"href":"https:\/\/www.europesays.com\/es\/wp-json\/wp\/v2\/users\/2"}],"replies":[{"embeddable":true,"href":"https:\/\/www.europesays.com\/es\/wp-json\/wp\/v2\/comments?post=135578"}],"version-history":[{"count":0,"href":"https:\/\/www.europesays.com\/es\/wp-json\/wp\/v2\/posts\/135578\/revisions"}],"wp:featuredmedia":[{"embeddable":true,"href":"https:\/\/www.europesays.com\/es\/wp-json\/wp\/v2\/media\/135579"}],"wp:attachment":[{"href":"https:\/\/www.europesays.com\/es\/wp-json\/wp\/v2\/media?parent=135578"}],"wp:term":[{"taxonomy":"category","embeddable":true,"href":"https:\/\/www.europesays.com\/es\/wp-json\/wp\/v2\/categories?post=135578"},{"taxonomy":"post_tag","embeddable":true,"href":"https:\/\/www.europesays.com\/es\/wp-json\/wp\/v2\/tags?post=135578"}],"curies":[{"name":"wp","href":"https:\/\/api.w.org\/{rel}","templated":true}]}}