{"id":135600,"date":"2025-09-24T11:58:09","date_gmt":"2025-09-24T11:58:09","guid":{"rendered":"https:\/\/www.europesays.com\/es\/135600\/"},"modified":"2025-09-24T11:58:09","modified_gmt":"2025-09-24T11:58:09","slug":"estas-son-las-portadas-de-las-revistas-del-corazon-de-hoy-24-de-septiembre-2025-aitana-y-plex-el-cambio-fisico-de-tamara-falco-y-letizia","status":"publish","type":"post","link":"https:\/\/www.europesays.com\/es\/135600\/","title":{"rendered":"Estas son las portadas de las revistas del coraz\u00f3n de hoy, 24 de septiembre 2025: Aitana y Plex, el cambio f\u00edsico de Tamara Falc\u00f3 y Letizia"},"content":{"rendered":"<p>El oto\u00f1o ya se ha asentado en nuestras jornadas y, como es habitual por estas fechas, el &#8216;veranillo de San Miguel&#8217; est\u00e1 a punto de hacer acto de presencia. Lo que tampoco cambia son las tradiciones de los mi\u00e9rcoles:<b> las revistas del coraz\u00f3n<\/b> ya han lanzado sus portadas este 24 de septiembre, listas para ser devoradas por los m\u00e1s curiosos.<\/p>\n<p>Entre los titulares m\u00e1s llamativos de la semana destacan <a href=\"https:\/\/los40.com\/2025\/09\/22\/pablo-lopez-y-laura-rubio-rompen-su-silencio-para-hablar-de-su-segunda-boda\/?outputType=amp\" target=\"_blank\" rel=\"nofollow noopener\" title=\"https:\/\/los40.com\/2025\/09\/22\/pablo-lopez-y-laura-rubio-rompen-su-silencio-para-hablar-de-su-segunda-boda\/?outputType=amp\">la boda del cantante <b>Pablo L\u00f3pez<\/b><\/a><b>,<\/b> el notable cambio f\u00edsico de Tamara Falc\u00f3, el <a href=\"https:\/\/los40.com\/2025\/09\/16\/muere-robert-redford-leyenda-del-cine-a-los-89-anos\/\" target=\"_blank\" rel=\"nofollow noopener\" title=\"https:\/\/los40.com\/2025\/09\/16\/muere-robert-redford-leyenda-del-cine-a-los-89-anos\/\">fallecimiento del ic\u00f3nico Robert Redford<\/a> y el enigm\u00e1tico<a href=\"\" target=\"_blank\" rel=\"nofollow\" title=\"\"> \u00e1lbum secreto de Aitana junto a Plex.<\/a><\/p>\n<p><b>Las portadas de las revistas del coraz\u00f3n de hoy, 24 de septiembre<\/b><b>La portada de la revista <\/b><b>\u00a1Hola!<\/b><b> de hoy<\/b><\/p>\n<p>\u00a1Hola! abre su n\u00famero de este mi\u00e9rcoles con la Reina Letizia en portada y analiza en detalle c\u00f3mo es el nuevo equipo con el que trabaja la experiodista.<\/p>\n<p><img decoding=\"async\" src=\"https:\/\/los40.com\/pf\/resources\/img\/logo-40-v-c.svg?d=883\" alt=\"LOS40\" class=\"i-pro\" width=\"68\" height=\"68\" loading=\"lazy\"\/><\/p>\n<p>Adem\u00e1s, puedes ver todas las fotos in\u00e9ditas de los invitados de los Premios Gen \u00a1H! y, por si fuera poco, ahora la cabecera lanza un nuevo n\u00famero: \u00a1HOLA! Alta Costura y Pr\u00eat-\u00e0-porter, con todas las colecciones de oto\u00f1o-invierno 2025\/26: Par\u00eds, Mil\u00e1n, Nueva York, Londres y Madrid. Ya en tu quiosco!<\/p>\n<p><b>La portada de la revista <\/b><b>Semana <\/b><b>de hoy<\/b><\/p>\n<p>La rom\u00e1ntica segunda boda de Pablo L\u00f3pez y Laura Rubio copa la portada de la revista Semana este mi\u00e9rcoles. Aunque la primera fue en secreto, esta vez los enamorados han dado una fiesta por todo lo alto y famosos como Bustamante, Luis Fonsi y muchos m\u00e1s no se la quisieron perder.<\/p>\n<p>Adem\u00e1s, podr\u00e1s enterarte del v\u00ednculo del fallecido Robert Redford con Espa\u00f1a, de las fotos del encuentro de Ainhoa Armentia y Pablo Urdangarin y del reencuentro de Mar\u00eda Jos\u00e9 Su\u00e1rez y Escassi&#8230; en la ficci\u00f3n.<\/p>\n<p><b>La portada de la revista D<\/b><b>iez Minutos<\/b><b> de hoy<\/b><\/p>\n<p>Tamara Falc\u00f3 se confiesa con la revista y cuenta c\u00f3mo est\u00e1 siendo su cambio f\u00edsico. La marquesa de Gri\u00f1\u00f3n parece haber cogido afici\u00f3n al deporte y asegura que ya ha perdido cinco kilos.<\/p>\n<p>Pero no es la \u00fanica protagonista de hoy. Aitana y Plex han celebrado de la forma m\u00e1s rom\u00e1ntica el cumplea\u00f1os del streamer y han abierto su \u00e1lbum de fotos secreto. Y, por si fuera poco, Cayetano Mart\u00ednez de Irujo habla de su relaci\u00f3n con Mar Flores. <\/p>\n<p><b>La portada de la revista <\/b><b>Lecturas <\/b><b>de hoy<\/b><\/p>\n<p>Letizia vuelve a ser la estrella de la prensa rosa. En esta ocasi\u00f3n, la reina espa\u00f1ola ha deslumbrado con su atuendo en su reciente visita a Egipto. Todas las fotos de la visita oficial en su interior.<\/p>\n<p>Tambi\u00e9n podr\u00e1s enterarte de c\u00f3mo ha sido el 60\u00ba cumplea\u00f1os de Terelu, de la emotiva despedida al gran Redford y de todos los detalles de la cita entre los pr\u00edncipes de Gales y los Trump.<\/p>\n<p><b>La portada de la revista <\/b><b>Pronto <\/b><b>de hoy<\/b><\/p>\n<p>El cambio f\u00edsico de Jorge Javier V\u00e1zquez sigue dando de qu\u00e9 hablar y, por eso, la revista Pronto ha hecho una recopilaci\u00f3n de cu\u00e1les han sido todos sus cambios f\u00edsicos en los \u00faltimos a\u00f1os.<\/p>\n<p>Por otra parte, la revista nos habla de las deudas a las que tiene que hacer frente Isabel Pantoja, las cr\u00edticas a Mar Flores por sus memorias y las confesiones m\u00e1s ocultas del pr\u00edncipe Harry: hablar\u00e1 de la muerte de su madre, Lady Di.<\/p>\n","protected":false},"excerpt":{"rendered":"El oto\u00f1o ya se ha asentado en nuestras jornadas y, como es habitual por estas fechas, el &#8216;veranillo&hellip;\n","protected":false},"author":2,"featured_media":135601,"comment_status":"","ping_status":"","sticky":false,"template":"","format":"standard","meta":{"footnotes":""},"categories":[91],"tags":[1765,146,147,25,24,23,1766],"class_list":{"0":"post-135600","1":"post","2":"type-post","3":"status-publish","4":"format-standard","5":"has-post-thumbnail","7":"category-entretenimiento","8":"tag-bestof","9":"tag-entertainment","10":"tag-entretenimiento","11":"tag-es","12":"tag-espana","13":"tag-spain","14":"tag-topix"},"share_on_mastodon":{"url":"","error":""},"_links":{"self":[{"href":"https:\/\/www.europesays.com\/es\/wp-json\/wp\/v2\/posts\/135600","targetHints":{"allow":["GET"]}}],"collection":[{"href":"https:\/\/www.europesays.com\/es\/wp-json\/wp\/v2\/posts"}],"about":[{"href":"https:\/\/www.europesays.com\/es\/wp-json\/wp\/v2\/types\/post"}],"author":[{"embeddable":true,"href":"https:\/\/www.europesays.com\/es\/wp-json\/wp\/v2\/users\/2"}],"replies":[{"embeddable":true,"href":"https:\/\/www.europesays.com\/es\/wp-json\/wp\/v2\/comments?post=135600"}],"version-history":[{"count":0,"href":"https:\/\/www.europesays.com\/es\/wp-json\/wp\/v2\/posts\/135600\/revisions"}],"wp:featuredmedia":[{"embeddable":true,"href":"https:\/\/www.europesays.com\/es\/wp-json\/wp\/v2\/media\/135601"}],"wp:attachment":[{"href":"https:\/\/www.europesays.com\/es\/wp-json\/wp\/v2\/media?parent=135600"}],"wp:term":[{"taxonomy":"category","embeddable":true,"href":"https:\/\/www.europesays.com\/es\/wp-json\/wp\/v2\/categories?post=135600"},{"taxonomy":"post_tag","embeddable":true,"href":"https:\/\/www.europesays.com\/es\/wp-json\/wp\/v2\/tags?post=135600"}],"curies":[{"name":"wp","href":"https:\/\/api.w.org\/{rel}","templated":true}]}}