{"id":135606,"date":"2025-09-24T12:01:08","date_gmt":"2025-09-24T12:01:08","guid":{"rendered":"https:\/\/www.europesays.com\/es\/135606\/"},"modified":"2025-09-24T12:01:08","modified_gmt":"2025-09-24T12:01:08","slug":"las-siete-guerras-que-trump-dice-haber-parado-desde-que-llego-al-poder-internacional","status":"publish","type":"post","link":"https:\/\/www.europesays.com\/es\/135606\/","title":{"rendered":"Las siete guerras que Trump dice haber parado desde que lleg\u00f3 al poder | Internacional"},"content":{"rendered":"<p class=\"\"><a href=\"https:\/\/elpais.com\/internacional\/2025-09-23\/trump-arremete-contra-la-onu-en-un-discurso-destinado-a-dinamitar-las-instituciones-globales.html#?rel=mas\" target=\"_self\" rel=\"nofollow noopener\" title=\"https:\/\/elpais.com\/internacional\/2025-09-23\/trump-arremete-contra-la-onu-en-un-discurso-destinado-a-dinamitar-las-instituciones-globales.html#?rel=mas\">Donald Trump se present\u00f3 el martes ante los l\u00edderes de 192 pa\u00edses en la Asamblea General de la ONU<\/a> como el gran pacificador, el hombre que resuelve las guerras que la organizaci\u00f3n internacional es incapaz de terminar. Se trata de <a href=\"https:\/\/elpais.com\/internacional\/2025-08-20\/del-congo-a-iran-las-seis-o-siete-guerras-que-trump-dice-haber-solucionado-en-seis-meses.html\" target=\"_self\" rel=\"nofollow noopener\" title=\"https:\/\/elpais.com\/internacional\/2025-08-20\/del-congo-a-iran-las-seis-o-siete-guerras-que-trump-dice-haber-solucionado-en-seis-meses.html\">un mensaje que repite desde hace meses<\/a>. Sin embargo, un repaso por los siete conflictos que mencion\u00f3 \u2014y que el Departamento de Estado ha enumerado en un mensaje triunfalista divulgado por redes\u2014 demuestra que la cifra no solo est\u00e1 hinchada, sino que el papel que jug\u00f3 su Administraci\u00f3n en la mayor\u00eda de esos conflictos tambi\u00e9n est\u00e1 sobrevalorado. Queda pendiente, adem\u00e1s, la resoluci\u00f3n de dos de los conflictos m\u00e1s sangrientos de la actualidad: el de Gaza y el de Ucrania.<\/p>\n<p class=\"\">En el mensaje del Departamento de Estado se ve al mandatario republicano levantado el pu\u00f1o bajo la leyenda: \u201cPresidente Trump, el presidente de la paz\u201d. Y a rengl\u00f3n seguido: \u201cEl presidente Trump termin\u00f3 siete guerras en solo siete meses\u201d.<\/p>\n<p class=\"\">Estos son los siete enfrentamientos que Trump dice haber resuelto:<\/p>\n<p class=\"\"><a href=\"https:\/\/elpais.com\/internacional\/2025-07-28\/tailandia-y-camboya-acuerdan-un-alto-el-fuego.html\" target=\"_self\" rel=\"nofollow noopener\" title=\"https:\/\/elpais.com\/internacional\/2025-07-28\/tailandia-y-camboya-acuerdan-un-alto-el-fuego.html\"><b>Camboya y Tailandia<\/b><\/a>. Ambos pa\u00edses sellaron un alto el fuego \u201cinmediato e incondicional\u201d el pasado julio, tras <a href=\"https:\/\/elpais.com\/internacional\/2025-07-28\/tailandia-y-camboya-acuerdan-un-alto-el-fuego.html\" target=\"_self\" rel=\"nofollow noopener\" title=\"https:\/\/elpais.com\/internacional\/2025-07-28\/tailandia-y-camboya-acuerdan-un-alto-el-fuego.html\">cinco d\u00edas de enfrentamientos que causaron 35 muertos y alrededor de 300.000 desplazados<\/a> a ambos lados de sus respectivas fronteras. El acuerdo fue anunciado a la prensa por el primer ministro de Malasia, Anwar Ibrahim, en su calidad de l\u00edder del pa\u00eds que ostenta actualmente la presidencia rotatoria de la Asociaci\u00f3n de Naciones del Sudeste Asi\u00e1tico (ASEAN). Fue \u00e9l quien ejerci\u00f3 de anfitri\u00f3n de las conversaciones entre su hom\u00f3logo camboyano, Hun Manet, y el tailand\u00e9s, Phumtham Wechayachai. La desescalada se sell\u00f3 con una imagen de los tres l\u00edderes d\u00e1ndose la mano tras el di\u00e1logo mantenido en la residencia oficial del primer ministro malasio, informa <b>Guillermo Abril<\/b> desde Pek\u00edn. <\/p>\n<p class=\"\">El papel de Malasia fue decisivo. Pero tambi\u00e9n lo fueron el de China y el de Estados Unidos. Estos tres pa\u00edses \u201cpresionaron para que se llegara a un acuerdo\u201d, escribe Siri Aas Rustad, del Peace Research Institute Oslo (PRIO), una organizaci\u00f3n con sede en la capital noruega, en un art\u00edculo de la semana pasada en el que se interroga por el papel del presidente estadounidense en la pacificaci\u00f3n de conflictos. \u201cTrump amenaz\u00f3 con poner fin a las negociaciones comerciales e imponer aranceles del 36%\u201d, se\u00f1ala sobre este caso. \u201cComo por arte de magia, ambos pa\u00edses acordaron un alto el fuego. Pero el acuerdo es fr\u00e1gil, y cada parte ya ha acusado a la otra de violaciones\u201d.<\/p>\n<p class=\"\"><a href=\"https:\/\/elpais.com\/internacional\/2018\/12\/18\/actualidad\/1545165264_524842.html\" target=\"_self\" rel=\"nofollow noopener\" title=\"https:\/\/elpais.com\/internacional\/2018\/12\/18\/actualidad\/1545165264_524842.html\"><b>Serbia y Kosovo<\/b><\/a>. Esta guerra comenz\u00f3 en febrero de 1998 y termin\u00f3 en junio de 1999. Quedaba mucho tiempo a\u00fan para que Trump inaugurase su primer mandato en la Casa Blanca (2017-2021). El conflicto permanece, ya que Serbia \u2014igual que otros pa\u00edses, entre ellos Espa\u00f1a\u2014 no reconoce la independencia que declar\u00f3 Kosovo de forma unilateral en 2008. Cada cierto tiempo la tensi\u00f3n sube durante algunas semanas y vuelve a su estancamiento de costumbre.<\/p>\n<p class=\"\">En uno de esos picos que se registr\u00f3 en 2020, Trump consigui\u00f3 que las partes se reunieran en Estados Unidos y firmasen un acuerdo de normalizaci\u00f3n econ\u00f3mica. Pero sus posturas siguen siendo irreconciliables. Y en la actualidad hay alrededor de 4.000 soldados de la OTAN emplazados sobre el terreno.<\/p>\n<p class=\"\"><a href=\"https:\/\/elpais.com\/diario\/2002\/07\/31\/internacional\/1028066408_850215.html\" target=\"_self\" rel=\"nofollow noopener\" title=\"https:\/\/elpais.com\/diario\/2002\/07\/31\/internacional\/1028066408_850215.html\"><b>Rep\u00fablica Democr\u00e1tica del Congo y Ruanda<\/b><\/a>. Este conflicto sigue latente. Desde el pasado 10 de julio, apenas dos semanas despu\u00e9s de <a href=\"https:\/\/elpais.com\/internacional\/2025-07-19\/el-gobierno-del-congo-y-los-rebeldes-respaldados-por-ruanda-se-comprometen-a-un-alto-el-fuego.html\" target=\"_self\" rel=\"nofollow noopener\" title=\"https:\/\/elpais.com\/internacional\/2025-07-19\/el-gobierno-del-congo-y-los-rebeldes-respaldados-por-ruanda-se-comprometen-a-un-alto-el-fuego.html\">la firma del acuerdo de paz entre la Rep\u00fablica Democr\u00e1tica del Congo (RDC) y Ruanda bajo los auspicios de EE UU<\/a>, el grupo armado M23, apoyado por Ruanda, ha ejecutado de manera extrajudicial a unas 300 personas solo en la zona de Rutshuru, en Kivu del Norte. Muchas de ellas eran mujeres y ni\u00f1os. Al mismo tiempo, intensos combates han enfrentado a este grupo rebelde con los milicianos wazalendo, aliados del Ej\u00e9rcito congol\u00e9s. En los \u00faltimos d\u00edas, miles de personas han sido obligadas a abandonar sus pueblos ante el recrudecimiento del conflicto. Sobre el terreno, el acuerdo de paz presentado en Washington a bombo y platillo no es m\u00e1s que papel mojado, informa <b>Jos\u00e9 Naranjo<\/b> desde Dakar.<\/p>\n<p class=\"\">La primera condici\u00f3n establecida en dicho pacto fue un alto el fuego y este ha sido tambi\u00e9n su primer incumplimiento. Las armas no han dejado de crepitar en el noreste de la RDC, tal y como recordaba este martes el presidente congol\u00e9s F\u00e9lix Tshisekedi en Naciones Unidas. \u201cLa situaci\u00f3n no evoluciona realmente\u201d, aseguraba a los periodistas. Las tropas ruandesas, que deb\u00edan retirarse del suelo congol\u00e9s, se resisten a marchar y los habitantes de la regi\u00f3n aseguran que el M23, que mantiene a\u00fan el control de Goma y Bukavu, est\u00e1 tomando posiciones para tomar por la fuerza otras ciudades, como Beni, Butembo o Lubero. <\/p>\n<p class=\"\">El \u00fanico aspecto que parece avanzar del acuerdo firmado en Washington, aunque tambi\u00e9n a duras penas, es la contrapartida econ\u00f3mica a favor de EE UU: el acceso a minerales estrat\u00e9gicos en la RDC. A finales de agosto, el Gobierno congol\u00e9s otorg\u00f3 siete permisos de exploraci\u00f3n a la empresa estadounidense KoBold para identificar yacimientos viables de berilio, niobio, litio y colt\u00e1n, entre otros.<\/p>\n<p class=\"\"><a href=\"https:\/\/elpais.com\/internacional\/2025-05-10\/nuevos-ataques-elevan-la-tension-en-el-conflicto-entre-la-india-y-pakistan.html\" target=\"_self\" rel=\"nofollow noopener\" title=\"https:\/\/elpais.com\/internacional\/2025-05-10\/nuevos-ataques-elevan-la-tension-en-el-conflicto-entre-la-india-y-pakistan.html\"><b>India y Pakist\u00e1n<\/b><\/a>. En este conflicto Trump reclam\u00f3 su protagonismo y Pakist\u00e1n reconoci\u00f3 su papel. En mayo, tras una escalada b\u00e9lica transfronteriza de cuatro d\u00edas entre la India y Pakist\u00e1n, las dos potencias nucleares alcanzaron un acuerdo para un \u201calto el fuego inmediato\u201d. Para entonces, Trump se les hab\u00eda adelantado: horas antes, el magnate hab\u00eda anunciado en su red social Truth que se hab\u00eda pactado un alto fuego \u201ctotal e inmediato\u201d tras \u201cuna larga noche de conversaciones con la mediaci\u00f3n de Estados Unidos\u201d. E insisti\u00f3 en su relato en una comparecencia ante la prensa algo despu\u00e9s: \u201cLes dije: \u2018Vamos, vamos a hacer mucho comercio con vosotros [India y Pakist\u00e1n]. Deteng\u00e1moslo. Deteng\u00e1moslo. Si lo deten\u00e9is, comerciaremos. Si no lo deten\u00e9is, no comerciaremos\u201d, informa <b>Guillermo Abril<\/b>.<\/p>\n<p class=\"\">Nueva Delhi nunca ha reconocido el papel del republicano de forma expresa. El ministro de Defensa indio, Rajnath Singh, rechaz\u00f3 de plano la afirmaci\u00f3n de Trump, alegando que el pa\u00eds no hab\u00eda respondido a la presi\u00f3n de nadie. Pero Islamabad s\u00ed ha mostrado inmensa gratitud. Shehbaz Sharif, primer ministro pakistan\u00ed, le agradeci\u00f3 por haber desempe\u00f1ado \u201cun papel fundamental y primordial en el alto el fuego\u201d. Su Gobierno ha recomendado formalmente a Trump para el Nobel de la Paz en 2026.<\/p>\n<blockquote class=\"twitter-tweet\">\n<p lang=\"en\" dir=\"ltr\">Government of Pakistan Recommends President Donald J. Trump for 2026 Nobel Peace Prize<\/p>\n<p>The Government of Pakistan has decided to formally recommend President Donald J. Trump for the 2026 Nobel Peace Prize, in recognition of his decisive diplomatic intervention and pivotal\u2026<\/p>\n<p>\u2014 Government of Pakistan (@GovtofPakistan) <a href=\"https:\/\/twitter.com\/GovtofPakistan\/status\/1936159807326900577?ref_src=twsrc%5Etfw\" rel=\"nofollow noopener\" target=\"_blank\">June 20, 2025<\/a><\/p><\/blockquote>\n<p class=\"\">El conflicto se desat\u00f3 en torno a Cachemira, un territorio en disputa que ha sido motivo de varias guerras desde la partici\u00f3n de la India y Pakist\u00e1n, en 1947. Hubo ataques mediante cazas, drones y lanzamientos de misiles que causaron al menos la muerte de 66 personas, 37 de ellas en territorio paquistan\u00ed y 29 en el lado indio.<\/p>\n<p class=\"\"><a href=\"https:\/\/elpais.com\/internacional\/2025-06-24\/el-fragil-alto-el-fuego-entre-iran-e-israel-se-afianza-entre-las-dudas-sobre-la-viabilidad-de-una-paz-duradera.html\" target=\"_self\" rel=\"nofollow noopener\" title=\"https:\/\/elpais.com\/internacional\/2025-06-24\/el-fragil-alto-el-fuego-entre-iran-e-israel-se-afianza-entre-las-dudas-sobre-la-viabilidad-de-una-paz-duradera.html\"><b>Israel e Ir\u00e1n<\/b><\/a>. M\u00e1s que lograr una paz, lo que Trump hizo es involucrarse directamente, soltando sobre Ir\u00e1n la \u00fanica arma (las bombas \u201crompeb\u00fankeres\u201d de 13.000 kilos) que le faltaba a la otra parte, su aliado Israel. En contradicci\u00f3n con su discurso aislacionista previo y su compromiso de afrontar el asunto por medio de negociaciones, Trump particip\u00f3 en los 12 d\u00edas de guerra que Israel inici\u00f3 con Ir\u00e1n. La mayor\u00eda de analistas coinciden en que \u2015aunque Teher\u00e1n es consciente de su debilidad respecto a EE UU e Israel \u2015, el conflicto no ha quedado resuelto. Solo aplazado, informa <b>Antonio Pita<\/b> desde Jerusal\u00e9n.<\/p>\n<p class=\"\"><a href=\"https:\/\/elpais.com\/internacional\/2021-07-03\/el-pulso-por-el-agua-del-rio-nilo-agudiza-la-crisis-regional-entre-egipto-y-etiopia.html\" target=\"_self\" rel=\"nofollow noopener\" title=\"https:\/\/elpais.com\/internacional\/2021-07-03\/el-pulso-por-el-agua-del-rio-nilo-agudiza-la-crisis-regional-entre-egipto-y-etiopia.html\"><b>Egipto y Etiop\u00eda<\/b><\/a>. No hubo guerra. Y, por tanto, ning\u00fan acuerdo de paz. Se registraron, eso s\u00ed, <a href=\"https:\/\/elpais.com\/internacional\/2021-07-03\/el-pulso-por-el-agua-del-rio-nilo-agudiza-la-crisis-regional-entre-egipto-y-etiopia.html\" rel=\"nofollow noopener\" title=\"https:\/\/elpais.com\/internacional\/2021-07-03\/el-pulso-por-el-agua-del-rio-nilo-agudiza-la-crisis-regional-entre-egipto-y-etiopia.html\" target=\"_blank\">tensiones a causa de la construcci\u00f3n de la llamada Gran Presa del Renacimiento Et\u00edope<\/a>, edificada sobre el Nilo Azul, informa <b>Marc Espa\u00f1ol<\/b> desde El Cairo. La tensi\u00f3n entre ambos pa\u00edses, de hecho, contin\u00faa siendo elevada y se ha intensificado despu\u00e9s de la inauguraci\u00f3n de la presa por parte de Addis Abeba a comienzos de septiembre, lo que reaviv\u00f3 los temores de El Cairo sobre su abastecimiento de agua, dado que la seguridad h\u00eddrica del pa\u00eds \u00e1rabe depende en gran medida del caudal del Nilo.<\/p>\n<p class=\"\">Estados Unidos actu\u00f3 como mediador en las estancadas conversaciones entre Etiop\u00eda, Egipto y Sud\u00e1n sobre la gesti\u00f3n de la presa en 2019, y al a\u00f1o siguiente acogi\u00f3 tres rondas de negociaciones que tampoco lograron cristalizar en un acuerdo. Posteriormente, Washington asumi\u00f3 un papel secundario como observador en otra serie de encuentros impulsados por la Uni\u00f3n Africana, y desde finales de 2023 no se han registrado intentos significativos de retomar el di\u00e1logo. El pasado julio, el propio Trump afirm\u00f3 que la gran presa segu\u00eda siendo \u201cun gran problema\u201d que estaban intentando resolver desde su Administraci\u00f3n.<\/p>\n<p class=\"\"><a href=\"https:\/\/elpais.com\/internacional\/2025-03-13\/armenia-y-azerbaiyan-alcanzan-un-acuerdo-de-paz-para-poner-fin-a-mas-de-30-anos-de-conflicto.html\" target=\"_self\" rel=\"nofollow noopener\" title=\"https:\/\/elpais.com\/internacional\/2025-03-13\/armenia-y-azerbaiyan-alcanzan-un-acuerdo-de-paz-para-poner-fin-a-mas-de-30-anos-de-conflicto.html\"><b>Armenia y Azerbaiy\u00e1n<\/b><\/a>. En este caso, los m\u00e1ximos representantes de los dos pa\u00edses enfrentados saludaron los esfuerzos de Trump para alcanzar un acuerdo y pidieron para \u00e9l el Premio Nobel de la Paz, informa <b>Andr\u00e9s Mourenza<\/b> desde Estambul. El pasado agosto, los l\u00edderes de Armenia, el primer ministro Nikol Pashini\u00e1n, y Azerbaiy\u00e1n, el presidente Ilham Aliyev, <a href=\"https:\/\/eur01.safelinks.protection.outlook.com\/?url=https%3A%2F%2Felpais.com%2Finternacional%2F2025-08-08%2Ftrump-recibe-a-los-lideres-de-armenia-y-azerbaiyan-para-firmar-un-acuerdo-de-paz.html&amp;data=05%7C02%7Cfperegil%40elpais.es%7C281d0ea8798c4a0c05ac08ddfb47dcf5%7Cc4fd49f3e15a44d882e2c909735d2e45%7C0%7C0%7C638943008246351536%7CUnknown%7CTWFpbGZsb3d8eyJFbXB0eU1hcGkiOnRydWUsIlYiOiIwLjAuMDAwMCIsIlAiOiJXaW4zMiIsIkFOIjoiTWFpbCIsIldUIjoyfQ%3D%3D%7C0%7C%7C%7C&amp;sdata=3zmnd%2BaK4A1NKJac5JmGPk4RhnevQQc1kOeSy1WR8jQ%3D&amp;reserved=0\" target=\"_self\" rel=\"nofollow noopener\" title=\"https:\/\/eur01.safelinks.protection.outlook.com\/?url=https%3A%2F%2Felpais.com%2Finternacional%2F2025-08-08%2Ftrump-recibe-a-los-lideres-de-armenia-y-azerbaiyan-para-firmar-un-acuerdo-de-paz.html&amp;data=05%7C02%7Cfperegil%40elpais.es%7C281d0ea8798c4a0c05ac08ddfb47dcf5%7Cc4fd49f3e15a44d882e2c909735d2e45%7C0%7C0%7C638943008246351536%7CUnknown%7CTWFpbGZsb3d8eyJFbXB0eU1hcGkiOnRydWUsIlYiOiIwLjAuMDAwMCIsIlAiOiJXaW4zMiIsIkFOIjoiTWFpbCIsIldUIjoyfQ%3D%3D%7C0%7C%7C%7C&amp;sdata=3zmnd%2BaK4A1NKJac5JmGPk4RhnevQQc1kOeSy1WR8jQ%3D&amp;reserved=0\">firmaron en la Casa Blanca junto a Donald Trump<\/a> una declaraci\u00f3n de intenciones por la que se compromet\u00edan a firmar un acuerdo de paz para establecer relaciones diplom\u00e1ticas y poner fin a m\u00e1s de tres d\u00e9cadas de conflicto entre ambos estados exsovi\u00e9ticos. <\/p>\n<p class=\"\">Ambas partes se disputaban el control<a href=\"https:\/\/eur01.safelinks.protection.outlook.com\/?url=https%3A%2F%2Felpais.com%2Finternacional%2F2023-09-22%2Fnagorno-karabaj-las-claves-de-largo-conflicto-en-el-que-ahora-se-impone-azerbaiyan-ante-la-pasividad-de-rusia.html&amp;data=05%7C02%7Cfperegil%40elpais.es%7C281d0ea8798c4a0c05ac08ddfb47dcf5%7Cc4fd49f3e15a44d882e2c909735d2e45%7C0%7C0%7C638943008246373573%7CUnknown%7CTWFpbGZsb3d8eyJFbXB0eU1hcGkiOnRydWUsIlYiOiIwLjAuMDAwMCIsIlAiOiJXaW4zMiIsIkFOIjoiTWFpbCIsIldUIjoyfQ%3D%3D%7C0%7C%7C%7C&amp;sdata=BQ7Jk5L4MO56C%2FaWDA5UQNPQkiEqLVYovXDx6zSxwbg%3D&amp;reserved=0\" rel=\"nofollow noopener\" title=\"Direcci\u00f3n URL original: https:\/\/elpais.com\/internacional\/2023-09-22\/nagorno-karabaj-las-claves-de-largo-conflicto-en-el-que-ahora-se-impone-azerbaiyan-ante-la-pasividad-de-rusia.html. Haga clic o pulse si conf\u00eda en este v\u00ednculo.\" target=\"_blank\"> la regi\u00f3n de Nagorno Karabaj<\/a> \u2014un enclave de poblaci\u00f3n mayoritariamente armenia en territorio azerbaiyano\u2014 que les ha enfrentado en dos guerras abiertas entre 1991 y 1994 y en 2020, as\u00ed como en numerosas escaramuzas a lo largo de su frontera com\u00fan, cobr\u00e1ndose m\u00e1s de 40.000 vidas. <\/p>\n<p class=\"\">En realidad, el grueso de las negociaciones sobre el acuerdo ya se hab\u00eda concluido en marzo, <a href=\"https:\/\/eur01.safelinks.protection.outlook.com\/?url=https%3A%2F%2Felpais.com%2Finternacional%2F2025-03-13%2Farmenia-y-azerbaiyan-alcanzan-un-acuerdo-de-paz-para-poner-fin-a-mas-de-30-anos-de-conflicto.html&amp;data=05%7C02%7Cfperegil%40elpais.es%7C281d0ea8798c4a0c05ac08ddfb47dcf5%7Cc4fd49f3e15a44d882e2c909735d2e45%7C0%7C0%7C638943008246388171%7CUnknown%7CTWFpbGZsb3d8eyJFbXB0eU1hcGkiOnRydWUsIlYiOiIwLjAuMDAwMCIsIlAiOiJXaW4zMiIsIkFOIjoiTWFpbCIsIldUIjoyfQ%3D%3D%7C0%7C%7C%7C&amp;sdata=TnQGDWtcMxvqEPa1oQWw7RY2CmgI8RseqOVWoHPtBbY%3D&amp;reserved=0\" rel=\"nofollow noopener\" title=\"Direcci\u00f3n URL original: https:\/\/elpais.com\/internacional\/2025-03-13\/armenia-y-azerbaiyan-alcanzan-un-acuerdo-de-paz-para-poner-fin-a-mas-de-30-anos-de-conflicto.html. Haga clic o pulse si conf\u00eda en este v\u00ednculo.\" target=\"_blank\">cuando ambos pa\u00edses lo anunciaron<\/a>. Lo \u00fanico que ha cambiado desde entonces es que el corredor que debe transcurrir por el sur de Armenia para permitir unir Azerbaiy\u00e1n con su exclave de Najichev\u00e1n se llamar\u00e1 TRIPP, las siglas en ingl\u00e9s de Ruta Trump para la Paz y la Prosperidad Internacional, y cuya concesi\u00f3n manejar\u00e1 Estados Unidos durante 99 a\u00f1os. En anteriores propuestas de paz, por ejemplo la pactada en 2020, esta ruta iba a quedar bajo el control de Rusia, algo que tanto Bak\u00fa como Erev\u00e1n desechan ahora, por lo que expertos regionales consideran que la inclusi\u00f3n de Washington en la ecuaci\u00f3n pueden permitir cierta protecci\u00f3n ante la oposici\u00f3n de Mosc\u00fa al actual plan de paz. Sin embargo, el tratado de paz final a\u00fan no ha sido firmado ni ratificado, pues Azerbaiy\u00e1n exige a Armenia que reforme su Constituci\u00f3n para eliminar cualquier reivindicaci\u00f3n sobre Nagorno Karabaj.<\/p>\n<p><script async src=\"https:\/\/platform.twitter.com\/widgets.js\" charset=\"utf-8\"><\/script><\/p>\n","protected":false},"excerpt":{"rendered":"Donald Trump se present\u00f3 el martes ante los l\u00edderes de 192 pa\u00edses en la Asamblea General de la&hellip;\n","protected":false},"author":2,"featured_media":135607,"comment_status":"","ping_status":"","sticky":false,"template":"","format":"standard","meta":{"footnotes":""},"categories":[42],"tags":[17705,8738,17707,17,18,2067,70,71,72,5284,20371,700,13,14,69,7082,11,61,62,63,64,3137,74,13498,19,20,9,10,15,16,1613,25063,1614,5389,2066,12,7081,21,22,1617,65,66,67],"class_list":{"0":"post-135606","1":"post","2":"type-post","3":"status-publish","4":"format-standard","5":"has-post-thumbnail","7":"category-internacional","8":"tag-armenia","9":"tag-ataques-militares","10":"tag-azerbaiyan","11":"tag-breaking-news","12":"tag-breakingnews","13":"tag-camboya","14":"tag-conflictos","15":"tag-conflictos-armados","16":"tag-conflictos-internacionales","17":"tag-egipto","18":"tag-etiopia","19":"tag-europa","20":"tag-featured-news","21":"tag-featurednews","22":"tag-guerra","23":"tag-guerra-de-rusia-en-ucrania","24":"tag-headlines","25":"tag-internacional","26":"tag-international","27":"tag-international-news","28":"tag-internationalnews","29":"tag-iran","30":"tag-israel","31":"tag-kosovo","32":"tag-latest-news","33":"tag-latestnews","34":"tag-news","35":"tag-noticias","36":"tag-noticias-destacadas","37":"tag-noticiasdestacadas","38":"tag-otan","39":"tag-ruanda","40":"tag-rusia","41":"tag-serbia","42":"tag-tailandia","43":"tag-titulares","44":"tag-ucrania","45":"tag-ultimas-noticias","46":"tag-ultimasnoticias","47":"tag-union-europea","48":"tag-world","49":"tag-world-news","50":"tag-worldnews"},"share_on_mastodon":{"url":"","error":""},"_links":{"self":[{"href":"https:\/\/www.europesays.com\/es\/wp-json\/wp\/v2\/posts\/135606","targetHints":{"allow":["GET"]}}],"collection":[{"href":"https:\/\/www.europesays.com\/es\/wp-json\/wp\/v2\/posts"}],"about":[{"href":"https:\/\/www.europesays.com\/es\/wp-json\/wp\/v2\/types\/post"}],"author":[{"embeddable":true,"href":"https:\/\/www.europesays.com\/es\/wp-json\/wp\/v2\/users\/2"}],"replies":[{"embeddable":true,"href":"https:\/\/www.europesays.com\/es\/wp-json\/wp\/v2\/comments?post=135606"}],"version-history":[{"count":0,"href":"https:\/\/www.europesays.com\/es\/wp-json\/wp\/v2\/posts\/135606\/revisions"}],"wp:featuredmedia":[{"embeddable":true,"href":"https:\/\/www.europesays.com\/es\/wp-json\/wp\/v2\/media\/135607"}],"wp:attachment":[{"href":"https:\/\/www.europesays.com\/es\/wp-json\/wp\/v2\/media?parent=135606"}],"wp:term":[{"taxonomy":"category","embeddable":true,"href":"https:\/\/www.europesays.com\/es\/wp-json\/wp\/v2\/categories?post=135606"},{"taxonomy":"post_tag","embeddable":true,"href":"https:\/\/www.europesays.com\/es\/wp-json\/wp\/v2\/tags?post=135606"}],"curies":[{"name":"wp","href":"https:\/\/api.w.org\/{rel}","templated":true}]}}