{"id":135614,"date":"2025-09-24T12:05:07","date_gmt":"2025-09-24T12:05:07","guid":{"rendered":"https:\/\/www.europesays.com\/es\/135614\/"},"modified":"2025-09-24T12:05:07","modified_gmt":"2025-09-24T12:05:07","slug":"denuncian-una-ayuda-encubierta-a-una-escuela-taurina-de-palencia-con-los-fondos-publicos-de-santander-a-la-plaza-de-toros","status":"publish","type":"post","link":"https:\/\/www.europesays.com\/es\/135614\/","title":{"rendered":"Denuncian una \u00abayuda encubierta\u00bb a una escuela taurina de Palencia con los fondos p\u00fablicos de Santander a la plaza de toros"},"content":{"rendered":"<p class=\"article-text\">\n        La Fundaci\u00f3n Franz Weber ha criticado la aportaci\u00f3n del Ayuntamiento de Santander a la Sociedad Plaza de Toros, <a href=\"https:\/\/www.eldiario.es\/cantabria\/ultimas-noticias\/santander-duplicara-2026-aportacion-plaza-toros-70-000-euros_1_12624834.html\" target=\"_blank\" data-mrf-recirculation=\"links-noticia\" class=\"link\" rel=\"nofollow noopener\">de 70.000 euros en 2026, el doble que ahora<\/a>, y ha denunciado que esto supone una \u201cayuda encubierta\u201d a una escuela taurina registrada fuera de Cantabria.\n    <\/p>\n<p class=\"article-text\">\n        La ONG asegura al respecto que la empresa p\u00fablica anunci\u00f3 la cesi\u00f3n del coso de Cuatro Caminos a \u201cuna entidad privada radicada en Palencia que hace un tiempo se invent\u00f3 una escuela taurina\u201d, que adem\u00e1s \u201cperdi\u00f3 gran parte de su alumnado 365 d\u00edas despu\u00e9s de su inauguraci\u00f3n\u201d.\n    <\/p>\n<p class=\"article-text\">\n        Ahora, avisan desde FFW, esa entidad palentina \u201cdispondr\u00e1 de un equipamiento p\u00fablico seguramente a coste cero\u201d, mientras asociaciones y colectivos de la capital c\u00e1ntabra \u201csiguen sin espacios adecuados para el desarrollo de sus actividades\u201d.\u00a0 Desde la fundaci\u00f3n, que en a\u00f1os anteriores denunci\u00f3 la \u201cimportante deuda\u201d y \u201cdispendios\u201d de la Sociedad Plaza de Toros, animan a la oposici\u00f3n al equipo de Gobierno del PP en Santander a \u201cfiscalizar este nuevo incremento de gasto p\u00fablico relacionado con la tauromaquia\u201d.\n    <\/p>\n<p class=\"article-text\">\n        Seg\u00fan el Ayuntamiento, el presupuesto del pr\u00f3ximo a\u00f1o -que aprobar\u00e1 este viernes, 26 de septiembre, el Consejo de Administraci\u00f3n de la Plaza de Toros- ser\u00e1 para continuar con el proceso de mejora del coso de Cuatro Caminos (sustituci\u00f3n de maderas de los bancos de tendidos, adecuaci\u00f3n de los ba\u00f1os y el museo), adem\u00e1s de contribuir a la financiaci\u00f3n de los gastos corrientes de la entidad, que cuenta con una trabajadora en plantilla. Adem\u00e1s, el Consistorio apuntaba que a lo largo de 2026 tambi\u00e9n ser\u00e1 necesario un mantenimiento continuo de las instalaciones, ya que la plaza se ha cedido de manera \u201cpuntual\u201d para el uso de la escuela taurina.\n    <\/p>\n<p>    \u201cEspacio cultural multiusos\u201d<\/p>\n<p class=\"article-text\">\n        Por otro lado, el concejal de Izquierda Unida (IU) ha reclamado que se transforme la plaza de toros de la ciudad en un equipamiento cultural de uso permanente, frente a la decisi\u00f3n del equipo de gobierno del PP de duplicar la aportaci\u00f3n municipal.\n    <\/p>\n<p class=\"article-text\">\n        Mart\u00ednez considera que \u201ces un sinsentido destinar cada vez m\u00e1s recursos p\u00fablicos a mantener un edificio cerrado diez meses al a\u00f1o, y que cada a\u00f1o necesita dinero del Ayuntamiento para cuadrar sus cuentas por ser la \u00fanica empresa p\u00fablica deficitaria, cuando la ciudad carece de un auditorio o teatro municipal y los centros culturales existentes sobreviven con medios muy limitados\u201d.\n    <\/p>\n<p class=\"article-text\">\n        El concejal, que presentar\u00e1 ma\u00f1ana una moci\u00f3n al Pleno, defiende que esta situaci\u00f3n no solo es \u201cineficiente\u201d, sino que impide aprovechar el \u201cpotencial\u201d de un espacio de m\u00e1s de 4.000 metros cuadrados, ubicado \u201cen pleno coraz\u00f3n de la ciudad\u201d, que podr\u00eda convertirse en un motor cultural y social.\n    <\/p>\n<p>    <a href=\"https:\/\/www.eldiario.es\/cantabria\/ultimas-noticias\/santander-duplicara-2026-aportacion-plaza-toros-70-000-euros_1_12624834.html\" data-mrf-recirculation=\"saber-mas-abajo\" data-dl-event=\"saber-mas-abajo\" rel=\"nofollow noopener\" target=\"_blank\"><\/p>\n<p class=\"know-more__title\">Santander duplicar\u00e1 en 2026 el dinero p\u00fablico destinado a la plaza de toros\n<\/p>\n<p>            <img decoding=\"async\" class=\"lazy\" loading=\"lazy\" data-src=\"https:\/\/static.eldiario.es\/clip\/e2bad555-fd51-41db-88cd-a6c2fa07372b_16-9-aspect-ratio_default_0.jpg\" src=\"data:image\/svg+xml,%3Csvg xmlns=\" http:=\"\" viewbox=\"0 0 880 495\" alt=\"Santander duplicar\u00e1 en 2026 el dinero p\u00fablico destinado a la plaza de toros\"\/><\/p>\n<p>                        <\/a><\/p>\n<p class=\"article-text\">\n        \u201cCada euro destinado a sostener este modelo caduco es un euro que se le quita a la posibilidad de contar con conciertos, ciclos de cine, ferias, talleres o actividades educativas de titularidad p\u00fablica y accesibles a toda la ciudadan\u00eda\u201d, ha recalcado. La moci\u00f3n plantea que se encargue un estudio t\u00e9cnico de viabilidad econ\u00f3mica, jur\u00eddica y arquitect\u00f3nica para reconvertir la plaza en un centro multifuncional de car\u00e1cter p\u00fablico.\n    <\/p>\n","protected":false},"excerpt":{"rendered":"La Fundaci\u00f3n Franz Weber ha criticado la aportaci\u00f3n del Ayuntamiento de Santander a la Sociedad Plaza de Toros,&hellip;\n","protected":false},"author":2,"featured_media":135615,"comment_status":"","ping_status":"","sticky":false,"template":"","format":"standard","meta":{"footnotes":""},"categories":[277],"tags":[517,373,2771,168,25,24,952,964,492,23,167,374],"class_list":{"0":"post-135614","1":"post","2":"type-post","3":"status-publish","4":"format-standard","5":"has-post-thumbnail","7":"category-toreo","8":"tag-actualidad","9":"tag-bullfighting","10":"tag-cantabria","11":"tag-deportes","12":"tag-es","13":"tag-espana","14":"tag-politica","15":"tag-santander","16":"tag-sociedad","17":"tag-spain","18":"tag-sports","19":"tag-toreo"},"share_on_mastodon":{"url":"","error":""},"_links":{"self":[{"href":"https:\/\/www.europesays.com\/es\/wp-json\/wp\/v2\/posts\/135614","targetHints":{"allow":["GET"]}}],"collection":[{"href":"https:\/\/www.europesays.com\/es\/wp-json\/wp\/v2\/posts"}],"about":[{"href":"https:\/\/www.europesays.com\/es\/wp-json\/wp\/v2\/types\/post"}],"author":[{"embeddable":true,"href":"https:\/\/www.europesays.com\/es\/wp-json\/wp\/v2\/users\/2"}],"replies":[{"embeddable":true,"href":"https:\/\/www.europesays.com\/es\/wp-json\/wp\/v2\/comments?post=135614"}],"version-history":[{"count":0,"href":"https:\/\/www.europesays.com\/es\/wp-json\/wp\/v2\/posts\/135614\/revisions"}],"wp:featuredmedia":[{"embeddable":true,"href":"https:\/\/www.europesays.com\/es\/wp-json\/wp\/v2\/media\/135615"}],"wp:attachment":[{"href":"https:\/\/www.europesays.com\/es\/wp-json\/wp\/v2\/media?parent=135614"}],"wp:term":[{"taxonomy":"category","embeddable":true,"href":"https:\/\/www.europesays.com\/es\/wp-json\/wp\/v2\/categories?post=135614"},{"taxonomy":"post_tag","embeddable":true,"href":"https:\/\/www.europesays.com\/es\/wp-json\/wp\/v2\/tags?post=135614"}],"curies":[{"name":"wp","href":"https:\/\/api.w.org\/{rel}","templated":true}]}}