{"id":135616,"date":"2025-09-24T12:06:18","date_gmt":"2025-09-24T12:06:18","guid":{"rendered":"https:\/\/www.europesays.com\/es\/135616\/"},"modified":"2025-09-24T12:06:18","modified_gmt":"2025-09-24T12:06:18","slug":"bare-knuckle-o-la-ufc-la-ultima-encrucijada-de-conor-mcgregor-para-poner-fin-a-su-carrera","status":"publish","type":"post","link":"https:\/\/www.europesays.com\/es\/135616\/","title":{"rendered":"\u00bfBare Knuckle o la UFC? La \u00faltima encrucijada de Conor McGregor para poner fin a su carrera"},"content":{"rendered":"<p data-gtm-element-container=\"modulo-texto-link\" class=\"paragraph\"><strong>Conor McGregor<\/strong> parece ir en serio con su nuevo regreso a la acci\u00f3n. El irland\u00e9s entr\u00f3 en el programa anti-doping de la UFC este mismo verano, despu\u00e9s de unos turbulentos a\u00f1os envuelto en pol\u00e9micas fuera del oct\u00e1gono, que han perjudicado a su imagen como deportista. Ahora, tras las declaraciones de Dana White, <strong>The Notorious es el favorito en las quinielas para protagonizar la hist\u00f3rica velada de la compa\u00f1\u00eda de MMA en la Casa Blanca<\/strong>, en el verano del a\u00f1o 2026.<\/p>\n<p data-gtm-element-container=\"modulo-texto-link\" class=\"paragraph\">La leyenda de las artes marciales mixtas, sin embargo, tambi\u00e9n tiene m\u00e1s frentes abiertos. <strong>Bare Knuckle FC<\/strong>, la compa\u00f1\u00eda de la que es accionista, <strong>espera tambi\u00e9n sus servicios<\/strong>.\u00a0David Feldman, el presidente de la compa\u00f1\u00eda, predice un futuro del conglomerado de boxeo a pu\u00f1o limpio con el irland\u00e9s dentro del ring: \u00ab\u00bfPelear en BKFC? Creo que depende del resultado de la cartelera de la Casa Blanca. S<strong>i gana la cartelera de la Casa Blanca, y tengo motivos para creerlo, sin importar contra qui\u00e9n pelee, ganar\u00e1.<\/strong> Porque lo van a enfrentar contra alguien que ser\u00e1 una pelea muy justa para \u00e9l. No lo van a enfrentar contra un joven talento que tal vez no deber\u00eda ser enfrentado a estas alturas de su carrera. Pero lo van a enfrentar como es debido, s\u00e9 que lo har\u00e1n porque ser\u00eda l\u00f3gico para la promotora\u00bb, admiti\u00f3, en una entrevista para MMA Fighting.<\/p>\n<p data-gtm-element-container=\"modulo-texto-link\" class=\"paragraph\">\u00ab<strong>Si gana, si se ve bien en esa pelea, pelear\u00e1 otra. Si eso sucede, apuesto al 100% a que pelear\u00e1 por BKFC<\/strong>. \u00bfPor qu\u00e9 no lo har\u00eda? \u00bfQu\u00e9 har\u00eda por la valoraci\u00f3n de la compa\u00f1\u00eda si pelea por BKFC? <strong>Duplicar\u00eda o triplicar\u00eda su inter\u00e9s<\/strong>, y eso es mucho m\u00e1s de lo que conseguir\u00eda peleando en cualquier otro lugar\u00bb, a\u00f1adi\u00f3.<\/p>\n<p data-gtm-element-container=\"modulo-texto-link\" class=\"paragraph\">El propio Conor McGregor <strong>transmiti\u00f3 su intenci\u00f3n de pelear dentro de Bare Knuckle FC<\/strong>. Fue en febrero, en una de sus intervenciones para la prensa, donde dej\u00f3 claro que su futuro como deportista pasa por el boxeo sin guantes: \u00abPelear\u00e9 aqu\u00ed, con total seguridad. Si crees que estoy aqu\u00ed dando estos discursos y guiando a estos hombres a la batalla y no intervendr\u00e9 yo mismo, pi\u00e9nsalo de nuevo. <strong>Con seguridad. Conor McGregor pelear\u00e1 en el Bare Knuckle Fighting Championship<\/strong>, recuerda mis palabras\u00bb, dijo.<\/p>\n<p>    Lee tambi\u00e9n<\/p>\n<p data-gtm-element-container=\"modulo-texto-link\" class=\"paragraph\"><strong>\u00bfTendr\u00e1 tiempo Conor McGregor de realizar un buen papel en ambas compa\u00f1\u00edas?<\/strong> La UFC ya tienta al irland\u00e9s y coloca a sus aspiraciones dentro del evento principal de la Casa Blanca. Sin embargo, es BKFC la compa\u00f1\u00eda que quiere tener las \u00faltimas funciones de The Notorious como deportista profesional, y no descarta su candidatura pese a un hipot\u00e9tico regreso al oct\u00e1gono de la leyenda.<\/p>\n","protected":false},"excerpt":{"rendered":"Conor McGregor parece ir en serio con su nuevo regreso a la acci\u00f3n. El irland\u00e9s entr\u00f3 en el&hellip;\n","protected":false},"author":2,"featured_media":135617,"comment_status":"","ping_status":"","sticky":false,"template":"","format":"standard","meta":{"footnotes":""},"categories":[276],"tags":[168,25,24,23,167,343],"class_list":{"0":"post-135616","1":"post","2":"type-post","3":"status-publish","4":"format-standard","5":"has-post-thumbnail","7":"category-ufc","8":"tag-deportes","9":"tag-es","10":"tag-espana","11":"tag-spain","12":"tag-sports","13":"tag-ufc"},"share_on_mastodon":{"url":"","error":""},"_links":{"self":[{"href":"https:\/\/www.europesays.com\/es\/wp-json\/wp\/v2\/posts\/135616","targetHints":{"allow":["GET"]}}],"collection":[{"href":"https:\/\/www.europesays.com\/es\/wp-json\/wp\/v2\/posts"}],"about":[{"href":"https:\/\/www.europesays.com\/es\/wp-json\/wp\/v2\/types\/post"}],"author":[{"embeddable":true,"href":"https:\/\/www.europesays.com\/es\/wp-json\/wp\/v2\/users\/2"}],"replies":[{"embeddable":true,"href":"https:\/\/www.europesays.com\/es\/wp-json\/wp\/v2\/comments?post=135616"}],"version-history":[{"count":0,"href":"https:\/\/www.europesays.com\/es\/wp-json\/wp\/v2\/posts\/135616\/revisions"}],"wp:featuredmedia":[{"embeddable":true,"href":"https:\/\/www.europesays.com\/es\/wp-json\/wp\/v2\/media\/135617"}],"wp:attachment":[{"href":"https:\/\/www.europesays.com\/es\/wp-json\/wp\/v2\/media?parent=135616"}],"wp:term":[{"taxonomy":"category","embeddable":true,"href":"https:\/\/www.europesays.com\/es\/wp-json\/wp\/v2\/categories?post=135616"},{"taxonomy":"post_tag","embeddable":true,"href":"https:\/\/www.europesays.com\/es\/wp-json\/wp\/v2\/tags?post=135616"}],"curies":[{"name":"wp","href":"https:\/\/api.w.org\/{rel}","templated":true}]}}