{"id":135624,"date":"2025-09-24T12:13:08","date_gmt":"2025-09-24T12:13:08","guid":{"rendered":"https:\/\/www.europesays.com\/es\/135624\/"},"modified":"2025-09-24T12:13:08","modified_gmt":"2025-09-24T12:13:08","slug":"isco-y-sara-salamo-a-pesar-de-los-tipicos-roces-de-pareja-lo-hemos-disfrutado","status":"publish","type":"post","link":"https:\/\/www.europesays.com\/es\/135624\/","title":{"rendered":"Isco y Sara S\u00e1lamo: \u00abA pesar de los t\u00edpicos roces de pareja, lo hemos disfrutado\u00bb"},"content":{"rendered":"<p>El f\u00fatbol se reinventa. Si Sergio Ramos se atreve con la m\u00fasica, Isco Alarc\u00f3n (Benalm\u00e1dena, 1992) da el salto al cine. &#8216;En silencio&#8217;, el documental  &#8230; que narra su dura lesi\u00f3n y recuperaci\u00f3n, se ha estrenado mundialmente en el Zinemaldia y recurre para la direcci\u00f3n de esta historia \u00edntima, contada desde dentro, a la c\u00e1mara de su pareja, la actriz Sara S\u00e1lamo (Santa Cruz de Tenerife, 1992). Y todo, en silencio.<\/p>\n<p class=\"v-p\"><strong>\u2013 \u00abEl silencio frente al ruido\u00bb. \u00bfDe ah\u00ed viene el t\u00edtulo?<\/strong><\/p>\n<p class=\"v-p\">\u2013Sara S\u00e1lamo: Exacto. Tiene que ver tanto con lo que ocurre en la pel\u00edcula como con la personalidad de Isco. Es un relato de alguien que trabaja en silencio mientras todo a su alrededor hace ruido.<\/p>\n<p class=\"v-p\"><strong>\u2013 \u00bfQui\u00e9n decidi\u00f3 filmarlo?<\/strong><\/p>\n<p class=\"v-p\">\u2013 Isco Alarc\u00f3n: En realidad, fue una propuesta del Betis. Quer\u00edan hacer una pieza corta sobre mi recuperaci\u00f3n y en ese momento pens\u00e9 en Sara. Ella vive conmigo y sent\u00ed que era la persona perfecta para contar esta historia.<\/p>\n<p class=\"v-p\"><strong>\u2013 \u00bfC\u00f3mo era un d\u00eda de grabaci\u00f3n? \u00bfLo planificaban o directamente \u00a1zas!, a rodar?<\/strong><\/p>\n<p class=\"v-p\">\u2013 S. S.: Hab\u00eda dos tipos de rodaje. Por un lado, lo que estaba preparado, pero luego hab\u00eda momentos en los que simplemente necesitaba grabar lo que estaba pasando, porque era importante para la historia. Y claro, no siempre era el mejor momento&#8230;<\/p>\n<p class=\"v-p\"><strong>\u2013 \u00bfQu\u00e9 han aprendido uno del otro trabajando juntos?<\/strong><\/p>\n<p class=\"v-p\">\u2013 I.A.: Ha sido una experiencia nueva. A pesar de los t\u00edpicos roces de pareja, lo hemos disfrutado. Me ha encantado verla de cerca, c\u00f3mo se toma las cosas, lo met\u00f3dica que es. No deja nada al azar. Estoy muy orgulloso.<\/p>\n<p class=\"v-p\">\u2013 S. S.: Como me est\u00e1 echando tantos piropos, yo te digo que quedas muy bien a c\u00e1mara. Lo dice todo el mundo. Dentro de poco, me va a quitar el trabajo.<\/p>\n<p class=\"v-p\"><strong>\u2013 \u00bfCreen que se parecen el f\u00fatbol y la interpretaci\u00f3n?<\/strong><\/p>\n<p class=\"v-p\">\u2013S. S.: S\u00ed, en el fondo trabajamos para entretener. La gente va al f\u00fatbol o al cine para desconectar, para emocionarse.<\/p>\n<p class=\"v-p\">\u2013I.A.: La diferencia es que el f\u00fatbol es mucho m\u00e1s ruidoso. En el cine, el p\u00fablico est\u00e1 en silencio, pero en un estadio&#8230;<\/p>\n<p class=\"v-p\">\u2013S. S.: Aun as\u00ed, los dos mundos tienen una puesta en escena, un espect\u00e1culo detr\u00e1s.<\/p>\n<p class=\"v-p\"><strong>\u2013 \u00bfA gusto en Donostia? Llegan despu\u00e9s de la derrota (3-1) del Betis contra la Real&#8230;<\/strong><\/p>\n<p class=\"v-p\">\u2013I.A.: (risas) S\u00ed. He venido muchas veces a jugar, pero sin tiempo. Esta vez he podido pasear, aunque no mucho, y me ha parecido preciosa. Ojal\u00e1 pueda conocerla mejor.<\/p>\n<p class=\"v-p\"><strong>\u2013 Si tuvieran que intercambiarse las profesiones, \u00bfqu\u00e9 elegir\u00edan?<\/strong><\/p>\n<p class=\"v-p\">\u2013S.S.: Yo ser\u00eda entrenadora.<\/p>\n<p class=\"v-p\"><strong>\u2013 \u00bfPor qu\u00e9?<\/strong><\/p>\n<p class=\"v-p\">\u2013S.S.: Veo muchas semejanzas a mi oficio. Es como dirigir una orquesta, como en una peli: ver con qu\u00e9 cartas juegas y c\u00f3mo sacar lo mejor de cada pieza. \u00bfY t\u00fa? (A Isco).<\/p>\n<p class=\"v-p\">\u2013I.A.:\u00bfYo?No lo tengo tan claro. \u00bfT\u00fa qu\u00e9 opinas?(A Sara).<\/p>\n<p class=\"v-p\">\u2013S.S.: T\u00fa ser\u00edas protagonista seguro (risas). Ya hicimos una serie juntos durante el confinamiento. Se siente c\u00f3modo delante de la c\u00e1mara, pero lo que peor lleva es tener que esperar tanto. En los rodajes hay que esperar mucho. Se pasa una la vida esperando&#8230;<\/p>\n<p class=\"v-p\">\u2013I.A.: Yo alg\u00fan papelillo muy de vez en cuando, sin dejarme ver mucho&#8230;<\/p>\n<p class=\"v-p\"><strong>\u2013 \u00bfPodr\u00eda Isco Alarc\u00f3n recoger una Concha de Plata como actor el pr\u00f3ximo a\u00f1o?<\/strong><\/p>\n<p class=\"v-p\">\u2013I.A.: \u00a1No, no! Para ella, que se la merece m\u00e1s.<\/p>\n","protected":false},"excerpt":{"rendered":"El f\u00fatbol se reinventa. Si Sergio Ramos se atreve con la m\u00fasica, Isco Alarc\u00f3n (Benalm\u00e1dena, 1992) da el&hellip;\n","protected":false},"author":2,"featured_media":135625,"comment_status":"","ping_status":"","sticky":false,"template":"","format":"standard","meta":{"footnotes":""},"categories":[174],"tags":[255,42988,146,147,25,24,256,18527,2477,11110,21418,42986,10406,23,42987],"class_list":{"0":"post-135624","1":"post","2":"type-post","3":"status-publish","4":"format-standard","5":"has-post-thumbnail","7":"category-famosos","8":"tag-celebrities","9":"tag-disfrutado","10":"tag-entertainment","11":"tag-entretenimiento","12":"tag-es","13":"tag-espana","14":"tag-famosos","15":"tag-isco","16":"tag-pareja","17":"tag-pesar","18":"tag-roces","19":"tag-salamo","20":"tag-sara","21":"tag-spain","22":"tag-tipicos"},"share_on_mastodon":{"url":"","error":""},"_links":{"self":[{"href":"https:\/\/www.europesays.com\/es\/wp-json\/wp\/v2\/posts\/135624","targetHints":{"allow":["GET"]}}],"collection":[{"href":"https:\/\/www.europesays.com\/es\/wp-json\/wp\/v2\/posts"}],"about":[{"href":"https:\/\/www.europesays.com\/es\/wp-json\/wp\/v2\/types\/post"}],"author":[{"embeddable":true,"href":"https:\/\/www.europesays.com\/es\/wp-json\/wp\/v2\/users\/2"}],"replies":[{"embeddable":true,"href":"https:\/\/www.europesays.com\/es\/wp-json\/wp\/v2\/comments?post=135624"}],"version-history":[{"count":0,"href":"https:\/\/www.europesays.com\/es\/wp-json\/wp\/v2\/posts\/135624\/revisions"}],"wp:featuredmedia":[{"embeddable":true,"href":"https:\/\/www.europesays.com\/es\/wp-json\/wp\/v2\/media\/135625"}],"wp:attachment":[{"href":"https:\/\/www.europesays.com\/es\/wp-json\/wp\/v2\/media?parent=135624"}],"wp:term":[{"taxonomy":"category","embeddable":true,"href":"https:\/\/www.europesays.com\/es\/wp-json\/wp\/v2\/categories?post=135624"},{"taxonomy":"post_tag","embeddable":true,"href":"https:\/\/www.europesays.com\/es\/wp-json\/wp\/v2\/tags?post=135624"}],"curies":[{"name":"wp","href":"https:\/\/api.w.org\/{rel}","templated":true}]}}