{"id":135630,"date":"2025-09-24T12:16:15","date_gmt":"2025-09-24T12:16:15","guid":{"rendered":"https:\/\/www.europesays.com\/es\/135630\/"},"modified":"2025-09-24T12:16:15","modified_gmt":"2025-09-24T12:16:15","slug":"un-emocionado-kimmel-regresa-a-abc-y-critica-los-ataques-antiestadounidenses-de-trump-contra-la-libertad-de-expresion","status":"publish","type":"post","link":"https:\/\/www.europesays.com\/es\/135630\/","title":{"rendered":"Un emocionado Kimmel regresa a ABC y critica los ataques \u00abantiestadounidenses\u00bb de Trump contra la libertad de expresi\u00f3n"},"content":{"rendered":"<p>      CNN<br \/>\n        \u00a0\u2014\u00a0<\/p>\n<p class=\"paragraph inline-placeholder vossi-paragraph\" data-uri=\"es.cms.cnn.com\/_components\/paragraph\/instances\/cmfxmfdmt0000356n4zxsbnt6@published\" data-editable=\"text\" data-component-name=\"paragraph\" data-article-gutter=\"true\">\n            <a href=\"https:\/\/www.cnn.com\/2025\/09\/22\/entertainment\/jimmy-kimmel-returning\" rel=\"nofollow noopener\" target=\"_blank\">Jimmy Kimmel regres\u00f3<\/a> a su programa nocturno este martes por la noche e inst\u00f3 a los espectadores a plantar cara a las amenazas del presidente Trump, quien poco antes de la emisi\u00f3n del programa, envi\u00f3 una nueva amenaza contra la cadena del presentador, ABC.\n    <\/p>\n<p class=\"paragraph inline-placeholder vossi-paragraph\" data-uri=\"es.cms.cnn.com\/_components\/paragraph\/instances\/cmfxmivce000w356n5c9ujff2@published\" data-editable=\"text\" data-component-name=\"paragraph\" data-article-gutter=\"true\">\n            En un mon\u00f3logo elocuente y emotivo, Kimmel critic\u00f3 los esfuerzos \u201cantiestadounidenses\u201d para restringir la libertad de expresi\u00f3n en el pa\u00eds y se\u00f1al\u00f3 que no moderar\u00e1 sus cr\u00edticas al presidente despu\u00e9s de una suspensi\u00f3n de casi una semana de su programa en medio de la presi\u00f3n de la administraci\u00f3n Trump.\n    <\/p>\n<p class=\"paragraph inline-placeholder vossi-paragraph\" data-uri=\"es.cms.cnn.com\/_components\/paragraph\/instances\/cmfxmivce000x356nh3huitv8@published\" data-editable=\"text\" data-component-name=\"paragraph\" data-article-gutter=\"true\">\n            \u201cEste programa no es importante\u201d, dijo Kimmel a los espectadores. \u201cLo importante es que vivimos en un pa\u00eds que nos permite tener un programa como este\u201d.\n    <\/p>\n<p class=\"paragraph inline-placeholder vossi-paragraph\" data-uri=\"es.cms.cnn.com\/_components\/paragraph\/instances\/cmfxmivce000y356nhjjn7ijw@published\" data-editable=\"text\" data-component-name=\"paragraph\" data-article-gutter=\"true\">\n            Kimmel habl\u00f3 sobre pasar tiempo con comediantes de pa\u00edses donde la gente \u201ces encarcelada por burlarse de los que est\u00e1n en el poder, y cosas peores\u201d.\n    <\/p>\n<p class=\"paragraph inline-placeholder vossi-paragraph\" data-uri=\"es.cms.cnn.com\/_components\/paragraph\/instances\/cmfxmj5v70012356ng63vjk9p@published\" data-editable=\"text\" data-component-name=\"paragraph\" data-article-gutter=\"true\">\n            \u201cSaben lo afortunados que somos aqu\u00ed\u201d, dijo Kimmel. \u201cNuestra libertad de expresi\u00f3n es lo que m\u00e1s admiran de este pa\u00eds, y me averg\u00fcenza decir que lo daba por sentado hasta que sacaron a mi amigo Stephen del aire\u201d, en referencia al presentador de CBS Stephen Colbert, \u201ce intentaron obligar a las afiliadas que distribuyen nuestro programa en las ciudades donde ustedes viven a que lo sacaran del aire. Eso no es legal. Eso no es estadounidense. Eso es antiestadounidense\u201d.\n    <\/p>\n<p class=\"paragraph inline-placeholder vossi-paragraph\" data-uri=\"es.cms.cnn.com\/_components\/paragraph\/instances\/cmfxmjcva0018356n43d567dn@published\" data-editable=\"text\" data-component-name=\"paragraph\" data-article-gutter=\"true\">\n            Kimmel predijo que ABC y su empresa matriz Disney estar\u00edan bajo mayor escrutinio por parte de la administraci\u00f3n Trump por restablecer su programa \u201cJimmy Kimmel Live!\u201d, d\u00edas despu\u00e9s de que Trump dijera err\u00f3neamente que Kimmel hab\u00eda sido \u201cdespedido\u201d.\n    <\/p>\n<p class=\"paragraph inline-placeholder vossi-paragraph\" data-uri=\"es.cms.cnn.com\/_components\/paragraph\/instances\/cmfxmjcva0019356nirkf3fgn@published\" data-editable=\"text\" data-component-name=\"paragraph\" data-article-gutter=\"true\">\n            Al se\u00f1alar que <a href=\"https:\/\/www.cnn.com\/2025\/09\/18\/politics\/critic-crackdown-trump-kimmel-abc\" rel=\"nofollow noopener\" target=\"_blank\">Trump apoy\u00f3 abiertamente<\/a> la cancelaci\u00f3n de Kimmel (y, por ende, la p\u00e9rdida de trabajo para sus empleados), el comediante dijo: \u201cNuestro l\u00edder celebra que los estadounidenses pierdan sus medios de vida porque no puede aceptar una broma\u201d.\n    <\/p>\n<p class=\"paragraph inline-placeholder vossi-paragraph\" data-uri=\"es.cms.cnn.com\/_components\/paragraph\/instances\/cmfxmjcva001a356np42z5puh@published\" data-editable=\"text\" data-component-name=\"paragraph\" data-article-gutter=\"true\">\n            Kimmel se\u00f1al\u00f3 que Trump tambi\u00e9n ha pedido a la NBC que despida a Jimmy Fallon, presentador de \u201cTonight Show\u201d. \u201cEspero que si eso sucede, o si hay alg\u00fan indicio de que suceda, se hagan o\u00edr diez veces m\u00e1s fuerte que esta semana\u201d, dijo Kimmel. \u201cTenemos que alzar la voz contra esto\u201d, a\u00f1adi\u00f3 entre los v\u00edtores de aprobaci\u00f3n del p\u00fablico en el estudio.\n    <\/p>\n<p class=\"paragraph inline-placeholder vossi-paragraph\" data-uri=\"es.cms.cnn.com\/_components\/paragraph\/instances\/cmfxmjazq0016356nmmvkhjqz@published\" data-editable=\"text\" data-component-name=\"paragraph\" data-article-gutter=\"true\">\n            Los asistentes dijeron a CNN que Kimmel recibi\u00f3 una ovaci\u00f3n de pie de varios minutos cuando subi\u00f3 al escenario para la grabaci\u00f3n del martes por la noche.\n    <\/p>\n<p class=\"paragraph inline-placeholder vossi-paragraph\" data-uri=\"es.cms.cnn.com\/_components\/paragraph\/instances\/cmfxmjmuz001f356nm83va7zs@published\" data-editable=\"text\" data-component-name=\"paragraph\" data-article-gutter=\"true\">\n            Conteniendo las l\u00e1grimas, Kimmel agradeci\u00f3 a quienes lo apoyaron durante su suspensi\u00f3n, incluyendo a una larga lista de colegas comediantes. \u201cQuiz\u00e1s sobre todo\u201d, dijo, \u201cquiero agradecer a quienes no apoyan mi programa ni mis creencias, pero que aun as\u00ed apoyan mi derecho a compartirlas\u201d.\n    <\/p>\n<p>       <img decoding=\"async\" src=\"https:\/\/www.europesays.com\/es\/wp-content\/uploads\/2025\/09\/kimmel-20250924065054448.jpg\" alt=\"Un aplauso prolongado cuando Jimmy Kimmel regres\u00f3 a ABC el martes.\" class=\"image__dam-img image__dam-img--loading\" onload=\"this.classList.remove('image__dam-img--loading')\" onerror=\"imageLoadError(this)\" height=\"484\" width=\"860\" loading=\"lazy\"\/><\/p>\n<p class=\"paragraph inline-placeholder vossi-paragraph\" data-uri=\"es.cms.cnn.com\/_components\/paragraph\/instances\/cmfxmjkmo001d356n96lernkb@published\" data-editable=\"text\" data-component-name=\"paragraph\" data-article-gutter=\"true\">\n            Mencion\u00f3 a medios de comunicaci\u00f3n conservadores y figuras pol\u00edticas como Ben Shapiro, Clay Travis, Candace Owens, los senadores Mitch McConnell y Rand Paul, e \u201cincluso a mi viejo amigo Ted Cruz\u201d, en alusi\u00f3n a las despiadadas burlas de Kimmel hacia el senador por Texas en el pasado.\n    <\/p>\n<p class=\"paragraph inline-placeholder vossi-paragraph\" data-uri=\"es.cms.cnn.com\/_components\/paragraph\/instances\/cmfxn620b001m356n0vt0mfn9@published\" data-editable=\"text\" data-component-name=\"paragraph\" data-article-gutter=\"true\">\n            El presentador ganador del Emmy se mostr\u00f3 visiblemente emocionado al referirse a sus comentarios del 15 de septiembre sobre el presunto asesino de Charlie Kirk que llevaron a ABC a <a href=\"https:\/\/www.cnn.com\/2025\/09\/17\/media\/jimmy-kimmel-charlie-kirk-trump-fcc-brendan-carr\" rel=\"nofollow noopener\" target=\"_blank\">detener la producci\u00f3n de su programa<\/a>.\n    <\/p>\n<p class=\"paragraph inline-placeholder vossi-paragraph\" data-uri=\"es.cms.cnn.com\/_components\/paragraph\/instances\/cmfxn620b001n356n5x4m6c6f@published\" data-editable=\"text\" data-component-name=\"paragraph\" data-article-gutter=\"true\">\n            \u201cNunca fue mi intenci\u00f3n restarle importancia al asesinato de un joven\u201d, dijo Kimmel. \u201cTampoco fue mi intenci\u00f3n culpar a ning\u00fan grupo espec\u00edfico por las acciones de quien, obviamente, era un individuo profundamente perturbado\u201d.\n    <\/p>\n<p class=\"paragraph inline-placeholder vossi-paragraph\" data-uri=\"es.cms.cnn.com\/_components\/paragraph\/instances\/cmfxn5yyb001k356nujt6x2p3@published\" data-editable=\"text\" data-component-name=\"paragraph\" data-article-gutter=\"true\">\n            Kimmel tambi\u00e9n elogi\u00f3 a la viuda de Kirk, Erika, por hablar en el servicio conmemorativo del domingo sobre perdonar al asesino de su marido.\n    <\/p>\n<p class=\"paragraph inline-placeholder vossi-paragraph\" data-uri=\"es.cms.cnn.com\/_components\/paragraph\/instances\/cmfxn6g0d001s356nz6wd9jgz@published\" data-editable=\"text\" data-component-name=\"paragraph\" data-article-gutter=\"true\">\n            \u201cMe conmovi\u00f3 profundamente\u201d, dijo, \u201cy espero que conmueva a muchos, y si hay algo que deber\u00edamos sacar de esta tragedia para llevar adelante, espero que sea eso\u201d.\n    <\/p>\n<p class=\"paragraph inline-placeholder vossi-paragraph\" data-uri=\"es.cms.cnn.com\/_components\/paragraph\/instances\/cmfxn6g0d001t356nspfxjmsq@published\" data-editable=\"text\" data-component-name=\"paragraph\" data-article-gutter=\"true\">\n            La semana pasada, hubo una protesta conservadora despu\u00e9s de que Kimmel afirmara que la \u201cpandilla MAGA\u201d intentaba desesperadamente caracterizar al sospechoso como algo distinto a uno de ellos. Kimmel tambi\u00e9n afirm\u00f3 que los leales a Trump estaban haciendo todo lo posible para ganar puntos pol\u00edticos con el asesinato.\n    <\/p>\n<p class=\"paragraph inline-placeholder vossi-paragraph\" data-uri=\"es.cms.cnn.com\/_components\/paragraph\/instances\/cmfxn6g0d001u356n7lsrve8w@published\" data-editable=\"text\" data-component-name=\"paragraph\" data-article-gutter=\"true\">\n            Despu\u00e9s de que los comentarios de Kimmel fueran publicados por sitios web y programas de televisi\u00f3n de derecha, Carr, presidente de la FCC alineado con Trump, lo calific\u00f3 como \u201cla conducta m\u00e1s enfermiza posible\u201d y sugiri\u00f3 que la FCC podr\u00eda tomar medidas para revocar las licencias de afiliaci\u00f3n de ABC.\n    <\/p>\n<p class=\"paragraph inline-placeholder vossi-paragraph\" data-uri=\"es.cms.cnn.com\/_components\/paragraph\/instances\/cmfxn6g0d001v356ns7vvco57@published\" data-editable=\"text\" data-component-name=\"paragraph\" data-article-gutter=\"true\">\n            Desde entonces, Carr ha minimizado su papel en el drama de Kimmel, present\u00e1ndolo como una disputa entre los due\u00f1os de las estaciones locales y la cadena nacional.\n    <\/p>\n<p class=\"paragraph inline-placeholder vossi-paragraph\" data-uri=\"es.cms.cnn.com\/_components\/paragraph\/instances\/cmfxoygzb0001356nudqea1bu@published\" data-editable=\"text\" data-component-name=\"paragraph\" data-article-gutter=\"true\">\n            Sin embargo, algunos de estos due\u00f1os locales \u2014como Nexstar, que intenta fusionarse con otro gran grupo de estaciones, Tegna\u2014 tienen asuntos pendientes ante la FCC, lo que los hace especialmente vulnerables a la presi\u00f3n p\u00fablica de Carr.\n    <\/p>\n<p class=\"paragraph inline-placeholder vossi-paragraph\" data-uri=\"es.cms.cnn.com\/_components\/paragraph\/instances\/cmfxn6g0d001w356ngsd5mtdl@published\" data-editable=\"text\" data-component-name=\"paragraph\" data-article-gutter=\"true\">\n            Tanto Nexstar como Sinclair informaron a ABC que iban a interrumpir el programa de Kimmel el mi\u00e9rcoles pasado, lo que contribuy\u00f3 a la decisi\u00f3n de la cadena de retirar el programa nocturno a nivel nacional.\n    <\/p>\n<p class=\"paragraph inline-placeholder vossi-paragraph\" data-uri=\"es.cms.cnn.com\/_components\/paragraph\/instances\/cmfxoylxp0003356ncm1u2v3w@published\" data-editable=\"text\" data-component-name=\"paragraph\" data-article-gutter=\"true\">\n            Los l\u00edderes de Hollywood quedaron at\u00f3nitos; los grupos de defensa de la libertad de expresi\u00f3n, consternados; y el episodio desencaden\u00f3 un ciclo de noticias de varios d\u00edas sobre la libertad de expresi\u00f3n y la capitulaci\u00f3n corporativa ante la presi\u00f3n pol\u00edtica.\n    <\/p>\n<p class=\"paragraph inline-placeholder vossi-paragraph\" data-uri=\"es.cms.cnn.com\/_components\/paragraph\/instances\/cmfxn6g0d001x356n5jqfbl0p@published\" data-editable=\"text\" data-component-name=\"paragraph\" data-article-gutter=\"true\">\n            Las cr\u00edticas generalizadas a la suspensi\u00f3n de Kimmel incluso llevaron a la gente a cancelar sus suscripciones a Disney+ y Hulu, aunque el impacto final del boicot popular no est\u00e1 claro. Kimmel brome\u00f3 el martes por la noche diciendo que Disney quer\u00eda que leyera en voz alta algunas instrucciones para restablecer las suscripciones a Disney+.\n    <\/p>\n<p class=\"paragraph inline-placeholder vossi-paragraph\" data-uri=\"es.cms.cnn.com\/_components\/paragraph\/instances\/cmfxn6ecy001q356nacw3w8qd@published\" data-editable=\"text\" data-component-name=\"paragraph\" data-article-gutter=\"true\">\n            Con el programa en pausa la semana pasada, el CEO de Disney, Bob Iger, y su equipo de liderazgo buscaron bajar la temperatura proverbial y lograr que Kimmel volviera al aire.\n    <\/p>\n<p class=\"paragraph inline-placeholder vossi-paragraph\" data-uri=\"es.cms.cnn.com\/_components\/paragraph\/instances\/cmfxn7btg0025356ng9ke7lzg@published\" data-editable=\"text\" data-component-name=\"paragraph\" data-article-gutter=\"true\">\n            Tras conversaciones con Kimmel y sus abogados, Disney anunci\u00f3 que el programa reanudar\u00eda su producci\u00f3n el martes.\n    <\/p>\n<p class=\"paragraph inline-placeholder vossi-paragraph\" data-uri=\"es.cms.cnn.com\/_components\/paragraph\/instances\/cmfxn7lpv002a356nv2yc5xnr@published\" data-editable=\"text\" data-component-name=\"paragraph\" data-article-gutter=\"true\">\n            La compa\u00f1\u00eda reprendi\u00f3 suavemente a Kimmel en un comunicado, calificando las consecuencias del asesinato de Kirk como un \u201cmomento emotivo para nuestro pa\u00eds\u201d y diciendo que \u201csentimos que algunos de los comentarios fueron inoportunos y, por lo tanto, insensibles\u201d.\n    <\/p>\n<p class=\"paragraph inline-placeholder vossi-paragraph\" data-uri=\"es.cms.cnn.com\/_components\/paragraph\/instances\/cmfxn7lpv002b356nxuyr6px4@published\" data-editable=\"text\" data-component-name=\"paragraph\" data-article-gutter=\"true\">\n            Kimmel declar\u00f3 al aire el martes por la noche que no estaba contento con la suspensi\u00f3n. Pero, sobre todo, expres\u00f3 su gratitud a Disney por permitirme usar su plataforma noche tras noche.\n    <\/p>\n<p class=\"paragraph inline-placeholder vossi-paragraph\" data-uri=\"es.cms.cnn.com\/_components\/paragraph\/instances\/cmfxn7lpv002c356nz54vc8da@published\" data-editable=\"text\" data-component-name=\"paragraph\" data-article-gutter=\"true\">\n            Tambi\u00e9n se burl\u00f3 de que el programa del martes se suspendiera en docenas de mercados de Estados Unidos, incluyendo grandes ciudades como Washington, Seattle y Nashville. Esto se debe a que Sinclair y Nexstar siguen protestando contra Kimmel.\n    <\/p>\n<p class=\"paragraph inline-placeholder vossi-paragraph\" data-uri=\"es.cms.cnn.com\/_components\/paragraph\/instances\/cmfxn7k570028356naaftp0fw@published\" data-editable=\"text\" data-component-name=\"paragraph\" data-article-gutter=\"true\">\n            Y, como de costumbre, Kimmel brome\u00f3 con Trump. La semana pasada comparti\u00f3 un video de Trump en el Air Force One atacando a Kimmel por no tener \u201cning\u00fan rating\u201d.\n    <\/p>\n<p class=\"paragraph inline-placeholder vossi-paragraph\" data-uri=\"es.cms.cnn.com\/_components\/paragraph\/instances\/cmfxn7uuk002h356n0gspig3q@published\" data-editable=\"text\" data-component-name=\"paragraph\" data-article-gutter=\"true\">\n            Kimmel luego replic\u00f3 en el escenario: \u201cBueno, lo har\u00e9 esta noche\u201d.\n    <\/p>\n<p class=\"paragraph inline-placeholder vossi-paragraph\" data-uri=\"es.cms.cnn.com\/_components\/paragraph\/instances\/cmfxn7uul002j356ncb5w73w8@published\" data-editable=\"text\" data-component-name=\"paragraph\" data-article-gutter=\"true\">\n            Aproximadamente una hora antes de la transmisi\u00f3n, Trump opin\u00f3 sobre la restauraci\u00f3n del programa por parte de ABC por primera vez, comentando en Truth Social que \u201c\u00a1ABC le dijo a la Casa Blanca que su programa fue cancelado!\u201d.\n    <\/p>\n<p class=\"paragraph inline-placeholder vossi-paragraph\" data-uri=\"es.cms.cnn.com\/_components\/paragraph\/instances\/cmfxn7t60002f356n55tann5p@published\" data-editable=\"text\" data-component-name=\"paragraph\" data-article-gutter=\"true\">\n            Trump volvi\u00f3 a usar su plataforma pol\u00edtica para amenazar a ABC, diciendo sobre Kimmel: \u201cEs un brazo m\u00e1s del Comit\u00e9 Nacional Dem\u00f3crata y, que yo sepa, eso constituir\u00eda una importante contribuci\u00f3n ilegal a una campa\u00f1a. Creo que vamos a poner a prueba a ABC con esto\u201d.\n    <\/p>\n<p class=\"paragraph inline-placeholder vossi-paragraph\" data-uri=\"es.cms.cnn.com\/_components\/paragraph\/instances\/cmfxn858k002o356n43ugrrlm@published\" data-editable=\"text\" data-component-name=\"paragraph\" data-article-gutter=\"true\">\n            \u201cA ver qu\u00e9 tal\u201d, continu\u00f3 Trump. \u201cLa \u00faltima vez que los persegu\u00ed, me dieron US$ 16 millones. Esta vez suena a\u00fan m\u00e1s lucrativo\u201d.\n    <\/p>\n<p class=\"paragraph inline-placeholder vossi-paragraph\" data-uri=\"es.cms.cnn.com\/_components\/paragraph\/instances\/cmfxn858k002p356nykiieqst@published\" data-editable=\"text\" data-component-name=\"paragraph\" data-article-gutter=\"true\">\n            Disney acord\u00f3 pagarle a Trump alrededor de US$ 16 millones  en diciembre pasado para resolver una demanda por difamaci\u00f3n que hab\u00eda presentado contra ABC.\n    <\/p>\n<p data-uri=\"es.cms.cnn.com\/_components\/editor-note\/instances\/cmfxn94e9002s356nuzl5d5x5@published\" data-editable=\"text\" data-component-name=\"editor-note\" class=\"editor-note vossi-editor-note inline-placeholder \" data-article-gutter=\"true\">\n    Stephanie Elam y Elizabeth Wagmeister contribuyeron con este reportaje.<\/p>\n","protected":false},"excerpt":{"rendered":"CNN \u00a0\u2014\u00a0 Jimmy Kimmel regres\u00f3 a su programa nocturno este martes por la noche e inst\u00f3 a los&hellip;\n","protected":false},"author":2,"featured_media":135631,"comment_status":"","ping_status":"","sticky":false,"template":"","format":"standard","meta":{"footnotes":""},"categories":[171],"tags":[15171,1060,352,146,147,25,24,20754,23,214],"class_list":{"0":"post-135630","1":"post","2":"type-post","3":"status-publish","4":"format-standard","5":"has-post-thumbnail","7":"category-tv","8":"tag-abc","9":"tag-disney","10":"tag-donald-trump","11":"tag-entertainment","12":"tag-entretenimiento","13":"tag-es","14":"tag-espana","15":"tag-jimmy-kimmel","16":"tag-spain","17":"tag-tv"},"share_on_mastodon":{"url":"","error":""},"_links":{"self":[{"href":"https:\/\/www.europesays.com\/es\/wp-json\/wp\/v2\/posts\/135630","targetHints":{"allow":["GET"]}}],"collection":[{"href":"https:\/\/www.europesays.com\/es\/wp-json\/wp\/v2\/posts"}],"about":[{"href":"https:\/\/www.europesays.com\/es\/wp-json\/wp\/v2\/types\/post"}],"author":[{"embeddable":true,"href":"https:\/\/www.europesays.com\/es\/wp-json\/wp\/v2\/users\/2"}],"replies":[{"embeddable":true,"href":"https:\/\/www.europesays.com\/es\/wp-json\/wp\/v2\/comments?post=135630"}],"version-history":[{"count":0,"href":"https:\/\/www.europesays.com\/es\/wp-json\/wp\/v2\/posts\/135630\/revisions"}],"wp:featuredmedia":[{"embeddable":true,"href":"https:\/\/www.europesays.com\/es\/wp-json\/wp\/v2\/media\/135631"}],"wp:attachment":[{"href":"https:\/\/www.europesays.com\/es\/wp-json\/wp\/v2\/media?parent=135630"}],"wp:term":[{"taxonomy":"category","embeddable":true,"href":"https:\/\/www.europesays.com\/es\/wp-json\/wp\/v2\/categories?post=135630"},{"taxonomy":"post_tag","embeddable":true,"href":"https:\/\/www.europesays.com\/es\/wp-json\/wp\/v2\/tags?post=135630"}],"curies":[{"name":"wp","href":"https:\/\/api.w.org\/{rel}","templated":true}]}}