{"id":135640,"date":"2025-09-24T12:21:08","date_gmt":"2025-09-24T12:21:08","guid":{"rendered":"https:\/\/www.europesays.com\/es\/135640\/"},"modified":"2025-09-24T12:21:08","modified_gmt":"2025-09-24T12:21:08","slug":"la-polemica-en-la-san-diego-comic-con-malaga-confirma-la-decepcion-de-algunos-fans-150-euros-por-una-foto-y-una-firma-vandal","status":"publish","type":"post","link":"https:\/\/www.europesays.com\/es\/135640\/","title":{"rendered":"La pol\u00e9mica en la San Diego Comic-Con M\u00e1laga confirma la decepci\u00f3n de algunos fans: &#039;\u00bf150 euros por una foto y una firma?&#039; &#8211; Vandal"},"content":{"rendered":"<ol>\n<li><a href=\"https:\/\/news.google.com\/rss\/articles\/CBMi9gFBVV95cUxNZGlSN3BEOXUtQmR5TjA1RV9PRHlscXAzUzZGa0w4cHY2eG1sZzhpMnl2M2dWQVZ6WXJHeUdZMXVkR2JoZDdBVUV1V1RndWd5SV9SLVBzemVTQ3c5amI5UnZ4NXRtYllfZmVJeE9ucTBTU2dWQUt4OHJiUDZyWWREajZVYmdwVDAxaUx2S1V0UkQ3c1hqR01OZE85OVhwenZhQ3M2dnNIUmx4R3hTWnUwMGVoeUJpajlhNTRJMUZWd0lDTTJDaDBITnctNlJWc3Zob2ZPYkNRYjNOcktzSkJjZC1jZjVXLV94UzBxZG90T1ZDbl9INHfSAfsBQVVfeXFMTzFURDVqUmdoWXhjMHBlTlE1NGVEMjJ4cHRQQzRVSEwydmdLRDlLUWVnOUtTa0NRWmtXaUx4VlcyZUhmR0N1R1NuU05GWEZJX1BBdGFhT1l4YmRNQ3B0bkZ0WnNNRG92ZGl1eGs1WDVUMG9SUy1aV3R3MGJtaGJ4V1d1cVExRXpVQnRJY09zTEt6RDRtQV9zM1JCUG1LdHFRbTdwYnpjNUFXZk84aVRaNTdTSERQVmZCVDBId1ZIeTBtMVprTFdfWmZuaHAwWTJJRUY0eHV4WEpQc0VndTM5WGQtMlVWcjcyM3UzOVZlUGtrS2JoSW9hdGlmYU0?oc=5\" target=\"_blank\" rel=\"nofollow noopener\">La pol\u00e9mica en la San Diego Comic-Con M\u00e1laga confirma la decepci\u00f3n de algunos fans: &#8216;\u00bf150 euros por una foto y una firma?&#8217;<\/a>&nbsp;&nbsp;Vandal<\/li>\n<li><a href=\"https:\/\/news.google.com\/rss\/articles\/CBMixgFBVV95cUxQMjhzU1VJMFhKaVpIQUZLcHl1QlF5NEdMREZPOU85RUtuRWpxSTdzS2xmWno3dDg2b3VxY0o1ZnliUEYtdm1fM0dFYUZCTFZpUkl1c3diYlhpUFhiOGVWcWhPYkpWZVV6Mnc5aXROb0dUc0o4TUhCZHFFemxkSEVkRFhha1ZhNEdUYjhOaEZoczMtQmN5T3dsSGc1OUdHYzVCd0preWVsNkJwM25Nc0dvbEhsQ3c0Zi1CVDZYMW5vUGc3aTNrZVHSAcYBQVVfeXFMT2ZaSUZ6TVVsMEsyRjZoNlZydDFNZWxmLVlCX0tTSm1EMlVhTHVtX1FoTnpJbWNtME9CNzB1Mk1GX28zYVZKZDBBTWdXQzVoUjJzdGxSd0M3bHIxUkRndEJScmtPRlk4cGZCbHZJbDREbzhlc2dHRzk5TmhIZk1BN1NpUXNuVzBuVzNyY21kOVl0WUo1X0F0bDAzdlc4d1ZtdlczbGJ2Rnp4YjZQMWxBVjVHTEdWaVEybXJhY0Nlbk15N2NqY3lR?oc=5\" target=\"_blank\" rel=\"nofollow noopener\">Javier Barber\u00e1: \u00abLa Comic-Con sit\u00faa a M\u00e1laga y a Andaluc\u00eda en el mapa de un modo espectacular\u00bb<\/a>&nbsp;&nbsp;RTVE.es<\/li>\n<li><a href=\"https:\/\/news.google.com\/rss\/articles\/CBMilwFBVV95cUxORXd4LWVGYkhaTzFKblZja3NUQjExSnpiajM3emJPNG56YWJiX0liUDhZVVdkamdMVDFHeFdZS2o2TEg0TDNWZk9yQ1JIUE4xNnR3ZTBDd28xVVVscXQ3dXN1cjVRaGtJalRGbUhRTy1UcU5jeWFUcUM0cWdzTUstVm5PZllDOTV4RUVpY0JxWFdXMmJkT29R?oc=5\" target=\"_blank\" rel=\"nofollow noopener\">La San Diego C\u00f3mic-Con M\u00e1laga atrae a 120.000 fans y cuenta con Schwarzenegger de estrella<\/a>&nbsp;&nbsp;ABC<\/li>\n<li><a href=\"https:\/\/news.google.com\/rss\/articles\/CBMi8AFBVV95cUxPdXg3MkpOMlZCdnRVcnRoZUFUOXlRcHpScUR6TWNKclZnUGlxLUtHMVZnYjVzRWRhaFc5eDc3aVp0VXhTeHlfMkNHZnVGODYzRnJNb3FUWnVYM0R4WFJ3UXF4a3JHZlMwTVJ1MjF4UGNXUjdUaWR5dDNLdG9jNURCMm5uSldtUF9oU01rOW5nZHo0VUUzaFBHV29jYUE1cWpxNTJtR2hWbS1COU9MbE9TVmU5eF9QdGtRZlRSbUN3ak1kenpfYzc2cXdLLVYtMDRjcGxqLV94eGZTYklWbGJwUzgxeFF6QkptTXdXNlpNRnPSAfYBQVVfeXFMTUppS2pmTEFVcVJ2Z0xMcUxKSVpZZUpCSERNSTR6MHRtRksxdUZRSGRkTlVnTEZMODJoOEd5MDU1ZVFoaW9NTVUxMVdTQzVsZXNJMUxpOEZYS252V0YwUllfVzNIaXlhZUFPdDBMRlFhcUtjMGVpZFhienRIVTdQMVZKSUhtMkpEN3FFUzBzbVdVSHk0aUFjaDBWdFRheVlYS1dwd1RabjloUXFMeHRzYmRVZGNmdmlHdDZZcnRwUXo3RkwwWmJSakI3Tll1LUhPZzZxX1hxci1Za0FLdDhJOHU5eHdXTzI3TFpxT2M5c0J6bUltMjdn?oc=5\" target=\"_blank\" rel=\"nofollow noopener\">El Ayuntamiento de M\u00e1laga refuerza los autobuses urbanos por la celebraci\u00f3n de la San Diego Comic-Con<\/a>&nbsp;&nbsp;La Vanguardia<\/li>\n<li><a href=\"https:\/\/news.google.com\/rss\/articles\/CBMi2wFBVV95cUxNVXl6XzNxVS1zWWExRHlNVzN0QlRMQ3JZVTVsbkR0Sm9hX2R5SnZFZXE5b0k3QWtaUHVTT20weFMwd2hkMVFqMW5FUE4welVjeUUyUVAwbGQ1Qi02RkpHUDRVOUR6bnRNNWZsNEVqUGRBTWZ5bVY3UEItejZscEJOdHVKZkUtbzhEamxwUXhkanJYUGc2ZUc2Q1JkUzhWalI3ZEh0UWdZako0OERHUVVhcnk1al9LR3JjTXc5SzdVMWtJRDNqYlhNUkdZYnYwWmxOMlNuci03UENRX0XSAeABQVVfeXFMTmNHdXdoSERKRl9PSi1nM05qbTJDLUstcTFsYURRajU4Zkc2OElfaXFIOTdtX1ZIa0lYZEhJbldvZ2ZMblYtdkdNU2RRMDc2YmVTYzY4ejNnN2hZVHVhV093SlJGTUh3TzQxUjdlRlZrTXZuTjhSR24wNmh0UFJsMTlWWVFTcThPR00zSXpWQ0VwZndaUEtqMXVRM2o0UjZKcFdBSUI3Zjc4cFZPS1NiMWhXOXd6QnBqQmxQb3JUbFl0Y1JFV1ZfN1NGRmU5N19WaWYyaER1eUwyZFlnQjZUbXM?oc=5\" target=\"_blank\" rel=\"nofollow noopener\">Llega a M\u00e1laga el festival m\u00e1s importante del c\u00f3mic (con Schwarzenegger como invitado)<\/a>&nbsp;&nbsp;El Confidencial<\/li>\n<\/ol>\n","protected":false},"excerpt":{"rendered":"La pol\u00e9mica en la San Diego Comic-Con M\u00e1laga confirma la decepci\u00f3n de algunos fans: &#8216;\u00bf150 euros por una&hellip;\n","protected":false},"author":2,"featured_media":135641,"comment_status":"","ping_status":"","sticky":false,"template":"","format":"standard","meta":{"footnotes":""},"categories":[91],"tags":[146,147,25,24,2065,23],"class_list":{"0":"post-135640","1":"post","2":"type-post","3":"status-publish","4":"format-standard","5":"has-post-thumbnail","7":"category-entretenimiento","8":"tag-entertainment","9":"tag-entretenimiento","10":"tag-es","11":"tag-espana","12":"tag-faltan-tags","13":"tag-spain"},"share_on_mastodon":{"url":"","error":""},"_links":{"self":[{"href":"https:\/\/www.europesays.com\/es\/wp-json\/wp\/v2\/posts\/135640","targetHints":{"allow":["GET"]}}],"collection":[{"href":"https:\/\/www.europesays.com\/es\/wp-json\/wp\/v2\/posts"}],"about":[{"href":"https:\/\/www.europesays.com\/es\/wp-json\/wp\/v2\/types\/post"}],"author":[{"embeddable":true,"href":"https:\/\/www.europesays.com\/es\/wp-json\/wp\/v2\/users\/2"}],"replies":[{"embeddable":true,"href":"https:\/\/www.europesays.com\/es\/wp-json\/wp\/v2\/comments?post=135640"}],"version-history":[{"count":0,"href":"https:\/\/www.europesays.com\/es\/wp-json\/wp\/v2\/posts\/135640\/revisions"}],"wp:featuredmedia":[{"embeddable":true,"href":"https:\/\/www.europesays.com\/es\/wp-json\/wp\/v2\/media\/135641"}],"wp:attachment":[{"href":"https:\/\/www.europesays.com\/es\/wp-json\/wp\/v2\/media?parent=135640"}],"wp:term":[{"taxonomy":"category","embeddable":true,"href":"https:\/\/www.europesays.com\/es\/wp-json\/wp\/v2\/categories?post=135640"},{"taxonomy":"post_tag","embeddable":true,"href":"https:\/\/www.europesays.com\/es\/wp-json\/wp\/v2\/tags?post=135640"}],"curies":[{"name":"wp","href":"https:\/\/api.w.org\/{rel}","templated":true}]}}