{"id":135646,"date":"2025-09-24T12:24:07","date_gmt":"2025-09-24T12:24:07","guid":{"rendered":"https:\/\/www.europesays.com\/es\/135646\/"},"modified":"2025-09-24T12:24:07","modified_gmt":"2025-09-24T12:24:07","slug":"italia-envia-una-fragata-para-auxiliar-a-la-flotilla-de-gaza-tras-el-tercer-ataque-con-drones-internacional","status":"publish","type":"post","link":"https:\/\/www.europesays.com\/es\/135646\/","title":{"rendered":"Italia env\u00eda una fragata para auxiliar a la flotilla de Gaza tras el tercer ataque con drones | Internacional"},"content":{"rendered":"<p class=\"\">El Gobierno italiano ha enviado este mi\u00e9rcoles una fragata militar para prestar asistencia a la flotilla humanitaria Global Sumud, una iniciativa organizada por la sociedad civil de varios pa\u00edses con m\u00e1s de 40 naves, que viaja rumbo a Gaza y que la pasada medianoche, cerca de la isla griega de Creta, ha sufrido <a href=\"https:\/\/elpais.com\/internacional\/2025-09-23\/dos-barcos-de-la-flotilla-con-ayuda-a-gaza-sufren-un-nuevo-ataque-con-drones.html\" target=\"_blank\" rel=\"nofollow noopener\" title=\"https:\/\/elpais.com\/internacional\/2025-09-23\/dos-barcos-de-la-flotilla-con-ayuda-a-gaza-sufren-un-nuevo-ataque-con-drones.html\">el tercer ataque con drones<\/a> en apenas tres semanas. As\u00ed lo ha anunciado el ministro de Defensa, que ha sido muy claro en su condena de la agresi\u00f3n: \u201cNo se puede no expresar la m\u00e1s dura condena. En democracia tambi\u00e9n las manifestaciones y las formas de protesta deben ser tuteladas\u201d, ha dicho.<\/p>\n<p class=\"\">Italia ha autorizado a las 3.50 de la madrugada, poco despu\u00e9s del ataque, el env\u00edo de la fragata militar Fasan \u201cpara garantizar asistencia a los ciudadanos italianos presentes en la flotilla\u201d y para \u201cposibles acciones de socorro\u201d. El ministro ha precisado que previamente lo ha hablado con la primera ministra, Giorgia Meloni, que est\u00e1 en Nueva York en la asamblea general de la ONU, y ha informado a Israel, el pa\u00eds al que los integrantes de la flotilla culpan de los ataques sufridos. <\/p>\n<p class=\"\">Antes de que el Gobierno comunicase esa medida esta ma\u00f1ana, el ataque a la flotilla humanitaria \u2014que cuenta con varias naves que zarparon hace tres semanas desde el puerto de G\u00e9nova <a href=\"https:\/\/elpais.com\/internacional\/2025-09-23\/la-flotilla-con-ayuda-a-gaza-encara-el-tramo-final-de-su-travesia-mientras-israel-endurece-el-tono-contra-sus-integrantes.html\" target=\"_blank\" rel=\"nofollow noopener\" title=\"https:\/\/elpais.com\/internacional\/2025-09-23\/la-flotilla-con-ayuda-a-gaza-encara-el-tramo-final-de-su-travesia-mientras-israel-endurece-el-tono-contra-sus-integrantes.html\">y en las que viajan cuatro diputados italianos de la oposici\u00f3n<\/a>\u2014 ya hab\u00eda irrumpido en la C\u00e1mara de Diputados italiana. La sesi\u00f3n comenzaba este mi\u00e9rcoles con las noticias del ataque registrado durante la noche y, nada m\u00e1s abrirse el orden del d\u00eda, la oposici\u00f3n ha reclamado explicaciones al Gobierno. Sobre todo, ha exigido que defienda a los parlamentarios y ciudadanos italianos que navegan en barcos con bandera italiana. Los \u00e1nimos estaban tan caldeados que los diputados presentes han bajado al centro del hemiciclo y lo han ocupado durante unos minutos. <\/p>\n<p class=\"\">La secretaria del Partido Democr\u00e1tico (PD), Elly Schlein, ha hablado de \u201cun ataque deliberado\u201d contra Italia \u201cpor parte del Gobierno israel\u00ed\u201d. \u201cLa presidenta Meloni no puede permanecer en silencio. Debe decir qu\u00e9 piensa hacer para garantizar la seguridad de estos italianos que operan en pleno cumplimiento del derecho internacional humanitario (&#8230;) Debe explicarnos el origen de estos drones, de d\u00f3nde provienen y qu\u00e9 iniciativas piensa tomar <a href=\"https:\/\/elpais.com\/internacional\/2025-09-16\/una-quincena-de-paises-incluido-espana-advierten-contra-posibles-ataques-a-la-flotilla-que-viaja-a-gaza.html\" target=\"_blank\" rel=\"nofollow noopener\" title=\"https:\/\/elpais.com\/internacional\/2025-09-16\/una-quincena-de-paises-incluido-espana-advierten-contra-posibles-ataques-a-la-flotilla-que-viaja-a-gaza.html\">para garantizar la seguridad de toda la tripulaci\u00f3n<\/a>\u201d, ha subrayado. El jefe del grupo del Movimiento Cinco Estrellas (M5S), Stefano Patuanelli, ha insistido en esa l\u00ednea: \u201cAtacando una nave con bandera italiana se ataca a Italia, y la cuesti\u00f3n se convierte en inter\u00e9s de la defensa nacional\u201d.<\/p>\n<p class=\"\">Tras varias intervenciones, los diputados del PD, M5S y Alianza Verdes e Izquierda (AVS), medio centenar, han bajado desde sus esca\u00f1os al centro de la sala y algunos tambi\u00e9n se han colocado en la bancada del Ejecutivo. Han anunciado que interrumpir\u00edan la sesi\u00f3n hasta que el Gobierno garantizara una comparecencia. La protesta ha terminado cuando se ha anunciado que el ministro de Defensa, Guido Crosetto, acudir\u00e1 el jueves a la C\u00e1mara. Poco despu\u00e9s, el propio ministro ha anunciado que la fragata de auxilio hab\u00eda sido enviada durante la noche. <\/p>\n<p class=\"\">El Gobierno italiano ya hab\u00eda hablado de madrugada, poco despu\u00e9s del ataque a la flotilla, a trav\u00e9s del ministro de Asuntos Exteriores, Antonio Tajani, que tambi\u00e9n se encontraba en Nueva York. Tajani afirm\u00f3 que hab\u00eda solicitado a la embajada israel\u00ed en Italia que le informase de lo sucedido, y reiter\u00f3 la petici\u00f3n del Gobierno italiano de que se garantice la tutela de las personas que viajan en la flotilla.<\/p>\n<p class=\"\">El ministerio de Exteriores italiano ya hab\u00eda reclamado a Israel en los d\u00edas pasados que cualquier operaci\u00f3n de su ej\u00e9rcito se realizara respetando las reglas del derecho internacional. Por su parte, el l\u00edder ultraderechista de la Liga, Matteo Salvini, se limit\u00f3 a comentar: \u201cEst\u00e1 claro que, cuando te acercas a una zona de guerra, <a href=\"https:\/\/elpais.com\/internacional\/2025-09-23\/la-flotilla-con-ayuda-a-gaza-encara-el-tramo-final-de-su-travesia-mientras-israel-endurece-el-tono-contra-sus-integrantes.html\" target=\"_blank\" rel=\"nofollow noopener\" title=\"https:\/\/elpais.com\/internacional\/2025-09-23\/la-flotilla-con-ayuda-a-gaza-encara-el-tramo-final-de-su-travesia-mientras-israel-endurece-el-tono-contra-sus-integrantes.html\">alg\u00fan riesgo corres<\/a>\u201d. <\/p>\n<p class=\"\">El ataque a la flotilla ha tenido lugar en aguas internacionales. Varios drones han lanzado una sustancia \u00e1cida sobre dos de los barcos: el Ohwayla y el Yulara. Adem\u00e1s, m\u00e1s de 12 explosiones han alcanzado a nueve embarcaciones. Una de ellas es la Otaria, en la que viajan los parlamentarios italianos Benedetta Scuderi, de AVS, y Marco Croatti, de M5S. Otro artefacto ha ca\u00eddo cerca de la Karma, la barca de la asociaci\u00f3n Arci que lleva a bordo a los diputados del PD Annalisa Corrado y Arturo Scotto.<\/p>\n","protected":false},"excerpt":{"rendered":"El Gobierno italiano ha enviado este mi\u00e9rcoles una fragata militar para prestar asistencia a la flotilla humanitaria Global&hellip;\n","protected":false},"author":2,"featured_media":135647,"comment_status":"","ping_status":"","sticky":false,"template":"","format":"standard","meta":{"footnotes":""},"categories":[42],"tags":[17,18,68,5282,700,13,14,32256,73,14655,69,11,61,62,63,64,74,628,19,20,8987,9,10,15,16,77,42991,1255,12,21,22,1617,65,66,67],"class_list":{"0":"post-135646","1":"post","2":"type-post","3":"status-publish","4":"format-standard","5":"has-post-thumbnail","7":"category-internacional","8":"tag-breaking-news","9":"tag-breakingnews","10":"tag-conflicto-arabe-israeli","11":"tag-derechos-humanos","12":"tag-europa","13":"tag-featured-news","14":"tag-featurednews","15":"tag-flotilla-de-la-libertad","16":"tag-franja-gaza","17":"tag-giorgia-meloni","18":"tag-guerra","19":"tag-headlines","20":"tag-internacional","21":"tag-international","22":"tag-international-news","23":"tag-internationalnews","24":"tag-israel","25":"tag-italia","26":"tag-latest-news","27":"tag-latestnews","28":"tag-mar-mediterraneo","29":"tag-news","30":"tag-noticias","31":"tag-noticias-destacadas","32":"tag-noticiasdestacadas","33":"tag-oriente-proximo","34":"tag-pacifismo","35":"tag-territorios-palestinos","36":"tag-titulares","37":"tag-ultimas-noticias","38":"tag-ultimasnoticias","39":"tag-union-europea","40":"tag-world","41":"tag-world-news","42":"tag-worldnews"},"share_on_mastodon":{"url":"","error":""},"_links":{"self":[{"href":"https:\/\/www.europesays.com\/es\/wp-json\/wp\/v2\/posts\/135646","targetHints":{"allow":["GET"]}}],"collection":[{"href":"https:\/\/www.europesays.com\/es\/wp-json\/wp\/v2\/posts"}],"about":[{"href":"https:\/\/www.europesays.com\/es\/wp-json\/wp\/v2\/types\/post"}],"author":[{"embeddable":true,"href":"https:\/\/www.europesays.com\/es\/wp-json\/wp\/v2\/users\/2"}],"replies":[{"embeddable":true,"href":"https:\/\/www.europesays.com\/es\/wp-json\/wp\/v2\/comments?post=135646"}],"version-history":[{"count":0,"href":"https:\/\/www.europesays.com\/es\/wp-json\/wp\/v2\/posts\/135646\/revisions"}],"wp:featuredmedia":[{"embeddable":true,"href":"https:\/\/www.europesays.com\/es\/wp-json\/wp\/v2\/media\/135647"}],"wp:attachment":[{"href":"https:\/\/www.europesays.com\/es\/wp-json\/wp\/v2\/media?parent=135646"}],"wp:term":[{"taxonomy":"category","embeddable":true,"href":"https:\/\/www.europesays.com\/es\/wp-json\/wp\/v2\/categories?post=135646"},{"taxonomy":"post_tag","embeddable":true,"href":"https:\/\/www.europesays.com\/es\/wp-json\/wp\/v2\/tags?post=135646"}],"curies":[{"name":"wp","href":"https:\/\/api.w.org\/{rel}","templated":true}]}}