{"id":135650,"date":"2025-09-24T12:26:09","date_gmt":"2025-09-24T12:26:09","guid":{"rendered":"https:\/\/www.europesays.com\/es\/135650\/"},"modified":"2025-09-24T12:26:09","modified_gmt":"2025-09-24T12:26:09","slug":"san-lorenzo-de-el-escorial-inicia-la-temporada-deportiva-con-record-de-participacion","status":"publish","type":"post","link":"https:\/\/www.europesays.com\/es\/135650\/","title":{"rendered":"San Lorenzo de El Escorial inicia la temporada deportiva con r\u00e9cord de participaci\u00f3n"},"content":{"rendered":"<p>Tras el descanso estival y con la temporada deportiva ya en marcha, el programa deportivo municipal de San Lorenzo de El Escorial ha iniciado con fuerza una nueva edici\u00f3n repleta de actividades, eventos y formaci\u00f3n para todas las edades. Las actividades comenzaron el pasado martes 16 de septiembre y se extender\u00e1n hasta agosto, cuando tendr\u00e1n lugar los tradicionales torneos de fiestas patronales.<\/p>\n<p>Con m\u00e1s de once meses de programaci\u00f3n ininterrumpida, la apuesta por el deporte y la vida saludable se consolida como uno de los ejes fundamentales del municipio. Formaci\u00f3n, salud y disfrute son los pilares de una oferta que, un a\u00f1o m\u00e1s, ha superado todas las expectativas de participaci\u00f3n.<\/p>\n<p>Desde la Concejal\u00eda de Deportes se celebra el incremento en la demanda de las actividades, fruto del trabajo constante de los \u00faltimos a\u00f1os y del compromiso por hacer del deporte una parte esencial en la vida de ni\u00f1os, j\u00f3venes, adultos y personas mayores. Este mes de septiembre ya se han superado en m\u00e1s de 100 personas las inscripciones respecto al mismo periodo del a\u00f1o anterior, alcanzando un crecimiento global del 7%.<\/p>\n<p>El <strong>Complejo Deportivo Zaburd\u00f3n<\/strong>, centro neur\u00e1lgico del deporte local y uno de los m\u00e1s completos de la sierra noroeste de la Comunidad de Madrid, se consolida como referencia para los m\u00e1s de 3.000 usuarios semanales que acuden a sus instalaciones. La calidad de las instalaciones y la profesionalidad del equipo humano que las gestiona han sido claves para este \u00e9xito continuado.<\/p>\n<p>Actualmente, la oferta deportiva incluye m\u00e1s de 30 disciplinas distintas, repartidas entre escuelas deportivas para ni\u00f1os y programas para adultos y mayores. La demanda ha sido tal que, desde el mes de junio, muchas actividades han colgado el cartel de completo, y se han tenido que desdoblar grupos o abrir nuevas plazas para atender las listas de espera.<\/p>\n<p>Las cifras reflejan una participaci\u00f3n creciente en todos los segmentos de edad:<\/p>\n<ul class=\"wp-block-list\">&#13;<\/p>\n<li>Actividades para mayores: +6%<\/li>\n<p>&#13;<br \/>\n&#13;<br \/>\n&#13;<br \/>\n&#13;<\/p>\n<li>Actividades para adultos: +9%<\/li>\n<p>&#13;<br \/>\n&#13;<br \/>\n&#13;<br \/>\n&#13;<\/p>\n<li>Escuelas deportivas infantiles: +6%<\/li>\n<p>&#13;\n<\/ul>\n<p>La temporada contar\u00e1 adem\u00e1s con m\u00e1s de 100 eventos deportivos, entre los que destaca el <strong>Campeonato del Mundo de Floorball 3 vs 3<\/strong>, que se celebrar\u00e1 en junio, consolidando la proyecci\u00f3n internacional del municipio como sede de grandes eventos deportivos.<\/p>\n<p>Con estas cifras, San Lorenzo de El Escorial reafirma su compromiso con el deporte, la salud y la formaci\u00f3n, apostando por una vida activa para todos sus vecinos.<\/p>\n<p>\u00a0<\/p>\n","protected":false},"excerpt":{"rendered":"Tras el descanso estival y con la temporada deportiva ya en marcha, el programa deportivo municipal de San&hellip;\n","protected":false},"author":2,"featured_media":135651,"comment_status":"","ping_status":"","sticky":false,"template":"","format":"standard","meta":{"footnotes":""},"categories":[5],"tags":[17,18,25,24,13,14,11,19,20,9,10,15,16,23,12,21,22],"class_list":{"0":"post-135650","1":"post","2":"type-post","3":"status-publish","4":"format-standard","5":"has-post-thumbnail","7":"category-titulares","8":"tag-breaking-news","9":"tag-breakingnews","10":"tag-es","11":"tag-espana","12":"tag-featured-news","13":"tag-featurednews","14":"tag-headlines","15":"tag-latest-news","16":"tag-latestnews","17":"tag-news","18":"tag-noticias","19":"tag-noticias-destacadas","20":"tag-noticiasdestacadas","21":"tag-spain","22":"tag-titulares","23":"tag-ultimas-noticias","24":"tag-ultimasnoticias"},"share_on_mastodon":{"url":"","error":""},"_links":{"self":[{"href":"https:\/\/www.europesays.com\/es\/wp-json\/wp\/v2\/posts\/135650","targetHints":{"allow":["GET"]}}],"collection":[{"href":"https:\/\/www.europesays.com\/es\/wp-json\/wp\/v2\/posts"}],"about":[{"href":"https:\/\/www.europesays.com\/es\/wp-json\/wp\/v2\/types\/post"}],"author":[{"embeddable":true,"href":"https:\/\/www.europesays.com\/es\/wp-json\/wp\/v2\/users\/2"}],"replies":[{"embeddable":true,"href":"https:\/\/www.europesays.com\/es\/wp-json\/wp\/v2\/comments?post=135650"}],"version-history":[{"count":0,"href":"https:\/\/www.europesays.com\/es\/wp-json\/wp\/v2\/posts\/135650\/revisions"}],"wp:featuredmedia":[{"embeddable":true,"href":"https:\/\/www.europesays.com\/es\/wp-json\/wp\/v2\/media\/135651"}],"wp:attachment":[{"href":"https:\/\/www.europesays.com\/es\/wp-json\/wp\/v2\/media?parent=135650"}],"wp:term":[{"taxonomy":"category","embeddable":true,"href":"https:\/\/www.europesays.com\/es\/wp-json\/wp\/v2\/categories?post=135650"},{"taxonomy":"post_tag","embeddable":true,"href":"https:\/\/www.europesays.com\/es\/wp-json\/wp\/v2\/tags?post=135650"}],"curies":[{"name":"wp","href":"https:\/\/api.w.org\/{rel}","templated":true}]}}