{"id":135654,"date":"2025-09-24T12:28:14","date_gmt":"2025-09-24T12:28:14","guid":{"rendered":"https:\/\/www.europesays.com\/es\/135654\/"},"modified":"2025-09-24T12:28:14","modified_gmt":"2025-09-24T12:28:14","slug":"ruben-sanz-un-torero-de-soria-en-madrid","status":"publish","type":"post","link":"https:\/\/www.europesays.com\/es\/135654\/","title":{"rendered":"Rub\u00e9n Sanz, un torero de Soria en Madrid"},"content":{"rendered":"<p><a target=\"_blank\" href=\"https:\/\/plaza1.janto.es\/janto\/main.php\" rel=\"nofollow noopener\"><strong>COMPRAR ENTRADAS<\/strong><\/a><\/p>\n<p>D\u00eda hist\u00f3rico para la tauromaquia de Soria este domingo 28 de septiembre. Rub\u00e9n Sanz Carazo, 47 a\u00f1os despu\u00e9s de su nacimiento y 16 despu\u00e9s de su toma de alternativa en la plaza de toros de Soria, confirmar\u00e1 dicha alternativa en Madrid, en la plaza de Las Ventas, la misma a la que tantas veces ha ido para ver a los grandes y la misma cuyo albero tantas veces ha so\u00f1ado en pisar.<\/p>\n<p><a target=\"_blank\" href=\"https:\/\/www.desdesoria.es\/ads\/20250922065151877216\" rel=\"nofollow noopener\"> <img loading=\"lazy\" decoding=\"async\" src=\"https:\/\/www.europesays.com\/es\/wp-content\/uploads\/2025\/09\/2025092206493235898.gif\" alt=\"Publicidad 877216\" width=\"728\" height=\"90\" class=\"lazyload\" \/> <\/a><\/p>\n<p>Ese sue\u00f1o se tornar\u00e1 palpable este domingo, dentro de apenas cuatro d\u00edas, a partir de las 18.00 horas. Ser\u00e1 un desaf\u00edo ganadero con seis divisas,\u00a0Concha y Sierra, Palha, Partido de Resina, Murteira Grave, Jos\u00e9 Escolar\u00a0y\u00a0Rehuelga. Rub\u00e9n Sanz, que abre plaza, se enfrenta por tanto a astdos de Concha y Sierra y Murteira Grave. Sus compa\u00f1eros de pase\u00edllo ser\u00e1n Javier Herrero, padrino, y G\u00f3mez del Pilar, testigo.<\/p>\n<p><a target=\"_blank\" href=\"https:\/\/www.desdesoria.es\/ads\/20250924062856877415\" rel=\"nofollow noopener\"> <img loading=\"lazy\" decoding=\"async\" src=\"https:\/\/www.europesays.com\/es\/wp-content\/uploads\/2025\/09\/2025092406272896584.gif\" alt=\"Publicidad 877415\" width=\"728\" height=\"90\" class=\"lazyload\" \/> <\/a><\/p>\n<p>Hay gran expectaci\u00f3n tanto en Soria como en los c\u00edrculos donde Rub\u00e9n Sanz es considerado un torero de culto. Se estima que su confirmaci\u00f3n de alternativa pueda mover de manera directa a m\u00e1s de medio millar de aficionados, a los que se sumar\u00e1n los aficionados madrile\u00f1os habituales de la plaza y aquellas personas eventuales que quieran ver una corrida en Madrid.<\/p>\n<p><a target=\"_blank\" href=\"https:\/\/www.desdesoria.es\/ads\/20250924063231877417\" rel=\"nofollow noopener\"> <img loading=\"lazy\" decoding=\"async\" src=\"https:\/\/www.europesays.com\/es\/wp-content\/uploads\/2025\/09\/2025092406311514133.gif\" alt=\"Publicidad 877417\" width=\"728\" height=\"90\" class=\"lazyload\" \/> <\/a><\/p>\n<p>Rub\u00e9n Sanz apura sus \u00faltimos d\u00edas antes de Madrid. Han pasado 16 a\u00f1os desde aquella su primera corrida en Soria, y desde entonces apenas ha sido acartelado m\u00e1s de una veintena de veces, con largas \u00e9pocas de sequ\u00eda en las que nunca ha dejado de creer y confiar, de entrenar en el coso soriano de la calle San Benito.<\/p>\n<p>Ahora, a trav\u00e9s de Rafa Camino, ha conseguido llegar a Madrid, un largo viaje que de una manera u otra va a cambiar su vida. Su sue\u00f1o es que sea la primera de muchas tardes en Las Ventas, y el reinicio de una carrera en la que cada temporada puede presentarse en varias plazas. De su temple y de sus dos rivales depender\u00e1 todo ello, y de c\u00f3mo encaje su manera \u00fanica de torear en los varios miles de aficionados que estar\u00e1n el domingo en las gradas. Tres d\u00e9cadas despu\u00e9s de las \u00faltimas tardes de Jos\u00e9 Luis Palomar, Soria volver\u00e1 a tener un torero en Madrid.<\/p>\n","protected":false},"excerpt":{"rendered":"COMPRAR ENTRADAS D\u00eda hist\u00f3rico para la tauromaquia de Soria este domingo 28 de septiembre. Rub\u00e9n Sanz Carazo, 47&hellip;\n","protected":false},"author":2,"featured_media":135655,"comment_status":"","ping_status":"","sticky":false,"template":"","format":"standard","meta":{"footnotes":""},"categories":[277],"tags":[373,168,25,24,492,23,167,374,444],"class_list":{"0":"post-135654","1":"post","2":"type-post","3":"status-publish","4":"format-standard","5":"has-post-thumbnail","7":"category-toreo","8":"tag-bullfighting","9":"tag-deportes","10":"tag-es","11":"tag-espana","12":"tag-sociedad","13":"tag-spain","14":"tag-sports","15":"tag-toreo","16":"tag-toros"},"share_on_mastodon":{"url":"","error":""},"_links":{"self":[{"href":"https:\/\/www.europesays.com\/es\/wp-json\/wp\/v2\/posts\/135654","targetHints":{"allow":["GET"]}}],"collection":[{"href":"https:\/\/www.europesays.com\/es\/wp-json\/wp\/v2\/posts"}],"about":[{"href":"https:\/\/www.europesays.com\/es\/wp-json\/wp\/v2\/types\/post"}],"author":[{"embeddable":true,"href":"https:\/\/www.europesays.com\/es\/wp-json\/wp\/v2\/users\/2"}],"replies":[{"embeddable":true,"href":"https:\/\/www.europesays.com\/es\/wp-json\/wp\/v2\/comments?post=135654"}],"version-history":[{"count":0,"href":"https:\/\/www.europesays.com\/es\/wp-json\/wp\/v2\/posts\/135654\/revisions"}],"wp:featuredmedia":[{"embeddable":true,"href":"https:\/\/www.europesays.com\/es\/wp-json\/wp\/v2\/media\/135655"}],"wp:attachment":[{"href":"https:\/\/www.europesays.com\/es\/wp-json\/wp\/v2\/media?parent=135654"}],"wp:term":[{"taxonomy":"category","embeddable":true,"href":"https:\/\/www.europesays.com\/es\/wp-json\/wp\/v2\/categories?post=135654"},{"taxonomy":"post_tag","embeddable":true,"href":"https:\/\/www.europesays.com\/es\/wp-json\/wp\/v2\/tags?post=135654"}],"curies":[{"name":"wp","href":"https:\/\/api.w.org\/{rel}","templated":true}]}}