{"id":135660,"date":"2025-09-24T12:33:08","date_gmt":"2025-09-24T12:33:08","guid":{"rendered":"https:\/\/www.europesays.com\/es\/135660\/"},"modified":"2025-09-24T12:33:08","modified_gmt":"2025-09-24T12:33:08","slug":"pide-compartirlo-y-casi-100-millones","status":"publish","type":"post","link":"https:\/\/www.europesays.com\/es\/135660\/","title":{"rendered":"pide compartirlo y casi 100 millones"},"content":{"rendered":"<p><strong>La fe de Felipe Massa<\/strong> mueve monta\u00f1as y <strong>persigue un campeonato del mundo de F\u00f3rmula 1<\/strong>. Concretamente, el del a\u00f1o 2008 que levant\u00f3 Lewis Hamilton por un punto y que el brasile\u00f1o lleva m\u00e1s de un a\u00f1o reclamando ante la Justicia. En apenas unas semanas, <strong>en octubre en Londres, se conocer\u00e1 el veredicto del pleito que interpuso el expiloto para reclamar el t\u00edtulo<\/strong> que considera suyo. Conforme se acerca el momento del juicio, <strong>el optimismo crece alrededor de Massa<\/strong> para adjudicarse un Mundial que consideran suyo. Seg\u00fan ha podido averiguar este medio, su entorno cree que lo m\u00e1s justo ser\u00eda <strong>\u00abdividir el t\u00edtulo con Lewis (Hamilton)\u00bb<\/strong>. Aunque la historia no termina ah\u00ed.<\/p>\n<p>El expiloto de Ferrari, que ser\u00e1 representado en el Tribunal de Justicia de Londres en unos d\u00edas por Nick de Marco, recuerda p\u00fablicamente cada cierto tiempo que es campe\u00f3n del mundo de F\u00f3rmula 1 de la temporada 2008 debido a <strong>aquel nefasto \u2018Crashgate\u2019 de Singapur<\/strong> que orquest\u00f3 Flavio Briatore. La demanda de Massa va contra la Federaci\u00f3n Internacional de Automovilismo (FIA), Formula One Management (FOM) y el exjefe de la categor\u00eda Bernie Ecclestone, de 94 a\u00f1os ahora.<strong> Todas las partes niegan los hechos de aquel esc\u00e1ndalo<\/strong> dejaron al magnate italiano con una sanci\u00f3n de por vida que termin\u00f3 siendo revocada.<\/p>\n<p>El brasile\u00f1o, ganador de once carreras en F\u00f3rmula 1, entiende que si se hubiera anulado aquella carrera ama\u00f1ada en Singapur donde se orden\u00f3 a Nelson Piquet que se estrellara contra el muro, tendr\u00eda un Mundial en sus vitrinas. <strong>\u00bfQu\u00e9 reclama entonces Massa?<\/strong> Respecto a <strong>adjudicarse el t\u00edtulo del a\u00f1o 2008<\/strong>, en su entorno <strong>se respira m\u00e1s optimismo que nunca<\/strong> cuando resta muy poco para que se celebre el juicio en Londres. <strong>\u00abEst\u00e1n con bastante esperanza\u00bb<\/strong>, expresa una fuente cercana al brasile\u00f1o a este medio.<\/p>\n<p>\u00bfCompartir el Mundial?<\/p>\n<p>No obstante, est\u00e1n <strong>abiertos a una alternativa<\/strong> si es que la Justicia la considera: <strong>compartir el campeonato con Hamilton<\/strong>. Ser\u00eda un hecho in\u00e9dito en la historia de la F\u00f3rmula 1 pero el expiloto, de 44 a\u00f1os, y su entorno contemplan la posibilidad y la ponen sobre la mesa: <strong>\u00abLo m\u00e1s justo es que se divida el Mundial con Lewis, \u00e9l no tuvo nada que ver\u00bb<\/strong>. Recuerdan que el heptacampe\u00f3n no tuvo ninguna responsabilidad en aquella carrera de Singapur y <strong>le eximen de cualquier tipo de culpa<\/strong>, de ah\u00ed que consideren que dividir el campeonato ser\u00eda lo m\u00e1s justo. <strong>Arrebat\u00e1rselo no tendr\u00eda sentido<\/strong>. Su petici\u00f3n no queda ah\u00ed y tambi\u00e9n reclaman, por cierto, <strong>una cantidad econ\u00f3mica<\/strong> por los perjuicios ocasionados.<\/p>\n<p>The Times ha avanzado que la cifra rondaba los 82 millones de d\u00f3lares (70 millones de euros) pero es m\u00e1s elevada, seg\u00fan ha podido conocer Grada3. La cantidad que exige Massa a la Justicia ronda los <strong>100 millones de euros<\/strong>, fruto de todo el dinero que ha dejado de ganar el brasile\u00f1o con el paso del tiempo, diecisiete a\u00f1os, por no hab\u00e9rsele adjudicado aquel Mundial. La cifra impone porque cuenta <strong>posibles patrocinadores, actividades de marketing y dem\u00e1s operaciones similares que no se han dado y que s\u00ed que habr\u00edan hecho acto de presencia en la vida del brasile\u00f1o en caso de haber sido campe\u00f3n<\/strong>. Restan semanas para conocer si Hamilton cuenta con un Mundial menos, si lo comparte con Massa, si el expiloto de Ferrari introduce el t\u00edtulo en sus vitrinas, si se marcha con una compensaci\u00f3n econ\u00f3mica o con las manos vac\u00edas. El pleito afronta su <strong>recta final.<\/strong><\/p>\n","protected":false},"excerpt":{"rendered":"La fe de Felipe Massa mueve monta\u00f1as y persigue un campeonato del mundo de F\u00f3rmula 1. Concretamente, el&hellip;\n","protected":false},"author":2,"featured_media":135661,"comment_status":"","ping_status":"","sticky":false,"template":"","format":"standard","meta":{"footnotes":""},"categories":[270],"tags":[168,25,24,306,271,272,23,167],"class_list":{"0":"post-135660","1":"post","2":"type-post","3":"status-publish","4":"format-standard","5":"has-post-thumbnail","7":"category-formula-1","8":"tag-deportes","9":"tag-es","10":"tag-espana","11":"tag-f1","12":"tag-formula-1","13":"tag-formula1","14":"tag-spain","15":"tag-sports"},"share_on_mastodon":{"url":"","error":""},"_links":{"self":[{"href":"https:\/\/www.europesays.com\/es\/wp-json\/wp\/v2\/posts\/135660","targetHints":{"allow":["GET"]}}],"collection":[{"href":"https:\/\/www.europesays.com\/es\/wp-json\/wp\/v2\/posts"}],"about":[{"href":"https:\/\/www.europesays.com\/es\/wp-json\/wp\/v2\/types\/post"}],"author":[{"embeddable":true,"href":"https:\/\/www.europesays.com\/es\/wp-json\/wp\/v2\/users\/2"}],"replies":[{"embeddable":true,"href":"https:\/\/www.europesays.com\/es\/wp-json\/wp\/v2\/comments?post=135660"}],"version-history":[{"count":0,"href":"https:\/\/www.europesays.com\/es\/wp-json\/wp\/v2\/posts\/135660\/revisions"}],"wp:featuredmedia":[{"embeddable":true,"href":"https:\/\/www.europesays.com\/es\/wp-json\/wp\/v2\/media\/135661"}],"wp:attachment":[{"href":"https:\/\/www.europesays.com\/es\/wp-json\/wp\/v2\/media?parent=135660"}],"wp:term":[{"taxonomy":"category","embeddable":true,"href":"https:\/\/www.europesays.com\/es\/wp-json\/wp\/v2\/categories?post=135660"},{"taxonomy":"post_tag","embeddable":true,"href":"https:\/\/www.europesays.com\/es\/wp-json\/wp\/v2\/tags?post=135660"}],"curies":[{"name":"wp","href":"https:\/\/api.w.org\/{rel}","templated":true}]}}